{"id":9270,"date":"2026-08-30T18:36:56","date_gmt":"2026-08-30T16:36:56","guid":{"rendered":"https:\/\/fcbuetschwil.ch\/neu\/?p=9270"},"modified":"2026-08-30T18:36:58","modified_gmt":"2026-08-30T16:36:58","slug":"matchbericht-ff-toggenburg-1-vs-gc-frauenfussball","status":"publish","type":"post","link":"https:\/\/fcbuetschwil.ch\/neu\/matchbericht-ff-toggenburg-1-vs-gc-frauenfussball\/","title":{"rendered":"Matchbericht FF Toggenburg 1 vs. GC Frauenfussball"},"content":{"rendered":"\n<p><\/p>\n\n\n\n<p>Link zum Spielbericht: <a href=\"https:\/\/www.tagblatt.ch\/ostschweiz\/toggenburg\/grasshoppers-gewinnen-cupspiel-gegen-ff-toggenburg-70-ld.4221168\" data-type=\"URL\" data-id=\"https:\/\/www.tagblatt.ch\/ostschweiz\/toggenburg\/grasshoppers-gewinnen-cupspiel-gegen-ff-toggenburg-70-ld.4221168\">Es war innerlich wie eine Explosion\u00bb: Spezielle Gef\u00fchle bei FF Toggenburg gegen GC<\/a><\/p>\n\n\n\n<p>Link zum Matchtelegramm:&nbsp;<a href=\"https:\/\/matchcenter.ofv.swiss\/default.aspx?oid=9&amp;lng=1&amp;v=1699&amp;t=60470&amp;sg=70180&amp;ls=25765&amp;tg=4316455\" data-type=\"URL\" data-id=\"https:\/\/matchcenter.ofv.swiss\/default.aspx?oid=9&amp;lng=1&amp;v=1699&amp;t=60470&amp;sg=70180&amp;ls=25765&amp;tg=4316455\">Fussballverband &#8211; Matchcenter (ofv.swiss)<\/a><\/p>\n\n\n\n<figure class=\"wp-block-image size-large\"><img loading=\"lazy\" width=\"1024\" height=\"683\" src=\"https:\/\/fcbuetschwil.ch\/neu\/wp-content\/uploads\/2026\/08\/DSC04192-1-1024x683.jpg\" alt=\"\" class=\"wp-image-9285\" srcset=\"https:\/\/fcbuetschwil.ch\/neu\/wp-content\/uploads\/2026\/08\/DSC04192-1-1024x683.jpg 1024w, https:\/\/fcbuetschwil.ch\/neu\/wp-content\/uploads\/2026\/08\/DSC04192-1-1000x667.jpg 1000w, https:\/\/fcbuetschwil.ch\/neu\/wp-content\/uploads\/2026\/08\/DSC04192-1-768x512.jpg 768w, https:\/\/fcbuetschwil.ch\/neu\/wp-content\/uploads\/2026\/08\/DSC04192-1-391x260.jpg 391w, https:\/\/fcbuetschwil.ch\/neu\/wp-content\/uploads\/2026\/08\/DSC04192-1-1536x1024.jpg 1536w, https:\/\/fcbuetschwil.ch\/neu\/wp-content\/uploads\/2026\/08\/DSC04192-1-2048x1365.jpg 2048w, https:\/\/fcbuetschwil.ch\/neu\/wp-content\/uploads\/2026\/08\/DSC04192-1-930x620.jpg 930w\" sizes=\"(max-width: 1024px) 100vw, 1024px\" \/><\/figure>\n\n\n\n<figure class=\"wp-block-image size-large\"><img loading=\"lazy\" width=\"1024\" height=\"683\" src=\"https:\/\/fcbuetschwil.ch\/neu\/wp-content\/uploads\/2026\/08\/DSC04221-1024x683.jpg\" alt=\"\" class=\"wp-image-9274\" srcset=\"https:\/\/fcbuetschwil.ch\/neu\/wp-content\/uploads\/2026\/08\/DSC04221-1024x683.jpg 1024w, https:\/\/fcbuetschwil.ch\/neu\/wp-content\/uploads\/2026\/08\/DSC04221-1000x667.jpg 1000w, https:\/\/fcbuetschwil.ch\/neu\/wp-content\/uploads\/2026\/08\/DSC04221-768x512.jpg 768w, https:\/\/fcbuetschwil.ch\/neu\/wp-content\/uploads\/2026\/08\/DSC04221-391x260.jpg 391w, https:\/\/fcbuetschwil.ch\/neu\/wp-content\/uploads\/2026\/08\/DSC04221-1536x1024.jpg 1536w, https:\/\/fcbuetschwil.ch\/neu\/wp-content\/uploads\/2026\/08\/DSC04221-2048x1366.jpg 2048w, https:\/\/fcbuetschwil.ch\/neu\/wp-content\/uploads\/2026\/08\/DSC04221-930x620.jpg 930w\" sizes=\"(max-width: 1024px) 100vw, 1024px\" \/><\/figure>\n\n\n\n<figure class=\"wp-container-2 wp-block-gallery-1 wp-block-gallery has-nested-images columns-default is-cropped\">\n<figure class=\"wp-block-image size-large\"><img loading=\"lazy\" width=\"1024\" height=\"683\" data-id=\"9276\"  src=\"https:\/\/fcbuetschwil.ch\/neu\/wp-content\/uploads\/2026\/08\/DSC06250-1024x683.jpg\" alt=\"\" class=\"wp-image-9276\" srcset=\"https:\/\/fcbuetschwil.ch\/neu\/wp-content\/uploads\/2026\/08\/DSC06250-1024x683.jpg 1024w, https:\/\/fcbuetschwil.ch\/neu\/wp-content\/uploads\/2026\/08\/DSC06250-1000x667.jpg 1000w, https:\/\/fcbuetschwil.ch\/neu\/wp-content\/uploads\/2026\/08\/DSC06250-768x512.jpg 768w, https:\/\/fcbuetschwil.ch\/neu\/wp-content\/uploads\/2026\/08\/DSC06250-391x260.jpg 391w, https:\/\/fcbuetschwil.ch\/neu\/wp-content\/uploads\/2026\/08\/DSC06250-1536x1024.jpg 1536w, https:\/\/fcbuetschwil.ch\/neu\/wp-content\/uploads\/2026\/08\/DSC06250-2048x1366.jpg 2048w, https:\/\/fcbuetschwil.ch\/neu\/wp-content\/uploads\/2026\/08\/DSC06250-930x620.jpg 930w\" sizes=\"(max-width: 1024px) 100vw, 1024px\" \/><\/figure>\n<\/figure>\n\n\n\n<figure class=\"wp-container-4 wp-block-gallery-3 wp-block-gallery has-nested-images columns-default is-cropped\">\n<figure class=\"wp-block-image size-large\"><img loading=\"lazy\" width=\"1024\" height=\"683\" data-id=\"9278\"  src=\"https:\/\/fcbuetschwil.ch\/neu\/wp-content\/uploads\/2026\/08\/DSC05117-1024x683.jpg\" alt=\"\" class=\"wp-image-9278\" srcset=\"https:\/\/fcbuetschwil.ch\/neu\/wp-content\/uploads\/2026\/08\/DSC05117-1024x683.jpg 1024w, https:\/\/fcbuetschwil.ch\/neu\/wp-content\/uploads\/2026\/08\/DSC05117-1000x667.jpg 1000w, https:\/\/fcbuetschwil.ch\/neu\/wp-content\/uploads\/2026\/08\/DSC05117-768x512.jpg 768w, https:\/\/fcbuetschwil.ch\/neu\/wp-content\/uploads\/2026\/08\/DSC05117-391x260.jpg 391w, https:\/\/fcbuetschwil.ch\/neu\/wp-content\/uploads\/2026\/08\/DSC05117-1536x1024.jpg 1536w, https:\/\/fcbuetschwil.ch\/neu\/wp-content\/uploads\/2026\/08\/DSC05117-2048x1366.jpg 2048w, https:\/\/fcbuetschwil.ch\/neu\/wp-content\/uploads\/2026\/08\/DSC05117-930x620.jpg 930w\" sizes=\"(max-width: 1024px) 100vw, 1024px\" \/><\/figure>\n\n\n\n<figure class=\"wp-block-image size-large\"><img loading=\"lazy\" width=\"1024\" height=\"683\" data-id=\"9279\"  src=\"https:\/\/fcbuetschwil.ch\/neu\/wp-content\/uploads\/2026\/08\/DSC04151-1024x683.jpg\" alt=\"\" class=\"wp-image-9279\" srcset=\"https:\/\/fcbuetschwil.ch\/neu\/wp-content\/uploads\/2026\/08\/DSC04151-1024x683.jpg 1024w, https:\/\/fcbuetschwil.ch\/neu\/wp-content\/uploads\/2026\/08\/DSC04151-1000x667.jpg 1000w, https:\/\/fcbuetschwil.ch\/neu\/wp-content\/uploads\/2026\/08\/DSC04151-768x512.jpg 768w, https:\/\/fcbuetschwil.ch\/neu\/wp-content\/uploads\/2026\/08\/DSC04151-391x260.jpg 391w, https:\/\/fcbuetschwil.ch\/neu\/wp-content\/uploads\/2026\/08\/DSC04151-1536x1024.jpg 1536w, https:\/\/fcbuetschwil.ch\/neu\/wp-content\/uploads\/2026\/08\/DSC04151-2048x1366.jpg 2048w, https:\/\/fcbuetschwil.ch\/neu\/wp-content\/uploads\/2026\/08\/DSC04151-930x620.jpg 930w\" sizes=\"(max-width: 1024px) 100vw, 1024px\" \/><\/figure>\n\n\n\n<figure class=\"wp-block-image size-large\"><img loading=\"lazy\" width=\"1024\" height=\"683\" data-id=\"9280\"  src=\"https:\/\/fcbuetschwil.ch\/neu\/wp-content\/uploads\/2026\/08\/DSC06379-1024x683.jpg\" alt=\"\" class=\"wp-image-9280\" srcset=\"https:\/\/fcbuetschwil.ch\/neu\/wp-content\/uploads\/2026\/08\/DSC06379-1024x683.jpg 1024w, https:\/\/fcbuetschwil.ch\/neu\/wp-content\/uploads\/2026\/08\/DSC06379-1000x667.jpg 1000w, https:\/\/fcbuetschwil.ch\/neu\/wp-content\/uploads\/2026\/08\/DSC06379-768x512.jpg 768w, https:\/\/fcbuetschwil.ch\/neu\/wp-content\/uploads\/2026\/08\/DSC06379-391x260.jpg 391w, https:\/\/fcbuetschwil.ch\/neu\/wp-content\/uploads\/2026\/08\/DSC06379-1536x1024.jpg 1536w, https:\/\/fcbuetschwil.ch\/neu\/wp-content\/uploads\/2026\/08\/DSC06379-2048x1365.jpg 2048w, https:\/\/fcbuetschwil.ch\/neu\/wp-content\/uploads\/2026\/08\/DSC06379-930x620.jpg 930w\" sizes=\"(max-width: 1024px) 100vw, 1024px\" \/><\/figure>\n\n\n\n<figure class=\"wp-block-image size-large\"><img loading=\"lazy\" width=\"1024\" height=\"683\" data-id=\"9281\"  src=\"https:\/\/fcbuetschwil.ch\/neu\/wp-content\/uploads\/2026\/08\/DSC05106-1-1024x683.jpg\" alt=\"\" class=\"wp-image-9281\" srcset=\"https:\/\/fcbuetschwil.ch\/neu\/wp-content\/uploads\/2026\/08\/DSC05106-1-1024x683.jpg 1024w, https:\/\/fcbuetschwil.ch\/neu\/wp-content\/uploads\/2026\/08\/DSC05106-1-1000x667.jpg 1000w, https:\/\/fcbuetschwil.ch\/neu\/wp-content\/uploads\/2026\/08\/DSC05106-1-768x512.jpg 768w, https:\/\/fcbuetschwil.ch\/neu\/wp-content\/uploads\/2026\/08\/DSC05106-1-391x260.jpg 391w, https:\/\/fcbuetschwil.ch\/neu\/wp-content\/uploads\/2026\/08\/DSC05106-1-1536x1024.jpg 1536w, https:\/\/fcbuetschwil.ch\/neu\/wp-content\/uploads\/2026\/08\/DSC05106-1-2048x1366.jpg 2048w, https:\/\/fcbuetschwil.ch\/neu\/wp-content\/uploads\/2026\/08\/DSC05106-1-930x620.jpg 930w\" sizes=\"(max-width: 1024px) 100vw, 1024px\" \/><\/figure>\n\n\n\n<figure class=\"wp-block-image size-large\"><img loading=\"lazy\" width=\"1024\" height=\"683\" data-id=\"9282\"  src=\"https:\/\/fcbuetschwil.ch\/neu\/wp-content\/uploads\/2026\/08\/DSC05250-1024x683.jpg\" alt=\"\" class=\"wp-image-9282\" srcset=\"https:\/\/fcbuetschwil.ch\/neu\/wp-content\/uploads\/2026\/08\/DSC05250-1024x683.jpg 1024w, https:\/\/fcbuetschwil.ch\/neu\/wp-content\/uploads\/2026\/08\/DSC05250-1000x667.jpg 1000w, https:\/\/fcbuetschwil.ch\/neu\/wp-content\/uploads\/2026\/08\/DSC05250-768x512.jpg 768w, https:\/\/fcbuetschwil.ch\/neu\/wp-content\/uploads\/2026\/08\/DSC05250-391x260.jpg 391w, https:\/\/fcbuetschwil.ch\/neu\/wp-content\/uploads\/2026\/08\/DSC05250-1536x1024.jpg 1536w, https:\/\/fcbuetschwil.ch\/neu\/wp-content\/uploads\/2026\/08\/DSC05250-2048x1365.jpg 2048w, https:\/\/fcbuetschwil.ch\/neu\/wp-content\/uploads\/2026\/08\/DSC05250-930x620.jpg 930w\" sizes=\"(max-width: 1024px) 100vw, 1024px\" \/><\/figure>\n<\/figure>\n\n\n\n<figure class=\"wp-block-image size-large\"><img loading=\"lazy\" width=\"1024\" height=\"683\" src=\"https:\/\/fcbuetschwil.ch\/neu\/wp-content\/uploads\/2026\/08\/DSC05307-1024x683.jpg\" alt=\"\" class=\"wp-image-9283\" srcset=\"https:\/\/fcbuetschwil.ch\/neu\/wp-content\/uploads\/2026\/08\/DSC05307-1024x683.jpg 1024w, https:\/\/fcbuetschwil.ch\/neu\/wp-content\/uploads\/2026\/08\/DSC05307-1000x667.jpg 1000w, https:\/\/fcbuetschwil.ch\/neu\/wp-content\/uploads\/2026\/08\/DSC05307-768x512.jpg 768w, https:\/\/fcbuetschwil.ch\/neu\/wp-content\/uploads\/2026\/08\/DSC05307-391x260.jpg 391w, https:\/\/fcbuetschwil.ch\/neu\/wp-content\/uploads\/2026\/08\/DSC05307-1536x1024.jpg 1536w, https:\/\/fcbuetschwil.ch\/neu\/wp-content\/uploads\/2026\/08\/DSC05307-2048x1366.jpg 2048w, https:\/\/fcbuetschwil.ch\/neu\/wp-content\/uploads\/2026\/08\/DSC05307-930x620.jpg 930w\" sizes=\"(max-width: 1024px) 100vw, 1024px\" \/><\/figure>\n","protected":false},"excerpt":{"rendered":"<p>Link zum Spielbericht: Es war innerlich wie eine Explosion\u00bb: Spezielle Gef\u00fchle bei FF Toggenburg gegen GC Link zum Matchtelegramm:&nbsp;Fussballverband &#8211; Matchcenter (ofv.swiss)<\/p>\n","protected":false},"author":8,"featured_media":9273,"comment_status":"open","ping_status":"open","sticky":false,"template":"","format":"standard","meta":{"inline_featured_image":false,"_mi_skip_tracking":false,"kia_subtitle":"FF Toggenburg verliert das Cupspiel gegen GC Frauenfussball mit 0:7. Die Toggenburgerinnen konnten sich gegen die G\u00e4ste aus Z\u00fcrich zwar zur Wehr setzten, dennoch konnten die Z\u00fcrcherinnen ihre Klasse nutzen und sich einen klaren Sieg erarbeiten. Highlight aus Sicht der Toggenburgerinnen war sicherlich der von Torh\u00fcterin Michaela Clerc gehaltene Elfmeter.","neve_meta_sidebar":"","neve_meta_container":"","neve_meta_enable_content_width":"","neve_meta_content_width":0,"neve_meta_title_alignment":"","neve_meta_author_avatar":"","neve_post_elements_order":"","neve_meta_disable_header":"","neve_meta_disable_footer":"","neve_meta_disable_title":""},"categories":[3],"tags":[],"_links":{"self":[{"href":"https:\/\/fcbuetschwil.ch\/neu\/wp-json\/wp\/v2\/posts\/9270"}],"collection":[{"href":"https:\/\/fcbuetschwil.ch\/neu\/wp-json\/wp\/v2\/posts"}],"about":[{"href":"https:\/\/fcbuetschwil.ch\/neu\/wp-json\/wp\/v2\/types\/post"}],"author":[{"embeddable":true,"href":"https:\/\/fcbuetschwil.ch\/neu\/wp-json\/wp\/v2\/users\/8"}],"replies":[{"embeddable":true,"href":"https:\/\/fcbuetschwil.ch\/neu\/wp-json\/wp\/v2\/comments?post=9270"}],"version-history":[{"count":3,"href":"https:\/\/fcbuetschwil.ch\/neu\/wp-json\/wp\/v2\/posts\/9270\/revisions"}],"predecessor-version":[{"id":9287,"href":"https:\/\/fcbuetschwil.ch\/neu\/wp-json\/wp\/v2\/posts\/9270\/revisions\/9287"}],"wp:featuredmedia":[{"embeddable":true,"href":"https:\/\/fcbuetschwil.ch\/neu\/wp-json\/wp\/v2\/media\/9273"}],"wp:attachment":[{"href":"https:\/\/fcbuetschwil.ch\/neu\/wp-json\/wp\/v2\/media?parent=9270"}],"wp:term":[{"taxonomy":"category","embeddable":true,"href":"https:\/\/fcbuetschwil.ch\/neu\/wp-json\/wp\/v2\/categories?post=9270"},{"taxonomy":"post_tag","embeddable":true,"href":"https:\/\/fcbuetschwil.ch\/neu\/wp-json\/wp\/v2\/tags?post=9270"}],"curies":[{"name":"wp","href":"https:\/\/api.w.org\/{rel}","templated":true}]}}