{"id":8885,"date":"2026-03-07T18:22:02","date_gmt":"2026-03-07T16:22:02","guid":{"rendered":"https:\/\/fcbuetschwil.ch\/neu\/?p=8885"},"modified":"2026-03-07T19:30:13","modified_gmt":"2026-03-07T17:30:13","slug":"trainingslager-aeaes-tag-6-abreise","status":"publish","type":"post","link":"https:\/\/fcbuetschwil.ch\/neu\/trainingslager-aeaes-tag-6-abreise\/","title":{"rendered":"Trainingslager \u00c4\u00e4s &#8211; Tag 6 + Abreise"},"content":{"rendered":"\n<p>Der Wanderpokal blieb am letzten Tag leider ohne Besitzer. Sportlich ging es dennoch intensiv weiter: Am Morgen stand eine weitere Trainingseinheit auf dem Programm.<\/p>\n\n\n\n<p>Am Nachmittag kam es dann zur mit Spannung erwarteten Revanche Jung gegen Alt. Die erfahrene Fraktion liess diesmal nichts anbrennen und setzte sich klar mit 4:0 durch. Sehr zu Freuden des \u201eVerr\u00e4ters&#8220; Leandro E. Der zuvor noch als Captain der Jungen aufgelaufene wechselte n\u00e4mlich \u00e0 la Luis Figo die Seiten.<\/p>\n\n\n\n<p>Am Abend hiess es dann Abschied nehmen vom Trainingslager: Mit dem Car ging es Richtung M\u00e1laga. Dort stand zun\u00e4chst ein gemeinsames Abendessen im Steakhouse auf dem Programm, bevor die letzte Zimmerchallenge des Lagers anstand. Beim&nbsp;&nbsp;M\u00fcnzwurf wurde das&nbsp;&nbsp;Verliererteam bestimmt \u2013 mit der Konsequenz, dass sie auf dem Heimflug einige von uns ausgew\u00e4hlte Kleidungsst\u00fccke tragen m\u00fcssen (unter anderem Bademantel, Pyjama und \u00e4hnliche modische Highlights).<\/p>\n\n\n\n<p>Nach der Entscheidung wurde der Abend noch mit einer ordentlichen Portion Karaoke abgerundet \u2013 speziell f\u00fcr die Hamburger Fraktion bestehend aus Robin Z., Alessio T., Lenny S. und den G\u00e4\u00e4ssbergzwillingen Rafi und Flavio G.<\/p>\n\n\n\n<p>Nach einer langen und unterhaltsamen Nacht ging es schliesslich fr\u00fch zum Flughafen: Abflug um 05:30 Uhr Richtung Heimat. Ein w\u00fcrdiger Abschluss eines sicherlich unvergesslichen Trainingslagers.<\/p>\n\n\n\n<p>Im Namen des Herren \u00c4\u00e4s bedanken wir uns vielmals beim gesamten Staff sowie der Lagerleitung Noah O. f\u00fcr die Organisation des diesj\u00e4hrigen Trainingslagers. Ohne sie w\u00e4re dies alles nicht m\u00f6glich gewesen.<\/p>\n\n\n\n<p>Vielen Dank f\u00fcrs Mitlesen und auf eine erfolgreiche R\u00fcckrunde!<\/p>\n\n\n\n<p>Lagerredaktion 2026 &#8211; Claudio B. und Cyril S.<\/p>\n\n\n\n<figure class=\"wp-container-2 wp-block-gallery-1 wp-block-gallery has-nested-images columns-default is-cropped\">\n<figure class=\"wp-block-image size-large\"><img loading=\"lazy\" width=\"1024\" height=\"768\" data-id=\"8898\"  src=\"https:\/\/fcbuetschwil.ch\/neu\/wp-content\/uploads\/2026\/03\/e0b8efcc-c54e-49ce-8018-1832555083c9-1-1024x768.jpeg\" alt=\"\" class=\"wp-image-8898\" srcset=\"https:\/\/fcbuetschwil.ch\/neu\/wp-content\/uploads\/2026\/03\/e0b8efcc-c54e-49ce-8018-1832555083c9-1-1024x768.jpeg 1024w, https:\/\/fcbuetschwil.ch\/neu\/wp-content\/uploads\/2026\/03\/e0b8efcc-c54e-49ce-8018-1832555083c9-1-1000x750.jpeg 1000w, https:\/\/fcbuetschwil.ch\/neu\/wp-content\/uploads\/2026\/03\/e0b8efcc-c54e-49ce-8018-1832555083c9-1-768x576.jpeg 768w, https:\/\/fcbuetschwil.ch\/neu\/wp-content\/uploads\/2026\/03\/e0b8efcc-c54e-49ce-8018-1832555083c9-1-1536x1152.jpeg 1536w, https:\/\/fcbuetschwil.ch\/neu\/wp-content\/uploads\/2026\/03\/e0b8efcc-c54e-49ce-8018-1832555083c9-1.jpeg 2048w\" sizes=\"(max-width: 1024px) 100vw, 1024px\" \/><\/figure>\n\n\n\n<figure class=\"wp-block-image size-large\"><img loading=\"lazy\" width=\"1024\" height=\"768\" data-id=\"8899\"  src=\"https:\/\/fcbuetschwil.ch\/neu\/wp-content\/uploads\/2026\/03\/6dfbef48-4097-4c41-9a58-55b6c30e590b-1-1024x768.jpeg\" alt=\"\" class=\"wp-image-8899\" srcset=\"https:\/\/fcbuetschwil.ch\/neu\/wp-content\/uploads\/2026\/03\/6dfbef48-4097-4c41-9a58-55b6c30e590b-1-1024x768.jpeg 1024w, https:\/\/fcbuetschwil.ch\/neu\/wp-content\/uploads\/2026\/03\/6dfbef48-4097-4c41-9a58-55b6c30e590b-1-1000x750.jpeg 1000w, https:\/\/fcbuetschwil.ch\/neu\/wp-content\/uploads\/2026\/03\/6dfbef48-4097-4c41-9a58-55b6c30e590b-1-768x576.jpeg 768w, https:\/\/fcbuetschwil.ch\/neu\/wp-content\/uploads\/2026\/03\/6dfbef48-4097-4c41-9a58-55b6c30e590b-1-1536x1152.jpeg 1536w, https:\/\/fcbuetschwil.ch\/neu\/wp-content\/uploads\/2026\/03\/6dfbef48-4097-4c41-9a58-55b6c30e590b-1.jpeg 1600w\" sizes=\"(max-width: 1024px) 100vw, 1024px\" \/><\/figure>\n\n\n\n<figure class=\"wp-block-image size-large\"><img loading=\"lazy\" width=\"768\" height=\"1024\" data-id=\"8900\"  src=\"https:\/\/fcbuetschwil.ch\/neu\/wp-content\/uploads\/2026\/03\/IMG_2295-1-768x1024.jpeg\" alt=\"\" class=\"wp-image-8900\" srcset=\"https:\/\/fcbuetschwil.ch\/neu\/wp-content\/uploads\/2026\/03\/IMG_2295-1-768x1024.jpeg 768w, https:\/\/fcbuetschwil.ch\/neu\/wp-content\/uploads\/2026\/03\/IMG_2295-1-750x1000.jpeg 750w, https:\/\/fcbuetschwil.ch\/neu\/wp-content\/uploads\/2026\/03\/IMG_2295-1-300x400.jpeg 300w, https:\/\/fcbuetschwil.ch\/neu\/wp-content\/uploads\/2026\/03\/IMG_2295-1-1152x1536.jpeg 1152w, https:\/\/fcbuetschwil.ch\/neu\/wp-content\/uploads\/2026\/03\/IMG_2295-1-1536x2048.jpeg 1536w, https:\/\/fcbuetschwil.ch\/neu\/wp-content\/uploads\/2026\/03\/IMG_2295-1-scaled.jpeg 1920w\" sizes=\"(max-width: 768px) 100vw, 768px\" \/><\/figure>\n\n\n\n<figure class=\"wp-block-image size-large\"><img loading=\"lazy\" width=\"768\" height=\"1024\" data-id=\"8901\"  src=\"https:\/\/fcbuetschwil.ch\/neu\/wp-content\/uploads\/2026\/03\/IMG_2302-1-768x1024.jpeg\" alt=\"\" class=\"wp-image-8901\" srcset=\"https:\/\/fcbuetschwil.ch\/neu\/wp-content\/uploads\/2026\/03\/IMG_2302-1-768x1024.jpeg 768w, https:\/\/fcbuetschwil.ch\/neu\/wp-content\/uploads\/2026\/03\/IMG_2302-1-750x1000.jpeg 750w, https:\/\/fcbuetschwil.ch\/neu\/wp-content\/uploads\/2026\/03\/IMG_2302-1-300x400.jpeg 300w, https:\/\/fcbuetschwil.ch\/neu\/wp-content\/uploads\/2026\/03\/IMG_2302-1-1152x1536.jpeg 1152w, https:\/\/fcbuetschwil.ch\/neu\/wp-content\/uploads\/2026\/03\/IMG_2302-1-1536x2048.jpeg 1536w, https:\/\/fcbuetschwil.ch\/neu\/wp-content\/uploads\/2026\/03\/IMG_2302-1-scaled.jpeg 1920w\" sizes=\"(max-width: 768px) 100vw, 768px\" \/><\/figure>\n\n\n\n<figure class=\"wp-block-image size-large\"><img loading=\"lazy\" width=\"768\" height=\"1024\" data-id=\"8902\"  src=\"https:\/\/fcbuetschwil.ch\/neu\/wp-content\/uploads\/2026\/03\/IMG_2304-1-768x1024.jpeg\" alt=\"\" class=\"wp-image-8902\" srcset=\"https:\/\/fcbuetschwil.ch\/neu\/wp-content\/uploads\/2026\/03\/IMG_2304-1-768x1024.jpeg 768w, https:\/\/fcbuetschwil.ch\/neu\/wp-content\/uploads\/2026\/03\/IMG_2304-1-750x1000.jpeg 750w, https:\/\/fcbuetschwil.ch\/neu\/wp-content\/uploads\/2026\/03\/IMG_2304-1-300x400.jpeg 300w, https:\/\/fcbuetschwil.ch\/neu\/wp-content\/uploads\/2026\/03\/IMG_2304-1-1152x1536.jpeg 1152w, https:\/\/fcbuetschwil.ch\/neu\/wp-content\/uploads\/2026\/03\/IMG_2304-1-1536x2048.jpeg 1536w, https:\/\/fcbuetschwil.ch\/neu\/wp-content\/uploads\/2026\/03\/IMG_2304-1-scaled.jpeg 1920w\" sizes=\"(max-width: 768px) 100vw, 768px\" \/><\/figure>\n\n\n\n<figure class=\"wp-block-image size-large\"><img loading=\"lazy\" width=\"768\" height=\"1024\" data-id=\"8903\"  src=\"https:\/\/fcbuetschwil.ch\/neu\/wp-content\/uploads\/2026\/03\/b29078b4-f69f-4c77-961e-64940277fd0e-1-768x1024.jpeg\" alt=\"\" class=\"wp-image-8903\" srcset=\"https:\/\/fcbuetschwil.ch\/neu\/wp-content\/uploads\/2026\/03\/b29078b4-f69f-4c77-961e-64940277fd0e-1-768x1024.jpeg 768w, https:\/\/fcbuetschwil.ch\/neu\/wp-content\/uploads\/2026\/03\/b29078b4-f69f-4c77-961e-64940277fd0e-1-750x1000.jpeg 750w, https:\/\/fcbuetschwil.ch\/neu\/wp-content\/uploads\/2026\/03\/b29078b4-f69f-4c77-961e-64940277fd0e-1-300x400.jpeg 300w, https:\/\/fcbuetschwil.ch\/neu\/wp-content\/uploads\/2026\/03\/b29078b4-f69f-4c77-961e-64940277fd0e-1-1152x1536.jpeg 1152w, https:\/\/fcbuetschwil.ch\/neu\/wp-content\/uploads\/2026\/03\/b29078b4-f69f-4c77-961e-64940277fd0e-1.jpeg 1200w\" sizes=\"(max-width: 768px) 100vw, 768px\" \/><\/figure>\n\n\n\n<figure class=\"wp-block-image size-large\"><img loading=\"lazy\" width=\"768\" height=\"1024\" data-id=\"8904\"  src=\"https:\/\/fcbuetschwil.ch\/neu\/wp-content\/uploads\/2026\/03\/fa6d783f-3558-49fa-b588-8ef4df1c0160-1-768x1024.jpeg\" alt=\"\" class=\"wp-image-8904\" srcset=\"https:\/\/fcbuetschwil.ch\/neu\/wp-content\/uploads\/2026\/03\/fa6d783f-3558-49fa-b588-8ef4df1c0160-1-768x1024.jpeg 768w, https:\/\/fcbuetschwil.ch\/neu\/wp-content\/uploads\/2026\/03\/fa6d783f-3558-49fa-b588-8ef4df1c0160-1-750x1000.jpeg 750w, https:\/\/fcbuetschwil.ch\/neu\/wp-content\/uploads\/2026\/03\/fa6d783f-3558-49fa-b588-8ef4df1c0160-1-300x400.jpeg 300w, https:\/\/fcbuetschwil.ch\/neu\/wp-content\/uploads\/2026\/03\/fa6d783f-3558-49fa-b588-8ef4df1c0160-1-1152x1536.jpeg 1152w, https:\/\/fcbuetschwil.ch\/neu\/wp-content\/uploads\/2026\/03\/fa6d783f-3558-49fa-b588-8ef4df1c0160-1.jpeg 1200w\" sizes=\"(max-width: 768px) 100vw, 768px\" \/><\/figure>\n\n\n\n<figure class=\"wp-block-image size-large\"><img loading=\"lazy\" width=\"768\" height=\"1024\" data-id=\"8905\"  src=\"https:\/\/fcbuetschwil.ch\/neu\/wp-content\/uploads\/2026\/03\/f72f79ee-2799-46ea-9993-0fe10eac15d7-1-768x1024.jpeg\" alt=\"\" class=\"wp-image-8905\" srcset=\"https:\/\/fcbuetschwil.ch\/neu\/wp-content\/uploads\/2026\/03\/f72f79ee-2799-46ea-9993-0fe10eac15d7-1-768x1024.jpeg 768w, https:\/\/fcbuetschwil.ch\/neu\/wp-content\/uploads\/2026\/03\/f72f79ee-2799-46ea-9993-0fe10eac15d7-1-750x1000.jpeg 750w, https:\/\/fcbuetschwil.ch\/neu\/wp-content\/uploads\/2026\/03\/f72f79ee-2799-46ea-9993-0fe10eac15d7-1-300x400.jpeg 300w, https:\/\/fcbuetschwil.ch\/neu\/wp-content\/uploads\/2026\/03\/f72f79ee-2799-46ea-9993-0fe10eac15d7-1-1152x1536.jpeg 1152w, https:\/\/fcbuetschwil.ch\/neu\/wp-content\/uploads\/2026\/03\/f72f79ee-2799-46ea-9993-0fe10eac15d7-1.jpeg 1200w\" sizes=\"(max-width: 768px) 100vw, 768px\" \/><\/figure>\n<\/figure>\n","protected":false},"excerpt":{"rendered":"<p>Der Wanderpokal blieb am letzten Tag leider ohne Besitzer. Sportlich ging es dennoch intensiv weiter: Am Morgen stand eine weitere Trainingseinheit auf dem Programm. Am Nachmittag kam es dann zur mit Spannung erwarteten Revanche Jung gegen Alt. Die erfahrene Fraktion liess diesmal nichts anbrennen und setzte sich klar mit 4:0 durch. Sehr zu Freuden des&hellip;&nbsp;<a href=\"https:\/\/fcbuetschwil.ch\/neu\/trainingslager-aeaes-tag-6-abreise\/\" class=\"\" rel=\"bookmark\">Weiterlesen &raquo;<span class=\"screen-reader-text\">Trainingslager \u00c4\u00e4s &#8211; Tag 6 + Abreise<\/span><\/a><\/p>\n","protected":false},"author":11,"featured_media":8895,"comment_status":"open","ping_status":"open","sticky":false,"template":"","format":"standard","meta":{"inline_featured_image":false,"_mi_skip_tracking":false,"kia_subtitle":"Marbella 2026 - 6. Tagebucheintrag","neve_meta_sidebar":"","neve_meta_container":"","neve_meta_enable_content_width":"","neve_meta_content_width":0,"neve_meta_title_alignment":"","neve_meta_author_avatar":"","neve_post_elements_order":"","neve_meta_disable_header":"","neve_meta_disable_footer":"","neve_meta_disable_title":""},"categories":[55,34],"tags":[],"_links":{"self":[{"href":"https:\/\/fcbuetschwil.ch\/neu\/wp-json\/wp\/v2\/posts\/8885"}],"collection":[{"href":"https:\/\/fcbuetschwil.ch\/neu\/wp-json\/wp\/v2\/posts"}],"about":[{"href":"https:\/\/fcbuetschwil.ch\/neu\/wp-json\/wp\/v2\/types\/post"}],"author":[{"embeddable":true,"href":"https:\/\/fcbuetschwil.ch\/neu\/wp-json\/wp\/v2\/users\/11"}],"replies":[{"embeddable":true,"href":"https:\/\/fcbuetschwil.ch\/neu\/wp-json\/wp\/v2\/comments?post=8885"}],"version-history":[{"count":4,"href":"https:\/\/fcbuetschwil.ch\/neu\/wp-json\/wp\/v2\/posts\/8885\/revisions"}],"predecessor-version":[{"id":8907,"href":"https:\/\/fcbuetschwil.ch\/neu\/wp-json\/wp\/v2\/posts\/8885\/revisions\/8907"}],"wp:featuredmedia":[{"embeddable":true,"href":"https:\/\/fcbuetschwil.ch\/neu\/wp-json\/wp\/v2\/media\/8895"}],"wp:attachment":[{"href":"https:\/\/fcbuetschwil.ch\/neu\/wp-json\/wp\/v2\/media?parent=8885"}],"wp:term":[{"taxonomy":"category","embeddable":true,"href":"https:\/\/fcbuetschwil.ch\/neu\/wp-json\/wp\/v2\/categories?post=8885"},{"taxonomy":"post_tag","embeddable":true,"href":"https:\/\/fcbuetschwil.ch\/neu\/wp-json\/wp\/v2\/tags?post=8885"}],"curies":[{"name":"wp","href":"https:\/\/api.w.org\/{rel}","templated":true}]}}