{"id":8848,"date":"2026-03-05T22:56:47","date_gmt":"2026-03-05T20:56:47","guid":{"rendered":"https:\/\/fcbuetschwil.ch\/neu\/?p=8848"},"modified":"2026-03-05T23:42:59","modified_gmt":"2026-03-05T21:42:59","slug":"trainingslager-aeaes-tag-5-2","status":"publish","type":"post","link":"https:\/\/fcbuetschwil.ch\/neu\/trainingslager-aeaes-tag-5-2\/","title":{"rendered":"Trainingslager \u00c4\u00e4s &#8211; Tag 5"},"content":{"rendered":"\n<p>Der Tag begann mit einer wenig \u00fcberraschenden Auszeichnung: Claudio B. durfte den Wanderpokal entgegennehmen. Die Entscheidung sorgte im Team kaum f\u00fcr Verwunderung und wurde einstimmig gutgeheissen.<\/p>\n\n\n\n<p>F\u00fcr das erste Training des Tages wechselten wir auf einen anderen Platz, der sich als deutlich sch\u00f6ner und in einem besseren Zustand pr\u00e4sentierte als der bisherige. Bei super Bedingungen wurde intensiv gearbeitet und zur Abwechslung kam sogar auch einmal die Sonne heraus.<\/p>\n\n\n\n<p>Am Nachmittag ging es f\u00fcr eine zweite Trainingseinheit nochmals auf denselben Platz. Im Anschluss fand die Zimmerchallenge in Form von Fussballgolf statt. F\u00fcr einen der unterhaltsamsten Momente sorgte wieder einmal Robin Z., der w\u00e4hrenddessen von der Rasensprenkleranlage \u00fcberrascht wurde und unfreiwillig eine kurze Dusche abbekam.<\/p>\n\n\n\n<p>Dies war bereits der letzte Programmpunkt. Somit r\u00fcckt der letzte Tag des Trainingslagers bereits sehr nahe heran.<\/p>\n\n\n\n<figure class=\"wp-container-2 wp-block-gallery-1 wp-block-gallery has-nested-images columns-default is-cropped\">\n<figure class=\"wp-block-image size-large\"><img data-id=\"8869\"  src=\"https:\/\/fcbuetschwil.ch\/neu\/wp-content\/uploads\/2026\/03\/IMG_2212-1-768x1024.jpeg\" alt=\"\" class=\"wp-image-8869\" \/><\/figure>\n\n\n\n<figure class=\"wp-block-image size-large\"><img loading=\"lazy\" width=\"768\" height=\"1024\" data-id=\"8868\"  src=\"https:\/\/fcbuetschwil.ch\/neu\/wp-content\/uploads\/2026\/03\/9bf272fe-134c-4051-96a0-620c0436268e-1-768x1024.jpeg\" alt=\"\" class=\"wp-image-8868\" srcset=\"https:\/\/fcbuetschwil.ch\/neu\/wp-content\/uploads\/2026\/03\/9bf272fe-134c-4051-96a0-620c0436268e-1-768x1024.jpeg 768w, https:\/\/fcbuetschwil.ch\/neu\/wp-content\/uploads\/2026\/03\/9bf272fe-134c-4051-96a0-620c0436268e-1-750x1000.jpeg 750w, https:\/\/fcbuetschwil.ch\/neu\/wp-content\/uploads\/2026\/03\/9bf272fe-134c-4051-96a0-620c0436268e-1-300x400.jpeg 300w, https:\/\/fcbuetschwil.ch\/neu\/wp-content\/uploads\/2026\/03\/9bf272fe-134c-4051-96a0-620c0436268e-1-1152x1536.jpeg 1152w, https:\/\/fcbuetschwil.ch\/neu\/wp-content\/uploads\/2026\/03\/9bf272fe-134c-4051-96a0-620c0436268e-1.jpeg 1536w\" sizes=\"(max-width: 768px) 100vw, 768px\" \/><\/figure>\n\n\n\n<figure class=\"wp-block-image size-large\"><img loading=\"lazy\" width=\"1024\" height=\"768\" data-id=\"8872\"  src=\"https:\/\/fcbuetschwil.ch\/neu\/wp-content\/uploads\/2026\/03\/21251010-f62b-494a-b59a-ba3e4f33c64a-1-1024x768.jpeg\" alt=\"\" class=\"wp-image-8872\" srcset=\"https:\/\/fcbuetschwil.ch\/neu\/wp-content\/uploads\/2026\/03\/21251010-f62b-494a-b59a-ba3e4f33c64a-1-1024x768.jpeg 1024w, https:\/\/fcbuetschwil.ch\/neu\/wp-content\/uploads\/2026\/03\/21251010-f62b-494a-b59a-ba3e4f33c64a-1-1000x750.jpeg 1000w, https:\/\/fcbuetschwil.ch\/neu\/wp-content\/uploads\/2026\/03\/21251010-f62b-494a-b59a-ba3e4f33c64a-1-768x576.jpeg 768w, https:\/\/fcbuetschwil.ch\/neu\/wp-content\/uploads\/2026\/03\/21251010-f62b-494a-b59a-ba3e4f33c64a-1-1536x1152.jpeg 1536w, https:\/\/fcbuetschwil.ch\/neu\/wp-content\/uploads\/2026\/03\/21251010-f62b-494a-b59a-ba3e4f33c64a-1.jpeg 2048w\" sizes=\"(max-width: 1024px) 100vw, 1024px\" \/><\/figure>\n\n\n\n<figure class=\"wp-block-image size-large\"><img loading=\"lazy\" width=\"1024\" height=\"576\" data-id=\"8870\"  src=\"https:\/\/fcbuetschwil.ch\/neu\/wp-content\/uploads\/2026\/03\/a2a67459-64d9-4679-a63a-83cc931024f5-1-1024x576.jpeg\" alt=\"\" class=\"wp-image-8870\" srcset=\"https:\/\/fcbuetschwil.ch\/neu\/wp-content\/uploads\/2026\/03\/a2a67459-64d9-4679-a63a-83cc931024f5-1-1024x576.jpeg 1024w, https:\/\/fcbuetschwil.ch\/neu\/wp-content\/uploads\/2026\/03\/a2a67459-64d9-4679-a63a-83cc931024f5-1-1000x563.jpeg 1000w, https:\/\/fcbuetschwil.ch\/neu\/wp-content\/uploads\/2026\/03\/a2a67459-64d9-4679-a63a-83cc931024f5-1-768x432.jpeg 768w, https:\/\/fcbuetschwil.ch\/neu\/wp-content\/uploads\/2026\/03\/a2a67459-64d9-4679-a63a-83cc931024f5-1-1536x864.jpeg 1536w, https:\/\/fcbuetschwil.ch\/neu\/wp-content\/uploads\/2026\/03\/a2a67459-64d9-4679-a63a-83cc931024f5-1.jpeg 1600w\" sizes=\"(max-width: 1024px) 100vw, 1024px\" \/><\/figure>\n\n\n\n<figure class=\"wp-block-image size-large\"><img loading=\"lazy\" width=\"1024\" height=\"576\" data-id=\"8871\"  src=\"https:\/\/fcbuetschwil.ch\/neu\/wp-content\/uploads\/2026\/03\/50f12e70-985d-43c3-864b-dad7f1ac0941-1-1024x576.jpeg\" alt=\"\" class=\"wp-image-8871\" srcset=\"https:\/\/fcbuetschwil.ch\/neu\/wp-content\/uploads\/2026\/03\/50f12e70-985d-43c3-864b-dad7f1ac0941-1-1024x576.jpeg 1024w, https:\/\/fcbuetschwil.ch\/neu\/wp-content\/uploads\/2026\/03\/50f12e70-985d-43c3-864b-dad7f1ac0941-1-1000x563.jpeg 1000w, https:\/\/fcbuetschwil.ch\/neu\/wp-content\/uploads\/2026\/03\/50f12e70-985d-43c3-864b-dad7f1ac0941-1-768x432.jpeg 768w, https:\/\/fcbuetschwil.ch\/neu\/wp-content\/uploads\/2026\/03\/50f12e70-985d-43c3-864b-dad7f1ac0941-1-1536x864.jpeg 1536w, https:\/\/fcbuetschwil.ch\/neu\/wp-content\/uploads\/2026\/03\/50f12e70-985d-43c3-864b-dad7f1ac0941-1.jpeg 1600w\" sizes=\"(max-width: 1024px) 100vw, 1024px\" \/><\/figure>\n\n\n\n<figure class=\"wp-block-image size-large\"><img loading=\"lazy\" width=\"1024\" height=\"576\" data-id=\"8873\"  src=\"https:\/\/fcbuetschwil.ch\/neu\/wp-content\/uploads\/2026\/03\/d0e449c1-68b7-4cae-863b-b5f97859b1e4-1-1024x576.jpeg\" alt=\"\" class=\"wp-image-8873\" srcset=\"https:\/\/fcbuetschwil.ch\/neu\/wp-content\/uploads\/2026\/03\/d0e449c1-68b7-4cae-863b-b5f97859b1e4-1-1024x576.jpeg 1024w, https:\/\/fcbuetschwil.ch\/neu\/wp-content\/uploads\/2026\/03\/d0e449c1-68b7-4cae-863b-b5f97859b1e4-1-1000x563.jpeg 1000w, https:\/\/fcbuetschwil.ch\/neu\/wp-content\/uploads\/2026\/03\/d0e449c1-68b7-4cae-863b-b5f97859b1e4-1-768x432.jpeg 768w, https:\/\/fcbuetschwil.ch\/neu\/wp-content\/uploads\/2026\/03\/d0e449c1-68b7-4cae-863b-b5f97859b1e4-1-1536x864.jpeg 1536w, https:\/\/fcbuetschwil.ch\/neu\/wp-content\/uploads\/2026\/03\/d0e449c1-68b7-4cae-863b-b5f97859b1e4-1.jpeg 1600w\" sizes=\"(max-width: 1024px) 100vw, 1024px\" \/><\/figure>\n\n\n\n<figure class=\"wp-block-image size-large\"><img loading=\"lazy\" width=\"1024\" height=\"576\" data-id=\"8874\"  src=\"https:\/\/fcbuetschwil.ch\/neu\/wp-content\/uploads\/2026\/03\/85e1ce8b-e244-47e5-8998-5809b820e355-1-1024x576.jpeg\" alt=\"\" class=\"wp-image-8874\" srcset=\"https:\/\/fcbuetschwil.ch\/neu\/wp-content\/uploads\/2026\/03\/85e1ce8b-e244-47e5-8998-5809b820e355-1-1024x576.jpeg 1024w, https:\/\/fcbuetschwil.ch\/neu\/wp-content\/uploads\/2026\/03\/85e1ce8b-e244-47e5-8998-5809b820e355-1-1000x563.jpeg 1000w, https:\/\/fcbuetschwil.ch\/neu\/wp-content\/uploads\/2026\/03\/85e1ce8b-e244-47e5-8998-5809b820e355-1-768x432.jpeg 768w, https:\/\/fcbuetschwil.ch\/neu\/wp-content\/uploads\/2026\/03\/85e1ce8b-e244-47e5-8998-5809b820e355-1-1536x864.jpeg 1536w, https:\/\/fcbuetschwil.ch\/neu\/wp-content\/uploads\/2026\/03\/85e1ce8b-e244-47e5-8998-5809b820e355-1.jpeg 1600w\" sizes=\"(max-width: 1024px) 100vw, 1024px\" \/><\/figure>\n\n\n\n<figure class=\"wp-block-image size-large\"><img loading=\"lazy\" width=\"576\" height=\"1024\" data-id=\"8875\"  src=\"https:\/\/fcbuetschwil.ch\/neu\/wp-content\/uploads\/2026\/03\/1adcea78-3b1a-4df5-836d-e9846ccceb49-1-576x1024.jpeg\" alt=\"\" class=\"wp-image-8875\" srcset=\"https:\/\/fcbuetschwil.ch\/neu\/wp-content\/uploads\/2026\/03\/1adcea78-3b1a-4df5-836d-e9846ccceb49-1-576x1024.jpeg 576w, https:\/\/fcbuetschwil.ch\/neu\/wp-content\/uploads\/2026\/03\/1adcea78-3b1a-4df5-836d-e9846ccceb49-1-563x1000.jpeg 563w, https:\/\/fcbuetschwil.ch\/neu\/wp-content\/uploads\/2026\/03\/1adcea78-3b1a-4df5-836d-e9846ccceb49-1-768x1365.jpeg 768w, https:\/\/fcbuetschwil.ch\/neu\/wp-content\/uploads\/2026\/03\/1adcea78-3b1a-4df5-836d-e9846ccceb49-1-864x1536.jpeg 864w, https:\/\/fcbuetschwil.ch\/neu\/wp-content\/uploads\/2026\/03\/1adcea78-3b1a-4df5-836d-e9846ccceb49-1.jpeg 1152w\" sizes=\"(max-width: 576px) 100vw, 576px\" \/><\/figure>\n\n\n\n<figure class=\"wp-block-image size-large\"><img loading=\"lazy\" width=\"768\" height=\"1024\" data-id=\"8876\"  src=\"https:\/\/fcbuetschwil.ch\/neu\/wp-content\/uploads\/2026\/03\/48bbea98-00d8-49ea-8366-4fa40e56e3f4-1-768x1024.jpeg\" alt=\"\" class=\"wp-image-8876\" srcset=\"https:\/\/fcbuetschwil.ch\/neu\/wp-content\/uploads\/2026\/03\/48bbea98-00d8-49ea-8366-4fa40e56e3f4-1-768x1024.jpeg 768w, https:\/\/fcbuetschwil.ch\/neu\/wp-content\/uploads\/2026\/03\/48bbea98-00d8-49ea-8366-4fa40e56e3f4-1-750x1000.jpeg 750w, https:\/\/fcbuetschwil.ch\/neu\/wp-content\/uploads\/2026\/03\/48bbea98-00d8-49ea-8366-4fa40e56e3f4-1-300x400.jpeg 300w, https:\/\/fcbuetschwil.ch\/neu\/wp-content\/uploads\/2026\/03\/48bbea98-00d8-49ea-8366-4fa40e56e3f4-1-1152x1536.jpeg 1152w, https:\/\/fcbuetschwil.ch\/neu\/wp-content\/uploads\/2026\/03\/48bbea98-00d8-49ea-8366-4fa40e56e3f4-1.jpeg 1536w\" sizes=\"(max-width: 768px) 100vw, 768px\" \/><\/figure>\n\n\n\n<figure class=\"wp-block-image size-large\"><img loading=\"lazy\" width=\"768\" height=\"1024\" data-id=\"8877\"  src=\"https:\/\/fcbuetschwil.ch\/neu\/wp-content\/uploads\/2026\/03\/9c472fdc-db82-4f53-b5f8-e2bb90418854-1-768x1024.jpeg\" alt=\"\" class=\"wp-image-8877\" srcset=\"https:\/\/fcbuetschwil.ch\/neu\/wp-content\/uploads\/2026\/03\/9c472fdc-db82-4f53-b5f8-e2bb90418854-1-768x1024.jpeg 768w, https:\/\/fcbuetschwil.ch\/neu\/wp-content\/uploads\/2026\/03\/9c472fdc-db82-4f53-b5f8-e2bb90418854-1-750x1000.jpeg 750w, https:\/\/fcbuetschwil.ch\/neu\/wp-content\/uploads\/2026\/03\/9c472fdc-db82-4f53-b5f8-e2bb90418854-1-300x400.jpeg 300w, https:\/\/fcbuetschwil.ch\/neu\/wp-content\/uploads\/2026\/03\/9c472fdc-db82-4f53-b5f8-e2bb90418854-1-1152x1536.jpeg 1152w, https:\/\/fcbuetschwil.ch\/neu\/wp-content\/uploads\/2026\/03\/9c472fdc-db82-4f53-b5f8-e2bb90418854-1.jpeg 1536w\" sizes=\"(max-width: 768px) 100vw, 768px\" \/><\/figure>\n\n\n\n<figure class=\"wp-block-image size-large\"><img loading=\"lazy\" width=\"768\" height=\"1024\" data-id=\"8878\"  src=\"https:\/\/fcbuetschwil.ch\/neu\/wp-content\/uploads\/2026\/03\/9f90bf08-a803-4780-a324-bdf51ce369d9-1-768x1024.jpeg\" alt=\"\" class=\"wp-image-8878\" srcset=\"https:\/\/fcbuetschwil.ch\/neu\/wp-content\/uploads\/2026\/03\/9f90bf08-a803-4780-a324-bdf51ce369d9-1-768x1024.jpeg 768w, https:\/\/fcbuetschwil.ch\/neu\/wp-content\/uploads\/2026\/03\/9f90bf08-a803-4780-a324-bdf51ce369d9-1-750x1000.jpeg 750w, https:\/\/fcbuetschwil.ch\/neu\/wp-content\/uploads\/2026\/03\/9f90bf08-a803-4780-a324-bdf51ce369d9-1-300x400.jpeg 300w, https:\/\/fcbuetschwil.ch\/neu\/wp-content\/uploads\/2026\/03\/9f90bf08-a803-4780-a324-bdf51ce369d9-1-1152x1536.jpeg 1152w, https:\/\/fcbuetschwil.ch\/neu\/wp-content\/uploads\/2026\/03\/9f90bf08-a803-4780-a324-bdf51ce369d9-1.jpeg 1200w\" sizes=\"(max-width: 768px) 100vw, 768px\" \/><\/figure>\n\n\n\n<figure class=\"wp-block-image size-large\"><img loading=\"lazy\" width=\"1024\" height=\"768\" data-id=\"8879\"  src=\"https:\/\/fcbuetschwil.ch\/neu\/wp-content\/uploads\/2026\/03\/ea64b4f4-617f-4a18-9799-da8c2608703f-1-1024x768.jpeg\" alt=\"\" class=\"wp-image-8879\" srcset=\"https:\/\/fcbuetschwil.ch\/neu\/wp-content\/uploads\/2026\/03\/ea64b4f4-617f-4a18-9799-da8c2608703f-1-1024x768.jpeg 1024w, https:\/\/fcbuetschwil.ch\/neu\/wp-content\/uploads\/2026\/03\/ea64b4f4-617f-4a18-9799-da8c2608703f-1-1000x750.jpeg 1000w, https:\/\/fcbuetschwil.ch\/neu\/wp-content\/uploads\/2026\/03\/ea64b4f4-617f-4a18-9799-da8c2608703f-1-768x576.jpeg 768w, https:\/\/fcbuetschwil.ch\/neu\/wp-content\/uploads\/2026\/03\/ea64b4f4-617f-4a18-9799-da8c2608703f-1-1536x1152.jpeg 1536w, https:\/\/fcbuetschwil.ch\/neu\/wp-content\/uploads\/2026\/03\/ea64b4f4-617f-4a18-9799-da8c2608703f-1.jpeg 1600w\" sizes=\"(max-width: 1024px) 100vw, 1024px\" \/><\/figure>\n\n\n\n<figure class=\"wp-block-image size-large\"><img loading=\"lazy\" width=\"768\" height=\"1024\" data-id=\"8880\"  src=\"https:\/\/fcbuetschwil.ch\/neu\/wp-content\/uploads\/2026\/03\/77384dd2-f4a7-4890-811b-44c2dda5c65e-1-768x1024.jpeg\" alt=\"\" class=\"wp-image-8880\" srcset=\"https:\/\/fcbuetschwil.ch\/neu\/wp-content\/uploads\/2026\/03\/77384dd2-f4a7-4890-811b-44c2dda5c65e-1-768x1024.jpeg 768w, https:\/\/fcbuetschwil.ch\/neu\/wp-content\/uploads\/2026\/03\/77384dd2-f4a7-4890-811b-44c2dda5c65e-1-750x1000.jpeg 750w, https:\/\/fcbuetschwil.ch\/neu\/wp-content\/uploads\/2026\/03\/77384dd2-f4a7-4890-811b-44c2dda5c65e-1-300x400.jpeg 300w, https:\/\/fcbuetschwil.ch\/neu\/wp-content\/uploads\/2026\/03\/77384dd2-f4a7-4890-811b-44c2dda5c65e-1-1152x1536.jpeg 1152w, https:\/\/fcbuetschwil.ch\/neu\/wp-content\/uploads\/2026\/03\/77384dd2-f4a7-4890-811b-44c2dda5c65e-1.jpeg 1200w\" sizes=\"(max-width: 768px) 100vw, 768px\" \/><\/figure>\n\n\n\n<figure class=\"wp-block-image size-large\"><img loading=\"lazy\" width=\"768\" height=\"1024\" data-id=\"8881\"  src=\"https:\/\/fcbuetschwil.ch\/neu\/wp-content\/uploads\/2026\/03\/2a3799a4-a3cf-4e73-a173-40d88732dd7f-1-768x1024.jpeg\" alt=\"\" class=\"wp-image-8881\" srcset=\"https:\/\/fcbuetschwil.ch\/neu\/wp-content\/uploads\/2026\/03\/2a3799a4-a3cf-4e73-a173-40d88732dd7f-1-768x1024.jpeg 768w, https:\/\/fcbuetschwil.ch\/neu\/wp-content\/uploads\/2026\/03\/2a3799a4-a3cf-4e73-a173-40d88732dd7f-1-750x1000.jpeg 750w, https:\/\/fcbuetschwil.ch\/neu\/wp-content\/uploads\/2026\/03\/2a3799a4-a3cf-4e73-a173-40d88732dd7f-1-300x400.jpeg 300w, https:\/\/fcbuetschwil.ch\/neu\/wp-content\/uploads\/2026\/03\/2a3799a4-a3cf-4e73-a173-40d88732dd7f-1-1152x1536.jpeg 1152w, https:\/\/fcbuetschwil.ch\/neu\/wp-content\/uploads\/2026\/03\/2a3799a4-a3cf-4e73-a173-40d88732dd7f-1.jpeg 1200w\" sizes=\"(max-width: 768px) 100vw, 768px\" \/><\/figure>\n\n\n\n<figure class=\"wp-block-image size-large\"><img loading=\"lazy\" width=\"768\" height=\"1024\" data-id=\"8882\"  src=\"https:\/\/fcbuetschwil.ch\/neu\/wp-content\/uploads\/2026\/03\/d6b85666-c3b5-4820-a140-c35eadef7da9-1-768x1024.jpeg\" alt=\"\" class=\"wp-image-8882\" srcset=\"https:\/\/fcbuetschwil.ch\/neu\/wp-content\/uploads\/2026\/03\/d6b85666-c3b5-4820-a140-c35eadef7da9-1-768x1024.jpeg 768w, https:\/\/fcbuetschwil.ch\/neu\/wp-content\/uploads\/2026\/03\/d6b85666-c3b5-4820-a140-c35eadef7da9-1-750x1000.jpeg 750w, https:\/\/fcbuetschwil.ch\/neu\/wp-content\/uploads\/2026\/03\/d6b85666-c3b5-4820-a140-c35eadef7da9-1-300x400.jpeg 300w, https:\/\/fcbuetschwil.ch\/neu\/wp-content\/uploads\/2026\/03\/d6b85666-c3b5-4820-a140-c35eadef7da9-1-1152x1536.jpeg 1152w, https:\/\/fcbuetschwil.ch\/neu\/wp-content\/uploads\/2026\/03\/d6b85666-c3b5-4820-a140-c35eadef7da9-1.jpeg 1200w\" sizes=\"(max-width: 768px) 100vw, 768px\" \/><\/figure>\n\n\n\n<figure class=\"wp-block-image size-large\"><img loading=\"lazy\" width=\"768\" height=\"1024\" data-id=\"8883\"  src=\"https:\/\/fcbuetschwil.ch\/neu\/wp-content\/uploads\/2026\/03\/910b2a0e-dd43-4de8-8bd0-d5d7f871a2b2-1-768x1024.jpeg\" alt=\"\" class=\"wp-image-8883\" srcset=\"https:\/\/fcbuetschwil.ch\/neu\/wp-content\/uploads\/2026\/03\/910b2a0e-dd43-4de8-8bd0-d5d7f871a2b2-1-768x1024.jpeg 768w, https:\/\/fcbuetschwil.ch\/neu\/wp-content\/uploads\/2026\/03\/910b2a0e-dd43-4de8-8bd0-d5d7f871a2b2-1-750x1000.jpeg 750w, https:\/\/fcbuetschwil.ch\/neu\/wp-content\/uploads\/2026\/03\/910b2a0e-dd43-4de8-8bd0-d5d7f871a2b2-1-300x400.jpeg 300w, https:\/\/fcbuetschwil.ch\/neu\/wp-content\/uploads\/2026\/03\/910b2a0e-dd43-4de8-8bd0-d5d7f871a2b2-1-1152x1536.jpeg 1152w, https:\/\/fcbuetschwil.ch\/neu\/wp-content\/uploads\/2026\/03\/910b2a0e-dd43-4de8-8bd0-d5d7f871a2b2-1.jpeg 1200w\" sizes=\"(max-width: 768px) 100vw, 768px\" \/><\/figure>\n<\/figure>\n","protected":false},"excerpt":{"rendered":"<p>Der Tag begann mit einer wenig \u00fcberraschenden Auszeichnung: Claudio B. durfte den Wanderpokal entgegennehmen. Die Entscheidung sorgte im Team kaum f\u00fcr Verwunderung und wurde einstimmig gutgeheissen. F\u00fcr das erste Training des Tages wechselten wir auf einen anderen Platz, der sich als deutlich sch\u00f6ner und in einem besseren Zustand pr\u00e4sentierte als der bisherige. Bei super Bedingungen&hellip;&nbsp;<a href=\"https:\/\/fcbuetschwil.ch\/neu\/trainingslager-aeaes-tag-5-2\/\" class=\"\" rel=\"bookmark\">Weiterlesen &raquo;<span class=\"screen-reader-text\">Trainingslager \u00c4\u00e4s &#8211; Tag 5<\/span><\/a><\/p>\n","protected":false},"author":11,"featured_media":8867,"comment_status":"open","ping_status":"open","sticky":false,"template":"","format":"standard","meta":{"inline_featured_image":false,"_mi_skip_tracking":false,"kia_subtitle":"Marbella 2026 - 5. Tagebucheintrag","neve_meta_sidebar":"","neve_meta_container":"","neve_meta_enable_content_width":"","neve_meta_content_width":0,"neve_meta_title_alignment":"","neve_meta_author_avatar":"","neve_post_elements_order":"","neve_meta_disable_header":"","neve_meta_disable_footer":"","neve_meta_disable_title":""},"categories":[55,34],"tags":[],"_links":{"self":[{"href":"https:\/\/fcbuetschwil.ch\/neu\/wp-json\/wp\/v2\/posts\/8848"}],"collection":[{"href":"https:\/\/fcbuetschwil.ch\/neu\/wp-json\/wp\/v2\/posts"}],"about":[{"href":"https:\/\/fcbuetschwil.ch\/neu\/wp-json\/wp\/v2\/types\/post"}],"author":[{"embeddable":true,"href":"https:\/\/fcbuetschwil.ch\/neu\/wp-json\/wp\/v2\/users\/11"}],"replies":[{"embeddable":true,"href":"https:\/\/fcbuetschwil.ch\/neu\/wp-json\/wp\/v2\/comments?post=8848"}],"version-history":[{"count":3,"href":"https:\/\/fcbuetschwil.ch\/neu\/wp-json\/wp\/v2\/posts\/8848\/revisions"}],"predecessor-version":[{"id":8888,"href":"https:\/\/fcbuetschwil.ch\/neu\/wp-json\/wp\/v2\/posts\/8848\/revisions\/8888"}],"wp:featuredmedia":[{"embeddable":true,"href":"https:\/\/fcbuetschwil.ch\/neu\/wp-json\/wp\/v2\/media\/8867"}],"wp:attachment":[{"href":"https:\/\/fcbuetschwil.ch\/neu\/wp-json\/wp\/v2\/media?parent=8848"}],"wp:term":[{"taxonomy":"category","embeddable":true,"href":"https:\/\/fcbuetschwil.ch\/neu\/wp-json\/wp\/v2\/categories?post=8848"},{"taxonomy":"post_tag","embeddable":true,"href":"https:\/\/fcbuetschwil.ch\/neu\/wp-json\/wp\/v2\/tags?post=8848"}],"curies":[{"name":"wp","href":"https:\/\/api.w.org\/{rel}","templated":true}]}}