{"id":8829,"date":"2026-03-05T20:31:42","date_gmt":"2026-03-05T18:31:42","guid":{"rendered":"https:\/\/fcbuetschwil.ch\/neu\/?p=8829"},"modified":"2026-03-05T20:34:51","modified_gmt":"2026-03-05T18:34:51","slug":"trainingslager-fft1-2026-tag-6-7","status":"publish","type":"post","link":"https:\/\/fcbuetschwil.ch\/neu\/trainingslager-fft1-2026-tag-6-7\/","title":{"rendered":"Trainingslager FFT1 2026 &#8211; Tag 6 &amp; 7"},"content":{"rendered":"\n<p><strong>Trainingslager 2026 \u2013 Tagebucheintrag six-seven<\/strong><\/p>\n\n\n\n<p>Mittwoch, 4. M\u00e4rz 2026 und Donnerstag, 5. M\u00e4rz 2026<\/p>\n\n\n\n<p>Ein letztes Mal wurden die legend\u00e4ren T-Shirts ausgef\u00fchrt. Man merkte: Heute h\u00e4ngt ein Hauch von Wehmut in der Luft \u2013 oder es war einfach M\u00fcdigkeit. Beim Fr\u00fchst\u00fcck blieb es erstaunlich ruhig. Leere Blicke, Kaffee und das stille Wissen: Es ist der letzte Tag in&nbsp;Antalya.<\/p>\n\n\n\n<p>Dann Kraftraining mit A.H. \u2013 und pl\u00f6tzlich wurde es anatomisch. Bein-L\u00e4ngs-Achse, Verletzungspr\u00e4vention, Aufkl\u00e4rung \u00fcber Kreuzbandriss. W\u00e4hrend wir beeindruckt nickten und so taten, als h\u00e4tten wir schon immer gewusst, wo genau das Kreuzband sitzt (Spoiler: im Inneren des Knies), stellten S.Bus. und V.K. fest, dass sie beim Massieren vor Spielen offenbar nie ihr Kreuzband aktivierten, sondern ihr Fettgewebe. Wir wissen jetzt: Das Kreuzband ist von aussen nicht zug\u00e4nglich. Schade eigentlich, h\u00e4tte man sich einiges an Tape sparen k\u00f6nnen.<\/p>\n\n\n\n<p>Im praktischen Teil wurde es wild. A.H. und V.D. verteidigten unseren Raum wie zwei T\u00fcrsteher\/innen am Dorffest und verscheuchten fremde Hotelg\u00e4ste mit Blicken, die selbst M\u00f6wen vom Buffet fernhalten w\u00fcrden. M.F. wiederum lebte bei der Copenhagen-\u00dcbung einmal mehr seine innere Arielle aus. Die Pose sass, die K\u00f6rperspannung sass weniger \u2013 und am Ende tauchten sogar die Flossen ins k\u00fchle Nass. Meerjungfrauen-Vibes mitten im Kraftzirkel.<\/p>\n\n\n\n<p>Beim wohlverdienten Mittagessen dann die grosse Enth\u00fcllung: Offenbar sind mehr Mitspielerinnen miteinander verwandt, als bisher angenommen. Fazit: \u201eEs hangen alle am gleichen Baum, ausser der Baum.\u201c Tiefgr\u00fcndiger wird es diese Woche nicht mehr.<\/p>\n\n\n\n<p>Vor dem Nachmittagstraining genossen wir nochmals die Sonne. Pflichtbewusst wurde eingecremt \u2013 wir wollten schliesslich nicht aussehen wie die englischen G\u00e4ste an unserem Hotelstrand. Apropos England: Im Abschlusstraining flossen taktische Learnings aus dem gestrigen Spiel Ukraine vs. England ein. Hochseri\u00f6s. Fast schon Profi-Niveau.<\/p>\n\n\n\n<p>Warm-up, dann das traditionsreiche Jung gegen Alt \u2013 inklusive Staff. A.H. musste ihre ON-Schuhe kurzerhand mit rotem Tape in Fussballschuhe umfunktionieren. Dieses Wunder-Tape verwandelte sie in ein echtes Ass. Kr\u00f6nung: ein wundersch\u00f6nes Tor, das die Jungen kollektiv verstummen liess. Torfrau S.G. hatte offenbar nostalgische Gef\u00fchle und aktivierte ihre Ebnater St\u00fcrmerinnen-Vergangenheit. Hattrick. Die Jungen wurden fachgerecht abgefertigt. Man munkelt, die alte Garde habe am Vorabend ausreichend Zielwasser konsumiert.<\/p>\n\n\n\n<p>Danach Fussballtennis \u2013 offiziell, damit die Jungen aufholen k\u00f6nnen. Inoffiziell, um die Rivalit\u00e4ten nochmals aufleben zu lassen. Es wurde hitzig. Sehr hitzig. Teilweise grenzwertig ehrgeizig. Namen sind der Redaktion bekannt und werden gegen Naturalien eventuell weitergegeben.<br>Am Ende setzten sich die alten Hasen durch. Routine und bessere Trinktechnik schlagen jugendlichen \u00dcbermut.<\/p>\n\n\n\n<p>Nach dem Training ging es ein letztes Mal ins k\u00fchle Nass zur Regeneration. Beine rein, Stolz raus, Muskelkater ignorieren. Sp\u00e4ter versammelten wir uns gemeinsam f\u00fcr den Sonnenabgang \u2013 kurz still, kurz romantisch, kurz so, als w\u00e4ren wir ein seri\u00f6ses Team.<\/p>\n\n\n\n<p>Das Abendessen wurde ein letztes Mal zelebriert, bevor die grosse Challenge-Rangverk\u00fcndigung folgte.<br>Rangliste:<\/p>\n\n\n\n<p>1.&nbsp;&nbsp;&nbsp;&nbsp; Echo<\/p>\n\n\n\n<p>2.&nbsp;&nbsp;&nbsp;&nbsp; Alpha und D\u2019mosligers<\/p>\n\n\n\n<p>3.&nbsp;&nbsp;&nbsp;&nbsp; Beta<\/p>\n\n\n\n<p>4.&nbsp;&nbsp;&nbsp;&nbsp; Charlie<\/p>\n\n\n\n<p>Es gab s\u00fcsse Belohnungen, Dankesreden und mindestens drei emotionale \u201eAlso ich sag jetzt nichts mehr\u201c-Momente, bevor doch noch etwas gesagt wurde.<\/p>\n\n\n\n<p>Der Abend klang mit einem oder auch etwas mehr Drinks aus. Teamgeist wurde nochmals fl\u00fcssig bewiesen. Das H\u00fchnerspiel wurde aufgelebt und unserem Betreuer Adil sowie dem Hotelpersonal vertraut gemacht. Begeisterung pur.<\/p>\n\n\n\n<p>Der n\u00e4chste Morgen kam schneller als uns lieb war. Um 07:00 Uhr sassen wir beim Fr\u00fchst\u00fcck \u2013 m\u00fcde Gesichter und kleine Augen. Der gestrige Abend hing noch etwas in den Knochen.<\/p>\n\n\n\n<p>Am Flughafen von&nbsp;Antalya&nbsp;traf uns dann der n\u00e4chste Schock: die Kaffeepreise. Um unsere Kaffeesucht zu stillen, h\u00e4tten einige fast eine Niere verkaufen m\u00fcssen. Bei Starbucks erhielt S.B. nach sorgf\u00e4ltigem Buchstabieren ihres Namens kurzerhand eine neue Identit\u00e4t. Auf dem Becher stand stolz:&nbsp;<strong>SEAVRE<\/strong>. Wir akzeptierten das ohne weitere Fragen.<\/p>\n\n\n\n<p>Zum Abschluss deckten sich noch alle mit Snacks f\u00fcr den Flug ein. Danach hiess es: Oke, tschau&nbsp;Antalya.<\/p>\n\n\n\n<p>Zwischen Lachen, Umarmungen und Spielen mit leicht fragw\u00fcrdigen Regeln wurde klar: Dieses Trainingslager hatte alles \u2013 Fussball, Spass, Teambuilding, anatomische Erleuchtung und genug Zielwasser f\u00fcr eine ganze R\u00fcckrunde.<\/p>\n\n\n\n<p>Antalya, du warst wild. Tesekk\u00fcr ederim. Tamam. G\u00fcle G\u00fcle.<\/p>\n\n\n\n<p>Redaktion F.B., S.B. (alias SEAVRE), S.Bus. Und V.K.\u2013 immer noch leicht m\u00fcde, aber gl\u00fccklich und dankbar. Bis gli ufem Tschuttiplatz!<\/p>\n\n\n\n<p><\/p>\n\n\n\n<figure class=\"wp-block-image size-large\"><img loading=\"lazy\" width=\"1024\" height=\"768\" src=\"https:\/\/fcbuetschwil.ch\/neu\/wp-content\/uploads\/2026\/03\/20260304_070929787_iOS-1-1024x768.jpeg\" alt=\"\" class=\"wp-image-8838\" srcset=\"https:\/\/fcbuetschwil.ch\/neu\/wp-content\/uploads\/2026\/03\/20260304_070929787_iOS-1-1024x768.jpeg 1024w, https:\/\/fcbuetschwil.ch\/neu\/wp-content\/uploads\/2026\/03\/20260304_070929787_iOS-1-1000x750.jpeg 1000w, https:\/\/fcbuetschwil.ch\/neu\/wp-content\/uploads\/2026\/03\/20260304_070929787_iOS-1-768x576.jpeg 768w, https:\/\/fcbuetschwil.ch\/neu\/wp-content\/uploads\/2026\/03\/20260304_070929787_iOS-1-1536x1152.jpeg 1536w, https:\/\/fcbuetschwil.ch\/neu\/wp-content\/uploads\/2026\/03\/20260304_070929787_iOS-1-2048x1536.jpeg 2048w\" sizes=\"(max-width: 1024px) 100vw, 1024px\" \/><\/figure>\n\n\n\n<figure class=\"wp-block-image size-large\"><img loading=\"lazy\" width=\"1024\" height=\"684\" src=\"https:\/\/fcbuetschwil.ch\/neu\/wp-content\/uploads\/2026\/03\/DSC_8457-2-1024x684.jpeg\" alt=\"\" class=\"wp-image-8839\" srcset=\"https:\/\/fcbuetschwil.ch\/neu\/wp-content\/uploads\/2026\/03\/DSC_8457-2-1024x684.jpeg 1024w, https:\/\/fcbuetschwil.ch\/neu\/wp-content\/uploads\/2026\/03\/DSC_8457-2-1000x668.jpeg 1000w, https:\/\/fcbuetschwil.ch\/neu\/wp-content\/uploads\/2026\/03\/DSC_8457-2-768x513.jpeg 768w, https:\/\/fcbuetschwil.ch\/neu\/wp-content\/uploads\/2026\/03\/DSC_8457-2-391x260.jpeg 391w, https:\/\/fcbuetschwil.ch\/neu\/wp-content\/uploads\/2026\/03\/DSC_8457-2-1536x1025.jpeg 1536w, https:\/\/fcbuetschwil.ch\/neu\/wp-content\/uploads\/2026\/03\/DSC_8457-2-2048x1367.jpeg 2048w, https:\/\/fcbuetschwil.ch\/neu\/wp-content\/uploads\/2026\/03\/DSC_8457-2-930x620.jpeg 930w\" sizes=\"(max-width: 1024px) 100vw, 1024px\" \/><\/figure>\n\n\n\n<figure class=\"wp-block-image size-large\"><img loading=\"lazy\" width=\"771\" height=\"1024\" src=\"https:\/\/fcbuetschwil.ch\/neu\/wp-content\/uploads\/2026\/03\/PXL_20260304_131051889.MP_-1-771x1024.jpeg\" alt=\"\" class=\"wp-image-8840\" srcset=\"https:\/\/fcbuetschwil.ch\/neu\/wp-content\/uploads\/2026\/03\/PXL_20260304_131051889.MP_-1-771x1024.jpeg 771w, https:\/\/fcbuetschwil.ch\/neu\/wp-content\/uploads\/2026\/03\/PXL_20260304_131051889.MP_-1-753x1000.jpeg 753w, https:\/\/fcbuetschwil.ch\/neu\/wp-content\/uploads\/2026\/03\/PXL_20260304_131051889.MP_-1-768x1020.jpeg 768w, https:\/\/fcbuetschwil.ch\/neu\/wp-content\/uploads\/2026\/03\/PXL_20260304_131051889.MP_-1-1157x1536.jpeg 1157w, https:\/\/fcbuetschwil.ch\/neu\/wp-content\/uploads\/2026\/03\/PXL_20260304_131051889.MP_-1-1542x2048.jpeg 1542w, https:\/\/fcbuetschwil.ch\/neu\/wp-content\/uploads\/2026\/03\/PXL_20260304_131051889.MP_-1-scaled.jpeg 1928w\" sizes=\"(max-width: 771px) 100vw, 771px\" \/><\/figure>\n\n\n\n<figure class=\"wp-block-image size-large\"><img loading=\"lazy\" width=\"1024\" height=\"771\" src=\"https:\/\/fcbuetschwil.ch\/neu\/wp-content\/uploads\/2026\/03\/PXL_20260304_131952129.MP_-1-1024x771.jpeg\" alt=\"\" class=\"wp-image-8841\" srcset=\"https:\/\/fcbuetschwil.ch\/neu\/wp-content\/uploads\/2026\/03\/PXL_20260304_131952129.MP_-1-1024x771.jpeg 1024w, https:\/\/fcbuetschwil.ch\/neu\/wp-content\/uploads\/2026\/03\/PXL_20260304_131952129.MP_-1-1000x753.jpeg 1000w, https:\/\/fcbuetschwil.ch\/neu\/wp-content\/uploads\/2026\/03\/PXL_20260304_131952129.MP_-1-768x578.jpeg 768w, https:\/\/fcbuetschwil.ch\/neu\/wp-content\/uploads\/2026\/03\/PXL_20260304_131952129.MP_-1-1536x1157.jpeg 1536w, https:\/\/fcbuetschwil.ch\/neu\/wp-content\/uploads\/2026\/03\/PXL_20260304_131952129.MP_-1-2048x1542.jpeg 2048w\" sizes=\"(max-width: 1024px) 100vw, 1024px\" \/><\/figure>\n\n\n\n<figure class=\"wp-block-image size-large is-resized\"><img loading=\"lazy\" src=\"https:\/\/fcbuetschwil.ch\/neu\/wp-content\/uploads\/2026\/03\/PXL_20260304_135029483-2-771x1024.jpeg\" alt=\"\" class=\"wp-image-8842\" width=\"771\" height=\"1024\" srcset=\"https:\/\/fcbuetschwil.ch\/neu\/wp-content\/uploads\/2026\/03\/PXL_20260304_135029483-2-771x1024.jpeg 771w, https:\/\/fcbuetschwil.ch\/neu\/wp-content\/uploads\/2026\/03\/PXL_20260304_135029483-2-753x1000.jpeg 753w, https:\/\/fcbuetschwil.ch\/neu\/wp-content\/uploads\/2026\/03\/PXL_20260304_135029483-2-768x1020.jpeg 768w, https:\/\/fcbuetschwil.ch\/neu\/wp-content\/uploads\/2026\/03\/PXL_20260304_135029483-2-1157x1536.jpeg 1157w, https:\/\/fcbuetschwil.ch\/neu\/wp-content\/uploads\/2026\/03\/PXL_20260304_135029483-2-1542x2048.jpeg 1542w, https:\/\/fcbuetschwil.ch\/neu\/wp-content\/uploads\/2026\/03\/PXL_20260304_135029483-2-scaled.jpeg 1928w\" sizes=\"(max-width: 771px) 100vw, 771px\" \/><\/figure>\n\n\n\n<figure class=\"wp-container-2 wp-block-gallery-1 wp-block-gallery has-nested-images columns-default is-cropped\">\n<figure class=\"wp-block-image size-large\"><img loading=\"lazy\" width=\"1440\" height=\"2560\" data-id=\"8843\"  src=\"https:\/\/fcbuetschwil.ch\/neu\/wp-content\/uploads\/2026\/03\/FullSizeRender-1-scaled.jpeg\" alt=\"\" class=\"wp-image-8843\" srcset=\"https:\/\/fcbuetschwil.ch\/neu\/wp-content\/uploads\/2026\/03\/FullSizeRender-1-scaled.jpeg 1440w, https:\/\/fcbuetschwil.ch\/neu\/wp-content\/uploads\/2026\/03\/FullSizeRender-1-563x1000.jpeg 563w, https:\/\/fcbuetschwil.ch\/neu\/wp-content\/uploads\/2026\/03\/FullSizeRender-1-576x1024.jpeg 576w, https:\/\/fcbuetschwil.ch\/neu\/wp-content\/uploads\/2026\/03\/FullSizeRender-1-768x1365.jpeg 768w, https:\/\/fcbuetschwil.ch\/neu\/wp-content\/uploads\/2026\/03\/FullSizeRender-1-864x1536.jpeg 864w, https:\/\/fcbuetschwil.ch\/neu\/wp-content\/uploads\/2026\/03\/FullSizeRender-1-1152x2048.jpeg 1152w\" sizes=\"(max-width: 1440px) 100vw, 1440px\" \/><\/figure>\n<\/figure>\n","protected":false},"excerpt":{"rendered":"<p>Trainingslager 2026 \u2013 Tagebucheintrag six-seven Mittwoch, 4. M\u00e4rz 2026 und Donnerstag, 5. M\u00e4rz 2026 Ein letztes Mal wurden die legend\u00e4ren T-Shirts ausgef\u00fchrt. Man merkte: Heute h\u00e4ngt ein Hauch von Wehmut in der Luft \u2013 oder es war einfach M\u00fcdigkeit. Beim Fr\u00fchst\u00fcck blieb es erstaunlich ruhig. Leere Blicke, Kaffee und das stille Wissen: Es ist der&hellip;&nbsp;<a href=\"https:\/\/fcbuetschwil.ch\/neu\/trainingslager-fft1-2026-tag-6-7\/\" class=\"\" rel=\"bookmark\">Weiterlesen &raquo;<span class=\"screen-reader-text\">Trainingslager FFT1 2026 &#8211; Tag 6 &amp; 7<\/span><\/a><\/p>\n","protected":false},"author":8,"featured_media":8845,"comment_status":"open","ping_status":"open","sticky":false,"template":"","format":"standard","meta":{"inline_featured_image":false,"_mi_skip_tracking":false,"kia_subtitle":"","neve_meta_sidebar":"","neve_meta_container":"","neve_meta_enable_content_width":"","neve_meta_content_width":0,"neve_meta_title_alignment":"","neve_meta_author_avatar":"","neve_post_elements_order":"","neve_meta_disable_header":"","neve_meta_disable_footer":"","neve_meta_disable_title":""},"categories":[56,34],"tags":[],"_links":{"self":[{"href":"https:\/\/fcbuetschwil.ch\/neu\/wp-json\/wp\/v2\/posts\/8829"}],"collection":[{"href":"https:\/\/fcbuetschwil.ch\/neu\/wp-json\/wp\/v2\/posts"}],"about":[{"href":"https:\/\/fcbuetschwil.ch\/neu\/wp-json\/wp\/v2\/types\/post"}],"author":[{"embeddable":true,"href":"https:\/\/fcbuetschwil.ch\/neu\/wp-json\/wp\/v2\/users\/8"}],"replies":[{"embeddable":true,"href":"https:\/\/fcbuetschwil.ch\/neu\/wp-json\/wp\/v2\/comments?post=8829"}],"version-history":[{"count":3,"href":"https:\/\/fcbuetschwil.ch\/neu\/wp-json\/wp\/v2\/posts\/8829\/revisions"}],"predecessor-version":[{"id":8847,"href":"https:\/\/fcbuetschwil.ch\/neu\/wp-json\/wp\/v2\/posts\/8829\/revisions\/8847"}],"wp:featuredmedia":[{"embeddable":true,"href":"https:\/\/fcbuetschwil.ch\/neu\/wp-json\/wp\/v2\/media\/8845"}],"wp:attachment":[{"href":"https:\/\/fcbuetschwil.ch\/neu\/wp-json\/wp\/v2\/media?parent=8829"}],"wp:term":[{"taxonomy":"category","embeddable":true,"href":"https:\/\/fcbuetschwil.ch\/neu\/wp-json\/wp\/v2\/categories?post=8829"},{"taxonomy":"post_tag","embeddable":true,"href":"https:\/\/fcbuetschwil.ch\/neu\/wp-json\/wp\/v2\/tags?post=8829"}],"curies":[{"name":"wp","href":"https:\/\/api.w.org\/{rel}","templated":true}]}}