{"id":8791,"date":"2026-03-05T14:30:07","date_gmt":"2026-03-05T12:30:07","guid":{"rendered":"https:\/\/fcbuetschwil.ch\/neu\/?p=8791"},"modified":"2026-03-05T15:05:50","modified_gmt":"2026-03-05T13:05:50","slug":"trainingslager-aeaes-tag-4-2","status":"publish","type":"post","link":"https:\/\/fcbuetschwil.ch\/neu\/trainingslager-aeaes-tag-4-2\/","title":{"rendered":"Trainingslager \u00c4\u00e4s &#8211; Tag 4"},"content":{"rendered":"\n<p>Der heutige Tag stand im Zeichen der Erholung \u2013 zumindest gr\u00f6sstenteils. Am Morgen wurde zun\u00e4chst der Wanderpokal vergeben. Die \u201eEhre\u201c ging diesmal an Gian P., der am Vortag navigationstechnisch nicht ganz auf der H\u00f6he war und sich damit den Titel redlich verdient hat. Der Pokal wechselte somit erneut den Besitzer. Zus\u00e4tzlich wurde eine kleine \u00dcberraschung f\u00fcr unseren werdenden Vater und zugleich Verlobten Severin G. vorbereitet. Passend zu unserem Ausflugsziel erhielt er ein h\u00fcbsches Bananenkost\u00fcm. Vor der Abfahrt in richtung Gibraltar wurde noch eine weitere Zimmerchallenge absolviert.&nbsp;<\/p>\n\n\n\n<p>Nach dem Mittagessen musste sich Severin G. die Banane abverdienen. Die Challenge, 50 mal zu jonglieren, bestand er mit Bravur und etwas Hilfe eines Autos am Parkplatz. Deshalb durfte er das Kost\u00fcm vor dem n\u00e4chsten Programmpunkt loswerden.<\/p>\n\n\n\n<p>Am Nachmittag machte sich die Mannschaft auf den Weg zum ber\u00fchmten Affenberg. Neben einer beeindruckenden Aussicht \u00fcber Gibraltar sorgten vor allem die frechen Berberaffen f\u00fcr Unterhaltung und witzige Fotos.<\/p>\n\n\n\n<p>Den Abschluss des Tages bildete ein gemeinsames Abendessen in einem Irish Pub in der Stadt, wobei es einige w\u00e4hrend der Livemusik krachen liessen. Unter anderem war es Claudio B., der den Rahmen wortw\u00f6rtlich sprengte. Ein Teil der Innenausstattung in der Toilettenanlage des besagten Pubs musste etwas leiden. Dank dem handwerklichen Geschick des \u00dcbelt\u00e4ters konnte der Schaden jedoch innert k\u00fcrzester Zeit wieder behoben werden.<\/p>\n\n\n\n<figure class=\"wp-container-2 wp-block-gallery-1 wp-block-gallery has-nested-images columns-default is-cropped\">\n<figure class=\"wp-block-image size-large\"><img loading=\"lazy\" width=\"768\" height=\"1024\" data-id=\"8794\"  src=\"https:\/\/fcbuetschwil.ch\/neu\/wp-content\/uploads\/2026\/03\/IMG_3013-1-768x1024.jpeg\" alt=\"\" class=\"wp-image-8794\" srcset=\"https:\/\/fcbuetschwil.ch\/neu\/wp-content\/uploads\/2026\/03\/IMG_3013-1-768x1024.jpeg 768w, https:\/\/fcbuetschwil.ch\/neu\/wp-content\/uploads\/2026\/03\/IMG_3013-1-750x1000.jpeg 750w, https:\/\/fcbuetschwil.ch\/neu\/wp-content\/uploads\/2026\/03\/IMG_3013-1-300x400.jpeg 300w, https:\/\/fcbuetschwil.ch\/neu\/wp-content\/uploads\/2026\/03\/IMG_3013-1-1152x1536.jpeg 1152w, https:\/\/fcbuetschwil.ch\/neu\/wp-content\/uploads\/2026\/03\/IMG_3013-1-1536x2048.jpeg 1536w, https:\/\/fcbuetschwil.ch\/neu\/wp-content\/uploads\/2026\/03\/IMG_3013-1-scaled.jpeg 1920w\" sizes=\"(max-width: 768px) 100vw, 768px\" \/><\/figure>\n\n\n\n<figure class=\"wp-block-image size-large\"><img loading=\"lazy\" width=\"768\" height=\"1024\" data-id=\"8795\"  src=\"https:\/\/fcbuetschwil.ch\/neu\/wp-content\/uploads\/2026\/03\/IMG_3037-1-768x1024.jpeg\" alt=\"\" class=\"wp-image-8795\" srcset=\"https:\/\/fcbuetschwil.ch\/neu\/wp-content\/uploads\/2026\/03\/IMG_3037-1-768x1024.jpeg 768w, https:\/\/fcbuetschwil.ch\/neu\/wp-content\/uploads\/2026\/03\/IMG_3037-1-750x1000.jpeg 750w, https:\/\/fcbuetschwil.ch\/neu\/wp-content\/uploads\/2026\/03\/IMG_3037-1-300x400.jpeg 300w, https:\/\/fcbuetschwil.ch\/neu\/wp-content\/uploads\/2026\/03\/IMG_3037-1-1152x1536.jpeg 1152w, https:\/\/fcbuetschwil.ch\/neu\/wp-content\/uploads\/2026\/03\/IMG_3037-1-1536x2048.jpeg 1536w, https:\/\/fcbuetschwil.ch\/neu\/wp-content\/uploads\/2026\/03\/IMG_3037-1-scaled.jpeg 1920w\" sizes=\"(max-width: 768px) 100vw, 768px\" \/><\/figure>\n\n\n\n<figure class=\"wp-block-image size-large\"><img loading=\"lazy\" width=\"768\" height=\"1024\" data-id=\"8798\"  src=\"https:\/\/fcbuetschwil.ch\/neu\/wp-content\/uploads\/2026\/03\/41ea7d00-15ed-4c83-867d-b168ffb980d8-1-768x1024.jpeg\" alt=\"\" class=\"wp-image-8798\" srcset=\"https:\/\/fcbuetschwil.ch\/neu\/wp-content\/uploads\/2026\/03\/41ea7d00-15ed-4c83-867d-b168ffb980d8-1-768x1024.jpeg 768w, https:\/\/fcbuetschwil.ch\/neu\/wp-content\/uploads\/2026\/03\/41ea7d00-15ed-4c83-867d-b168ffb980d8-1-750x1000.jpeg 750w, https:\/\/fcbuetschwil.ch\/neu\/wp-content\/uploads\/2026\/03\/41ea7d00-15ed-4c83-867d-b168ffb980d8-1-300x400.jpeg 300w, https:\/\/fcbuetschwil.ch\/neu\/wp-content\/uploads\/2026\/03\/41ea7d00-15ed-4c83-867d-b168ffb980d8-1-1152x1536.jpeg 1152w, https:\/\/fcbuetschwil.ch\/neu\/wp-content\/uploads\/2026\/03\/41ea7d00-15ed-4c83-867d-b168ffb980d8-1.jpeg 1536w\" sizes=\"(max-width: 768px) 100vw, 768px\" \/><\/figure>\n\n\n\n<figure class=\"wp-block-image size-large\"><img loading=\"lazy\" width=\"768\" height=\"1024\" data-id=\"8799\"  src=\"https:\/\/fcbuetschwil.ch\/neu\/wp-content\/uploads\/2026\/03\/IMG_2091-1-768x1024.jpeg\" alt=\"\" class=\"wp-image-8799\" srcset=\"https:\/\/fcbuetschwil.ch\/neu\/wp-content\/uploads\/2026\/03\/IMG_2091-1-768x1024.jpeg 768w, https:\/\/fcbuetschwil.ch\/neu\/wp-content\/uploads\/2026\/03\/IMG_2091-1-750x1000.jpeg 750w, https:\/\/fcbuetschwil.ch\/neu\/wp-content\/uploads\/2026\/03\/IMG_2091-1-300x400.jpeg 300w, https:\/\/fcbuetschwil.ch\/neu\/wp-content\/uploads\/2026\/03\/IMG_2091-1-1152x1536.jpeg 1152w, https:\/\/fcbuetschwil.ch\/neu\/wp-content\/uploads\/2026\/03\/IMG_2091-1-1536x2048.jpeg 1536w, https:\/\/fcbuetschwil.ch\/neu\/wp-content\/uploads\/2026\/03\/IMG_2091-1-scaled.jpeg 1920w\" sizes=\"(max-width: 768px) 100vw, 768px\" \/><\/figure>\n\n\n\n<figure class=\"wp-block-image size-large\"><img loading=\"lazy\" width=\"1024\" height=\"768\" data-id=\"8800\"  src=\"https:\/\/fcbuetschwil.ch\/neu\/wp-content\/uploads\/2026\/03\/IMG_2102-1-1024x768.jpeg\" alt=\"\" class=\"wp-image-8800\" srcset=\"https:\/\/fcbuetschwil.ch\/neu\/wp-content\/uploads\/2026\/03\/IMG_2102-1-1024x768.jpeg 1024w, https:\/\/fcbuetschwil.ch\/neu\/wp-content\/uploads\/2026\/03\/IMG_2102-1-1000x750.jpeg 1000w, https:\/\/fcbuetschwil.ch\/neu\/wp-content\/uploads\/2026\/03\/IMG_2102-1-768x576.jpeg 768w, https:\/\/fcbuetschwil.ch\/neu\/wp-content\/uploads\/2026\/03\/IMG_2102-1-1536x1152.jpeg 1536w, https:\/\/fcbuetschwil.ch\/neu\/wp-content\/uploads\/2026\/03\/IMG_2102-1-2048x1536.jpeg 2048w\" sizes=\"(max-width: 1024px) 100vw, 1024px\" \/><\/figure>\n\n\n\n<figure class=\"wp-block-image size-large\"><img loading=\"lazy\" width=\"768\" height=\"1024\" data-id=\"8801\"  src=\"https:\/\/fcbuetschwil.ch\/neu\/wp-content\/uploads\/2026\/03\/3865cbd7-3a36-442f-9fa5-268539d60f9a-1-768x1024.jpeg\" alt=\"\" class=\"wp-image-8801\" srcset=\"https:\/\/fcbuetschwil.ch\/neu\/wp-content\/uploads\/2026\/03\/3865cbd7-3a36-442f-9fa5-268539d60f9a-1-768x1024.jpeg 768w, https:\/\/fcbuetschwil.ch\/neu\/wp-content\/uploads\/2026\/03\/3865cbd7-3a36-442f-9fa5-268539d60f9a-1-750x1000.jpeg 750w, https:\/\/fcbuetschwil.ch\/neu\/wp-content\/uploads\/2026\/03\/3865cbd7-3a36-442f-9fa5-268539d60f9a-1-300x400.jpeg 300w, https:\/\/fcbuetschwil.ch\/neu\/wp-content\/uploads\/2026\/03\/3865cbd7-3a36-442f-9fa5-268539d60f9a-1-1152x1536.jpeg 1152w, https:\/\/fcbuetschwil.ch\/neu\/wp-content\/uploads\/2026\/03\/3865cbd7-3a36-442f-9fa5-268539d60f9a-1.jpeg 1200w\" sizes=\"(max-width: 768px) 100vw, 768px\" \/><\/figure>\n\n\n\n<figure class=\"wp-block-image size-large\"><img loading=\"lazy\" width=\"768\" height=\"1024\" data-id=\"8802\"  src=\"https:\/\/fcbuetschwil.ch\/neu\/wp-content\/uploads\/2026\/03\/e87fbe80-29d8-42ca-966f-c3ff1555fd33-1-768x1024.jpeg\" alt=\"\" class=\"wp-image-8802\" srcset=\"https:\/\/fcbuetschwil.ch\/neu\/wp-content\/uploads\/2026\/03\/e87fbe80-29d8-42ca-966f-c3ff1555fd33-1-768x1024.jpeg 768w, https:\/\/fcbuetschwil.ch\/neu\/wp-content\/uploads\/2026\/03\/e87fbe80-29d8-42ca-966f-c3ff1555fd33-1-750x1000.jpeg 750w, https:\/\/fcbuetschwil.ch\/neu\/wp-content\/uploads\/2026\/03\/e87fbe80-29d8-42ca-966f-c3ff1555fd33-1-300x400.jpeg 300w, https:\/\/fcbuetschwil.ch\/neu\/wp-content\/uploads\/2026\/03\/e87fbe80-29d8-42ca-966f-c3ff1555fd33-1-1152x1536.jpeg 1152w, https:\/\/fcbuetschwil.ch\/neu\/wp-content\/uploads\/2026\/03\/e87fbe80-29d8-42ca-966f-c3ff1555fd33-1.jpeg 1200w\" sizes=\"(max-width: 768px) 100vw, 768px\" \/><\/figure>\n\n\n\n<figure class=\"wp-block-image size-large\"><img loading=\"lazy\" width=\"768\" height=\"1024\" data-id=\"8803\"  src=\"https:\/\/fcbuetschwil.ch\/neu\/wp-content\/uploads\/2026\/03\/e96f3aee-2dee-4a89-aceb-624732c3544b-1-768x1024.jpeg\" alt=\"\" class=\"wp-image-8803\" srcset=\"https:\/\/fcbuetschwil.ch\/neu\/wp-content\/uploads\/2026\/03\/e96f3aee-2dee-4a89-aceb-624732c3544b-1-768x1024.jpeg 768w, https:\/\/fcbuetschwil.ch\/neu\/wp-content\/uploads\/2026\/03\/e96f3aee-2dee-4a89-aceb-624732c3544b-1-750x1000.jpeg 750w, https:\/\/fcbuetschwil.ch\/neu\/wp-content\/uploads\/2026\/03\/e96f3aee-2dee-4a89-aceb-624732c3544b-1-300x400.jpeg 300w, https:\/\/fcbuetschwil.ch\/neu\/wp-content\/uploads\/2026\/03\/e96f3aee-2dee-4a89-aceb-624732c3544b-1-1152x1536.jpeg 1152w, https:\/\/fcbuetschwil.ch\/neu\/wp-content\/uploads\/2026\/03\/e96f3aee-2dee-4a89-aceb-624732c3544b-1.jpeg 1200w\" sizes=\"(max-width: 768px) 100vw, 768px\" \/><\/figure>\n\n\n\n<figure class=\"wp-block-image size-large\"><img loading=\"lazy\" width=\"1024\" height=\"768\" data-id=\"8804\"  src=\"https:\/\/fcbuetschwil.ch\/neu\/wp-content\/uploads\/2026\/03\/96e3833e-6cbb-4bb7-ae60-790cd21ac5ec-1-1024x768.jpeg\" alt=\"\" class=\"wp-image-8804\" srcset=\"https:\/\/fcbuetschwil.ch\/neu\/wp-content\/uploads\/2026\/03\/96e3833e-6cbb-4bb7-ae60-790cd21ac5ec-1-1024x768.jpeg 1024w, https:\/\/fcbuetschwil.ch\/neu\/wp-content\/uploads\/2026\/03\/96e3833e-6cbb-4bb7-ae60-790cd21ac5ec-1-1000x750.jpeg 1000w, https:\/\/fcbuetschwil.ch\/neu\/wp-content\/uploads\/2026\/03\/96e3833e-6cbb-4bb7-ae60-790cd21ac5ec-1-768x576.jpeg 768w, https:\/\/fcbuetschwil.ch\/neu\/wp-content\/uploads\/2026\/03\/96e3833e-6cbb-4bb7-ae60-790cd21ac5ec-1-1536x1152.jpeg 1536w, https:\/\/fcbuetschwil.ch\/neu\/wp-content\/uploads\/2026\/03\/96e3833e-6cbb-4bb7-ae60-790cd21ac5ec-1.jpeg 1600w\" sizes=\"(max-width: 1024px) 100vw, 1024px\" \/><\/figure>\n\n\n\n<figure class=\"wp-block-image size-large\"><img loading=\"lazy\" width=\"768\" height=\"1024\" data-id=\"8805\"  src=\"https:\/\/fcbuetschwil.ch\/neu\/wp-content\/uploads\/2026\/03\/58cf1441-cb2f-4053-8c2c-8a194849c548-1-768x1024.jpeg\" alt=\"\" class=\"wp-image-8805\" srcset=\"https:\/\/fcbuetschwil.ch\/neu\/wp-content\/uploads\/2026\/03\/58cf1441-cb2f-4053-8c2c-8a194849c548-1-768x1024.jpeg 768w, https:\/\/fcbuetschwil.ch\/neu\/wp-content\/uploads\/2026\/03\/58cf1441-cb2f-4053-8c2c-8a194849c548-1-750x1000.jpeg 750w, https:\/\/fcbuetschwil.ch\/neu\/wp-content\/uploads\/2026\/03\/58cf1441-cb2f-4053-8c2c-8a194849c548-1-300x400.jpeg 300w, https:\/\/fcbuetschwil.ch\/neu\/wp-content\/uploads\/2026\/03\/58cf1441-cb2f-4053-8c2c-8a194849c548-1-1152x1536.jpeg 1152w, https:\/\/fcbuetschwil.ch\/neu\/wp-content\/uploads\/2026\/03\/58cf1441-cb2f-4053-8c2c-8a194849c548-1-1536x2048.jpeg 1536w, https:\/\/fcbuetschwil.ch\/neu\/wp-content\/uploads\/2026\/03\/58cf1441-cb2f-4053-8c2c-8a194849c548-1-scaled.jpeg 1920w\" sizes=\"(max-width: 768px) 100vw, 768px\" \/><\/figure>\n\n\n\n<figure class=\"wp-block-image size-large\"><img loading=\"lazy\" width=\"768\" height=\"1024\" data-id=\"8806\"  src=\"https:\/\/fcbuetschwil.ch\/neu\/wp-content\/uploads\/2026\/03\/385b3b9c-5064-43ed-a52f-41454a5b67f0-1-768x1024.jpeg\" alt=\"\" class=\"wp-image-8806\" srcset=\"https:\/\/fcbuetschwil.ch\/neu\/wp-content\/uploads\/2026\/03\/385b3b9c-5064-43ed-a52f-41454a5b67f0-1-768x1024.jpeg 768w, https:\/\/fcbuetschwil.ch\/neu\/wp-content\/uploads\/2026\/03\/385b3b9c-5064-43ed-a52f-41454a5b67f0-1-750x1000.jpeg 750w, https:\/\/fcbuetschwil.ch\/neu\/wp-content\/uploads\/2026\/03\/385b3b9c-5064-43ed-a52f-41454a5b67f0-1-300x400.jpeg 300w, https:\/\/fcbuetschwil.ch\/neu\/wp-content\/uploads\/2026\/03\/385b3b9c-5064-43ed-a52f-41454a5b67f0-1-1152x1536.jpeg 1152w, https:\/\/fcbuetschwil.ch\/neu\/wp-content\/uploads\/2026\/03\/385b3b9c-5064-43ed-a52f-41454a5b67f0-1.jpeg 1200w\" sizes=\"(max-width: 768px) 100vw, 768px\" \/><\/figure>\n\n\n\n<figure class=\"wp-block-image size-large\"><img loading=\"lazy\" width=\"768\" height=\"1024\" data-id=\"8807\"  src=\"https:\/\/fcbuetschwil.ch\/neu\/wp-content\/uploads\/2026\/03\/32383574-7d82-404d-acbd-531a529e897a-1-768x1024.jpeg\" alt=\"\" class=\"wp-image-8807\" srcset=\"https:\/\/fcbuetschwil.ch\/neu\/wp-content\/uploads\/2026\/03\/32383574-7d82-404d-acbd-531a529e897a-1-768x1024.jpeg 768w, https:\/\/fcbuetschwil.ch\/neu\/wp-content\/uploads\/2026\/03\/32383574-7d82-404d-acbd-531a529e897a-1-750x1000.jpeg 750w, https:\/\/fcbuetschwil.ch\/neu\/wp-content\/uploads\/2026\/03\/32383574-7d82-404d-acbd-531a529e897a-1-300x400.jpeg 300w, https:\/\/fcbuetschwil.ch\/neu\/wp-content\/uploads\/2026\/03\/32383574-7d82-404d-acbd-531a529e897a-1-1152x1536.jpeg 1152w, https:\/\/fcbuetschwil.ch\/neu\/wp-content\/uploads\/2026\/03\/32383574-7d82-404d-acbd-531a529e897a-1-1536x2048.jpeg 1536w, https:\/\/fcbuetschwil.ch\/neu\/wp-content\/uploads\/2026\/03\/32383574-7d82-404d-acbd-531a529e897a-1-scaled.jpeg 1920w\" sizes=\"(max-width: 768px) 100vw, 768px\" \/><\/figure>\n\n\n\n<figure class=\"wp-block-image size-large\"><img loading=\"lazy\" width=\"768\" height=\"1024\" data-id=\"8808\"  src=\"https:\/\/fcbuetschwil.ch\/neu\/wp-content\/uploads\/2026\/03\/5f6f39ab-9586-404d-b225-8f8b762abf96-1-768x1024.jpeg\" alt=\"\" class=\"wp-image-8808\" srcset=\"https:\/\/fcbuetschwil.ch\/neu\/wp-content\/uploads\/2026\/03\/5f6f39ab-9586-404d-b225-8f8b762abf96-1-768x1024.jpeg 768w, https:\/\/fcbuetschwil.ch\/neu\/wp-content\/uploads\/2026\/03\/5f6f39ab-9586-404d-b225-8f8b762abf96-1-750x1000.jpeg 750w, https:\/\/fcbuetschwil.ch\/neu\/wp-content\/uploads\/2026\/03\/5f6f39ab-9586-404d-b225-8f8b762abf96-1-300x400.jpeg 300w, https:\/\/fcbuetschwil.ch\/neu\/wp-content\/uploads\/2026\/03\/5f6f39ab-9586-404d-b225-8f8b762abf96-1-1152x1536.jpeg 1152w, https:\/\/fcbuetschwil.ch\/neu\/wp-content\/uploads\/2026\/03\/5f6f39ab-9586-404d-b225-8f8b762abf96-1.jpeg 1200w\" sizes=\"(max-width: 768px) 100vw, 768px\" \/><\/figure>\n\n\n\n<figure class=\"wp-block-image size-large\"><img loading=\"lazy\" width=\"768\" height=\"1024\" data-id=\"8809\"  src=\"https:\/\/fcbuetschwil.ch\/neu\/wp-content\/uploads\/2026\/03\/5bc07eb8-7561-45d8-9563-5f542134091b-1-768x1024.jpeg\" alt=\"\" class=\"wp-image-8809\" srcset=\"https:\/\/fcbuetschwil.ch\/neu\/wp-content\/uploads\/2026\/03\/5bc07eb8-7561-45d8-9563-5f542134091b-1-768x1024.jpeg 768w, https:\/\/fcbuetschwil.ch\/neu\/wp-content\/uploads\/2026\/03\/5bc07eb8-7561-45d8-9563-5f542134091b-1-750x1000.jpeg 750w, https:\/\/fcbuetschwil.ch\/neu\/wp-content\/uploads\/2026\/03\/5bc07eb8-7561-45d8-9563-5f542134091b-1-300x400.jpeg 300w, https:\/\/fcbuetschwil.ch\/neu\/wp-content\/uploads\/2026\/03\/5bc07eb8-7561-45d8-9563-5f542134091b-1-1152x1536.jpeg 1152w, https:\/\/fcbuetschwil.ch\/neu\/wp-content\/uploads\/2026\/03\/5bc07eb8-7561-45d8-9563-5f542134091b-1-1536x2048.jpeg 1536w, https:\/\/fcbuetschwil.ch\/neu\/wp-content\/uploads\/2026\/03\/5bc07eb8-7561-45d8-9563-5f542134091b-1-scaled.jpeg 1920w\" sizes=\"(max-width: 768px) 100vw, 768px\" \/><\/figure>\n\n\n\n<figure class=\"wp-block-image size-large\"><img loading=\"lazy\" width=\"768\" height=\"1024\" data-id=\"8810\"  src=\"https:\/\/fcbuetschwil.ch\/neu\/wp-content\/uploads\/2026\/03\/f0cc55be-c2a2-4ff3-887f-2d9b3c4854ec-1-768x1024.jpeg\" alt=\"\" class=\"wp-image-8810\" srcset=\"https:\/\/fcbuetschwil.ch\/neu\/wp-content\/uploads\/2026\/03\/f0cc55be-c2a2-4ff3-887f-2d9b3c4854ec-1-768x1024.jpeg 768w, https:\/\/fcbuetschwil.ch\/neu\/wp-content\/uploads\/2026\/03\/f0cc55be-c2a2-4ff3-887f-2d9b3c4854ec-1-750x1000.jpeg 750w, https:\/\/fcbuetschwil.ch\/neu\/wp-content\/uploads\/2026\/03\/f0cc55be-c2a2-4ff3-887f-2d9b3c4854ec-1-300x400.jpeg 300w, https:\/\/fcbuetschwil.ch\/neu\/wp-content\/uploads\/2026\/03\/f0cc55be-c2a2-4ff3-887f-2d9b3c4854ec-1-1152x1536.jpeg 1152w, https:\/\/fcbuetschwil.ch\/neu\/wp-content\/uploads\/2026\/03\/f0cc55be-c2a2-4ff3-887f-2d9b3c4854ec-1-1536x2048.jpeg 1536w, https:\/\/fcbuetschwil.ch\/neu\/wp-content\/uploads\/2026\/03\/f0cc55be-c2a2-4ff3-887f-2d9b3c4854ec-1-scaled.jpeg 1920w\" sizes=\"(max-width: 768px) 100vw, 768px\" \/><\/figure>\n\n\n\n<figure class=\"wp-block-image size-large\"><img loading=\"lazy\" width=\"768\" height=\"1024\" data-id=\"8811\"  src=\"https:\/\/fcbuetschwil.ch\/neu\/wp-content\/uploads\/2026\/03\/55c99bb8-b5c9-41c0-a817-989c67d10f57-1-768x1024.jpeg\" alt=\"\" class=\"wp-image-8811\" srcset=\"https:\/\/fcbuetschwil.ch\/neu\/wp-content\/uploads\/2026\/03\/55c99bb8-b5c9-41c0-a817-989c67d10f57-1-768x1024.jpeg 768w, https:\/\/fcbuetschwil.ch\/neu\/wp-content\/uploads\/2026\/03\/55c99bb8-b5c9-41c0-a817-989c67d10f57-1-750x1000.jpeg 750w, https:\/\/fcbuetschwil.ch\/neu\/wp-content\/uploads\/2026\/03\/55c99bb8-b5c9-41c0-a817-989c67d10f57-1-300x400.jpeg 300w, https:\/\/fcbuetschwil.ch\/neu\/wp-content\/uploads\/2026\/03\/55c99bb8-b5c9-41c0-a817-989c67d10f57-1-1152x1536.jpeg 1152w, https:\/\/fcbuetschwil.ch\/neu\/wp-content\/uploads\/2026\/03\/55c99bb8-b5c9-41c0-a817-989c67d10f57-1.jpeg 1200w\" sizes=\"(max-width: 768px) 100vw, 768px\" \/><\/figure>\n\n\n\n<figure class=\"wp-block-image size-large\"><img loading=\"lazy\" width=\"768\" height=\"1024\" data-id=\"8812\"  src=\"https:\/\/fcbuetschwil.ch\/neu\/wp-content\/uploads\/2026\/03\/430b9a37-53fe-4362-a965-095c7367cb33-1-768x1024.jpeg\" alt=\"\" class=\"wp-image-8812\" srcset=\"https:\/\/fcbuetschwil.ch\/neu\/wp-content\/uploads\/2026\/03\/430b9a37-53fe-4362-a965-095c7367cb33-1-768x1024.jpeg 768w, https:\/\/fcbuetschwil.ch\/neu\/wp-content\/uploads\/2026\/03\/430b9a37-53fe-4362-a965-095c7367cb33-1-750x1000.jpeg 750w, https:\/\/fcbuetschwil.ch\/neu\/wp-content\/uploads\/2026\/03\/430b9a37-53fe-4362-a965-095c7367cb33-1-300x400.jpeg 300w, https:\/\/fcbuetschwil.ch\/neu\/wp-content\/uploads\/2026\/03\/430b9a37-53fe-4362-a965-095c7367cb33-1-1152x1536.jpeg 1152w, https:\/\/fcbuetschwil.ch\/neu\/wp-content\/uploads\/2026\/03\/430b9a37-53fe-4362-a965-095c7367cb33-1-1536x2048.jpeg 1536w, https:\/\/fcbuetschwil.ch\/neu\/wp-content\/uploads\/2026\/03\/430b9a37-53fe-4362-a965-095c7367cb33-1-scaled.jpeg 1920w\" sizes=\"(max-width: 768px) 100vw, 768px\" \/><\/figure>\n\n\n\n<figure class=\"wp-block-image size-large\"><img loading=\"lazy\" width=\"768\" height=\"1024\" data-id=\"8813\"  src=\"https:\/\/fcbuetschwil.ch\/neu\/wp-content\/uploads\/2026\/03\/c7dc0acc-1948-4b3a-a72e-d227c09f3b20-1-768x1024.jpeg\" alt=\"\" class=\"wp-image-8813\" srcset=\"https:\/\/fcbuetschwil.ch\/neu\/wp-content\/uploads\/2026\/03\/c7dc0acc-1948-4b3a-a72e-d227c09f3b20-1-768x1024.jpeg 768w, https:\/\/fcbuetschwil.ch\/neu\/wp-content\/uploads\/2026\/03\/c7dc0acc-1948-4b3a-a72e-d227c09f3b20-1-750x1000.jpeg 750w, https:\/\/fcbuetschwil.ch\/neu\/wp-content\/uploads\/2026\/03\/c7dc0acc-1948-4b3a-a72e-d227c09f3b20-1-300x400.jpeg 300w, https:\/\/fcbuetschwil.ch\/neu\/wp-content\/uploads\/2026\/03\/c7dc0acc-1948-4b3a-a72e-d227c09f3b20-1-1152x1536.jpeg 1152w, https:\/\/fcbuetschwil.ch\/neu\/wp-content\/uploads\/2026\/03\/c7dc0acc-1948-4b3a-a72e-d227c09f3b20-1.jpeg 1500w\" sizes=\"(max-width: 768px) 100vw, 768px\" \/><\/figure>\n\n\n\n<figure class=\"wp-block-image size-large\"><img loading=\"lazy\" width=\"768\" height=\"1024\" data-id=\"8814\"  src=\"https:\/\/fcbuetschwil.ch\/neu\/wp-content\/uploads\/2026\/03\/05d0db0c-e278-464e-8a1c-4c520a1c6557-1-768x1024.jpeg\" alt=\"\" class=\"wp-image-8814\" srcset=\"https:\/\/fcbuetschwil.ch\/neu\/wp-content\/uploads\/2026\/03\/05d0db0c-e278-464e-8a1c-4c520a1c6557-1-768x1024.jpeg 768w, https:\/\/fcbuetschwil.ch\/neu\/wp-content\/uploads\/2026\/03\/05d0db0c-e278-464e-8a1c-4c520a1c6557-1-750x1000.jpeg 750w, https:\/\/fcbuetschwil.ch\/neu\/wp-content\/uploads\/2026\/03\/05d0db0c-e278-464e-8a1c-4c520a1c6557-1-300x400.jpeg 300w, https:\/\/fcbuetschwil.ch\/neu\/wp-content\/uploads\/2026\/03\/05d0db0c-e278-464e-8a1c-4c520a1c6557-1-1152x1536.jpeg 1152w, https:\/\/fcbuetschwil.ch\/neu\/wp-content\/uploads\/2026\/03\/05d0db0c-e278-464e-8a1c-4c520a1c6557-1-1536x2048.jpeg 1536w, https:\/\/fcbuetschwil.ch\/neu\/wp-content\/uploads\/2026\/03\/05d0db0c-e278-464e-8a1c-4c520a1c6557-1-scaled.jpeg 1920w\" sizes=\"(max-width: 768px) 100vw, 768px\" \/><\/figure>\n\n\n\n<figure class=\"wp-block-image size-large\"><img loading=\"lazy\" width=\"1024\" height=\"768\" data-id=\"8815\"  src=\"https:\/\/fcbuetschwil.ch\/neu\/wp-content\/uploads\/2026\/03\/682bb0c0-472d-4559-8ab3-0d9192a282f7-1-1024x768.jpeg\" alt=\"\" class=\"wp-image-8815\" srcset=\"https:\/\/fcbuetschwil.ch\/neu\/wp-content\/uploads\/2026\/03\/682bb0c0-472d-4559-8ab3-0d9192a282f7-1-1024x768.jpeg 1024w, https:\/\/fcbuetschwil.ch\/neu\/wp-content\/uploads\/2026\/03\/682bb0c0-472d-4559-8ab3-0d9192a282f7-1-1000x750.jpeg 1000w, https:\/\/fcbuetschwil.ch\/neu\/wp-content\/uploads\/2026\/03\/682bb0c0-472d-4559-8ab3-0d9192a282f7-1-768x576.jpeg 768w, https:\/\/fcbuetschwil.ch\/neu\/wp-content\/uploads\/2026\/03\/682bb0c0-472d-4559-8ab3-0d9192a282f7-1-1536x1152.jpeg 1536w, https:\/\/fcbuetschwil.ch\/neu\/wp-content\/uploads\/2026\/03\/682bb0c0-472d-4559-8ab3-0d9192a282f7-1-2048x1536.jpeg 2048w\" sizes=\"(max-width: 1024px) 100vw, 1024px\" \/><\/figure>\n<\/figure>\n","protected":false},"excerpt":{"rendered":"<p>Der heutige Tag stand im Zeichen der Erholung \u2013 zumindest gr\u00f6sstenteils. Am Morgen wurde zun\u00e4chst der Wanderpokal vergeben. Die \u201eEhre\u201c ging diesmal an Gian P., der am Vortag navigationstechnisch nicht ganz auf der H\u00f6he war und sich damit den Titel redlich verdient hat. Der Pokal wechselte somit erneut den Besitzer. Zus\u00e4tzlich wurde eine kleine \u00dcberraschung&hellip;&nbsp;<a href=\"https:\/\/fcbuetschwil.ch\/neu\/trainingslager-aeaes-tag-4-2\/\" class=\"\" rel=\"bookmark\">Weiterlesen &raquo;<span class=\"screen-reader-text\">Trainingslager \u00c4\u00e4s &#8211; Tag 4<\/span><\/a><\/p>\n","protected":false},"author":11,"featured_media":8770,"comment_status":"open","ping_status":"open","sticky":false,"template":"","format":"standard","meta":{"inline_featured_image":false,"_mi_skip_tracking":false,"kia_subtitle":"Marbella 2026 - 4. Tagebucheintrag","neve_meta_sidebar":"","neve_meta_container":"","neve_meta_enable_content_width":"","neve_meta_content_width":0,"neve_meta_title_alignment":"","neve_meta_author_avatar":"","neve_post_elements_order":"","neve_meta_disable_header":"","neve_meta_disable_footer":"","neve_meta_disable_title":""},"categories":[55,34],"tags":[],"_links":{"self":[{"href":"https:\/\/fcbuetschwil.ch\/neu\/wp-json\/wp\/v2\/posts\/8791"}],"collection":[{"href":"https:\/\/fcbuetschwil.ch\/neu\/wp-json\/wp\/v2\/posts"}],"about":[{"href":"https:\/\/fcbuetschwil.ch\/neu\/wp-json\/wp\/v2\/types\/post"}],"author":[{"embeddable":true,"href":"https:\/\/fcbuetschwil.ch\/neu\/wp-json\/wp\/v2\/users\/11"}],"replies":[{"embeddable":true,"href":"https:\/\/fcbuetschwil.ch\/neu\/wp-json\/wp\/v2\/comments?post=8791"}],"version-history":[{"count":3,"href":"https:\/\/fcbuetschwil.ch\/neu\/wp-json\/wp\/v2\/posts\/8791\/revisions"}],"predecessor-version":[{"id":8816,"href":"https:\/\/fcbuetschwil.ch\/neu\/wp-json\/wp\/v2\/posts\/8791\/revisions\/8816"}],"wp:featuredmedia":[{"embeddable":true,"href":"https:\/\/fcbuetschwil.ch\/neu\/wp-json\/wp\/v2\/media\/8770"}],"wp:attachment":[{"href":"https:\/\/fcbuetschwil.ch\/neu\/wp-json\/wp\/v2\/media?parent=8791"}],"wp:term":[{"taxonomy":"category","embeddable":true,"href":"https:\/\/fcbuetschwil.ch\/neu\/wp-json\/wp\/v2\/categories?post=8791"},{"taxonomy":"post_tag","embeddable":true,"href":"https:\/\/fcbuetschwil.ch\/neu\/wp-json\/wp\/v2\/tags?post=8791"}],"curies":[{"name":"wp","href":"https:\/\/api.w.org\/{rel}","templated":true}]}}