{"id":8731,"date":"2026-03-04T00:46:34","date_gmt":"2026-03-03T22:46:34","guid":{"rendered":"https:\/\/fcbuetschwil.ch\/neu\/?p=8731"},"modified":"2026-03-04T10:15:28","modified_gmt":"2026-03-04T08:15:28","slug":"trainingslager-aeaes-tag-3-2","status":"publish","type":"post","link":"https:\/\/fcbuetschwil.ch\/neu\/trainingslager-aeaes-tag-3-2\/","title":{"rendered":"Trainingslager \u00c4\u00e4s &#8211; Tag 3"},"content":{"rendered":"\n<p>Wie \u00fcblich startete der Morgen mit der Vergabe des Wanderpokals. Beim Morgenappell erhielt Robin Z. die begehrte Troph\u00e4e \u2013 eine \u201eAuszeichnung\u201c f\u00fcr seinen gestrigen Telefon-Faux-pas. Der Pokal hat damit einen w\u00fcrdigen neuen Besitzer gefunden.<\/p>\n\n\n\n<p>Nach dem Fr\u00fchst\u00fcck ging es direkt auf den Trainingsplatz. Nach der Einheit wurde die n\u00e4chste Zimmerchallenge, das Lattenschiessen, absolviert. Hier zeigte Matthias R. starke Nerven und sicherte sich den Sieg f\u00fcr sein Team. Da einige noch nicht genug hatten, wurde spontan eine zus\u00e4tzliche Runde angeh\u00e4ngt, bei welcher sich derselbe Sch\u00fctze den Sieg inklusive des Wetteinsatzes ergatterte.<\/p>\n\n\n\n<p>Am Nachmittag besammelten wir uns alle, je nach Navigationsf\u00e4higkeit mehr oder weniger p\u00fcnktlich, zum Testspiel gegen den FC Greifensee. Dabei mussten wir uns leider mit 1:2 geschlagen geben. Unser Treffer zum zwischenzeitlichen Ausgleich gelang Silvio T., der einen Steilpass von Matthias R. verwerten konnte.<\/p>\n\n\n\n<p>Nach dem Spiel stand die Erholung im Vordergrund. Unsere Physio Sarah E. stellte sich dabei den in den ersten Tagen entstandenen muskul\u00e4ren Problemen.<\/p>\n\n\n\n<figure class=\"wp-container-2 wp-block-gallery-1 wp-block-gallery has-nested-images columns-default is-cropped\">\n<figure class=\"wp-block-image size-large\"><img loading=\"lazy\" width=\"768\" height=\"1024\" data-id=\"8746\"  src=\"https:\/\/fcbuetschwil.ch\/neu\/wp-content\/uploads\/2026\/03\/704029f0-6200-40bb-b0f2-843951fdf3ba-1-768x1024.jpeg\" alt=\"\" class=\"wp-image-8746\" srcset=\"https:\/\/fcbuetschwil.ch\/neu\/wp-content\/uploads\/2026\/03\/704029f0-6200-40bb-b0f2-843951fdf3ba-1-768x1024.jpeg 768w, https:\/\/fcbuetschwil.ch\/neu\/wp-content\/uploads\/2026\/03\/704029f0-6200-40bb-b0f2-843951fdf3ba-1-750x1000.jpeg 750w, https:\/\/fcbuetschwil.ch\/neu\/wp-content\/uploads\/2026\/03\/704029f0-6200-40bb-b0f2-843951fdf3ba-1-300x400.jpeg 300w, https:\/\/fcbuetschwil.ch\/neu\/wp-content\/uploads\/2026\/03\/704029f0-6200-40bb-b0f2-843951fdf3ba-1-1152x1536.jpeg 1152w, https:\/\/fcbuetschwil.ch\/neu\/wp-content\/uploads\/2026\/03\/704029f0-6200-40bb-b0f2-843951fdf3ba-1.jpeg 1200w\" sizes=\"(max-width: 768px) 100vw, 768px\" \/><\/figure>\n\n\n\n<figure class=\"wp-block-image size-large\"><img loading=\"lazy\" width=\"1024\" height=\"768\" data-id=\"8754\"  src=\"https:\/\/fcbuetschwil.ch\/neu\/wp-content\/uploads\/2026\/03\/fb937291-5180-46af-84a8-0dea89732eb3-1-1024x768.jpeg\" alt=\"\" class=\"wp-image-8754\" srcset=\"https:\/\/fcbuetschwil.ch\/neu\/wp-content\/uploads\/2026\/03\/fb937291-5180-46af-84a8-0dea89732eb3-1-1024x768.jpeg 1024w, https:\/\/fcbuetschwil.ch\/neu\/wp-content\/uploads\/2026\/03\/fb937291-5180-46af-84a8-0dea89732eb3-1-1000x750.jpeg 1000w, https:\/\/fcbuetschwil.ch\/neu\/wp-content\/uploads\/2026\/03\/fb937291-5180-46af-84a8-0dea89732eb3-1-768x576.jpeg 768w, https:\/\/fcbuetschwil.ch\/neu\/wp-content\/uploads\/2026\/03\/fb937291-5180-46af-84a8-0dea89732eb3-1-1536x1152.jpeg 1536w, https:\/\/fcbuetschwil.ch\/neu\/wp-content\/uploads\/2026\/03\/fb937291-5180-46af-84a8-0dea89732eb3-1.jpeg 1600w\" sizes=\"(max-width: 1024px) 100vw, 1024px\" \/><\/figure>\n\n\n\n<figure class=\"wp-block-image size-large\"><img loading=\"lazy\" width=\"1024\" height=\"768\" data-id=\"8747\"  src=\"https:\/\/fcbuetschwil.ch\/neu\/wp-content\/uploads\/2026\/03\/13dc929c-d354-4377-ad5a-7ea0986bde08-1-1024x768.jpeg\" alt=\"\" class=\"wp-image-8747\" srcset=\"https:\/\/fcbuetschwil.ch\/neu\/wp-content\/uploads\/2026\/03\/13dc929c-d354-4377-ad5a-7ea0986bde08-1-1024x768.jpeg 1024w, https:\/\/fcbuetschwil.ch\/neu\/wp-content\/uploads\/2026\/03\/13dc929c-d354-4377-ad5a-7ea0986bde08-1-1000x750.jpeg 1000w, https:\/\/fcbuetschwil.ch\/neu\/wp-content\/uploads\/2026\/03\/13dc929c-d354-4377-ad5a-7ea0986bde08-1-768x576.jpeg 768w, https:\/\/fcbuetschwil.ch\/neu\/wp-content\/uploads\/2026\/03\/13dc929c-d354-4377-ad5a-7ea0986bde08-1-1536x1152.jpeg 1536w, https:\/\/fcbuetschwil.ch\/neu\/wp-content\/uploads\/2026\/03\/13dc929c-d354-4377-ad5a-7ea0986bde08-1.jpeg 1600w\" sizes=\"(max-width: 1024px) 100vw, 1024px\" \/><\/figure>\n\n\n\n<figure class=\"wp-block-image size-large\"><img loading=\"lazy\" width=\"1024\" height=\"576\" data-id=\"8752\"  src=\"https:\/\/fcbuetschwil.ch\/neu\/wp-content\/uploads\/2026\/03\/931ad660-8df3-42dc-9ee9-403f861286bb-1-1024x576.jpeg\" alt=\"\" class=\"wp-image-8752\" srcset=\"https:\/\/fcbuetschwil.ch\/neu\/wp-content\/uploads\/2026\/03\/931ad660-8df3-42dc-9ee9-403f861286bb-1-1024x576.jpeg 1024w, https:\/\/fcbuetschwil.ch\/neu\/wp-content\/uploads\/2026\/03\/931ad660-8df3-42dc-9ee9-403f861286bb-1-1000x563.jpeg 1000w, https:\/\/fcbuetschwil.ch\/neu\/wp-content\/uploads\/2026\/03\/931ad660-8df3-42dc-9ee9-403f861286bb-1-768x432.jpeg 768w, https:\/\/fcbuetschwil.ch\/neu\/wp-content\/uploads\/2026\/03\/931ad660-8df3-42dc-9ee9-403f861286bb-1-1536x864.jpeg 1536w, https:\/\/fcbuetschwil.ch\/neu\/wp-content\/uploads\/2026\/03\/931ad660-8df3-42dc-9ee9-403f861286bb-1.jpeg 1600w\" sizes=\"(max-width: 1024px) 100vw, 1024px\" \/><\/figure>\n\n\n\n<figure class=\"wp-block-image size-large\"><img loading=\"lazy\" width=\"1024\" height=\"576\" data-id=\"8748\"  src=\"https:\/\/fcbuetschwil.ch\/neu\/wp-content\/uploads\/2026\/03\/700e2952-b47f-4f23-a5b4-6968d88977f2-1-1024x576.jpeg\" alt=\"\" class=\"wp-image-8748\" srcset=\"https:\/\/fcbuetschwil.ch\/neu\/wp-content\/uploads\/2026\/03\/700e2952-b47f-4f23-a5b4-6968d88977f2-1-1024x576.jpeg 1024w, https:\/\/fcbuetschwil.ch\/neu\/wp-content\/uploads\/2026\/03\/700e2952-b47f-4f23-a5b4-6968d88977f2-1-1000x563.jpeg 1000w, https:\/\/fcbuetschwil.ch\/neu\/wp-content\/uploads\/2026\/03\/700e2952-b47f-4f23-a5b4-6968d88977f2-1-768x432.jpeg 768w, https:\/\/fcbuetschwil.ch\/neu\/wp-content\/uploads\/2026\/03\/700e2952-b47f-4f23-a5b4-6968d88977f2-1-1536x864.jpeg 1536w, https:\/\/fcbuetschwil.ch\/neu\/wp-content\/uploads\/2026\/03\/700e2952-b47f-4f23-a5b4-6968d88977f2-1.jpeg 1600w\" sizes=\"(max-width: 1024px) 100vw, 1024px\" \/><\/figure>\n\n\n\n<figure class=\"wp-block-image size-large\"><img loading=\"lazy\" width=\"768\" height=\"1024\" data-id=\"8749\"  src=\"https:\/\/fcbuetschwil.ch\/neu\/wp-content\/uploads\/2026\/03\/efc7b4d1-d1fb-46d0-a489-9cd2272088b3-1-768x1024.jpeg\" alt=\"\" class=\"wp-image-8749\" srcset=\"https:\/\/fcbuetschwil.ch\/neu\/wp-content\/uploads\/2026\/03\/efc7b4d1-d1fb-46d0-a489-9cd2272088b3-1-768x1024.jpeg 768w, https:\/\/fcbuetschwil.ch\/neu\/wp-content\/uploads\/2026\/03\/efc7b4d1-d1fb-46d0-a489-9cd2272088b3-1-750x1000.jpeg 750w, https:\/\/fcbuetschwil.ch\/neu\/wp-content\/uploads\/2026\/03\/efc7b4d1-d1fb-46d0-a489-9cd2272088b3-1-300x400.jpeg 300w, https:\/\/fcbuetschwil.ch\/neu\/wp-content\/uploads\/2026\/03\/efc7b4d1-d1fb-46d0-a489-9cd2272088b3-1-1152x1536.jpeg 1152w, https:\/\/fcbuetschwil.ch\/neu\/wp-content\/uploads\/2026\/03\/efc7b4d1-d1fb-46d0-a489-9cd2272088b3-1.jpeg 1200w\" sizes=\"(max-width: 768px) 100vw, 768px\" \/><\/figure>\n\n\n\n<figure class=\"wp-block-image size-large\"><img loading=\"lazy\" width=\"1024\" height=\"768\" data-id=\"8756\"  src=\"https:\/\/fcbuetschwil.ch\/neu\/wp-content\/uploads\/2026\/03\/8880c587-290f-4b3d-8ff6-8fa0e6b2479a-2-1024x768.jpeg\" alt=\"\" class=\"wp-image-8756\" srcset=\"https:\/\/fcbuetschwil.ch\/neu\/wp-content\/uploads\/2026\/03\/8880c587-290f-4b3d-8ff6-8fa0e6b2479a-2-1024x768.jpeg 1024w, https:\/\/fcbuetschwil.ch\/neu\/wp-content\/uploads\/2026\/03\/8880c587-290f-4b3d-8ff6-8fa0e6b2479a-2-1000x750.jpeg 1000w, https:\/\/fcbuetschwil.ch\/neu\/wp-content\/uploads\/2026\/03\/8880c587-290f-4b3d-8ff6-8fa0e6b2479a-2-768x576.jpeg 768w, https:\/\/fcbuetschwil.ch\/neu\/wp-content\/uploads\/2026\/03\/8880c587-290f-4b3d-8ff6-8fa0e6b2479a-2-1536x1152.jpeg 1536w, https:\/\/fcbuetschwil.ch\/neu\/wp-content\/uploads\/2026\/03\/8880c587-290f-4b3d-8ff6-8fa0e6b2479a-2.jpeg 1600w\" sizes=\"(max-width: 1024px) 100vw, 1024px\" \/><\/figure>\n\n\n\n<figure class=\"wp-block-image size-large\"><img loading=\"lazy\" width=\"1024\" height=\"576\" data-id=\"8750\"  src=\"https:\/\/fcbuetschwil.ch\/neu\/wp-content\/uploads\/2026\/03\/931da522-9e7f-4b13-9b80-faae5e55fcc9-1-1024x576.jpeg\" alt=\"\" class=\"wp-image-8750\" srcset=\"https:\/\/fcbuetschwil.ch\/neu\/wp-content\/uploads\/2026\/03\/931da522-9e7f-4b13-9b80-faae5e55fcc9-1-1024x576.jpeg 1024w, https:\/\/fcbuetschwil.ch\/neu\/wp-content\/uploads\/2026\/03\/931da522-9e7f-4b13-9b80-faae5e55fcc9-1-1000x563.jpeg 1000w, https:\/\/fcbuetschwil.ch\/neu\/wp-content\/uploads\/2026\/03\/931da522-9e7f-4b13-9b80-faae5e55fcc9-1-768x432.jpeg 768w, https:\/\/fcbuetschwil.ch\/neu\/wp-content\/uploads\/2026\/03\/931da522-9e7f-4b13-9b80-faae5e55fcc9-1-1536x864.jpeg 1536w, https:\/\/fcbuetschwil.ch\/neu\/wp-content\/uploads\/2026\/03\/931da522-9e7f-4b13-9b80-faae5e55fcc9-1.jpeg 1600w\" sizes=\"(max-width: 1024px) 100vw, 1024px\" \/><\/figure>\n\n\n\n<figure class=\"wp-block-image size-large\"><img loading=\"lazy\" width=\"1024\" height=\"762\" data-id=\"8753\"  src=\"https:\/\/fcbuetschwil.ch\/neu\/wp-content\/uploads\/2026\/03\/7281f8c9-f479-48ed-b927-c7ee6c5ac64b-1-1024x762.jpeg\" alt=\"\" class=\"wp-image-8753\" srcset=\"https:\/\/fcbuetschwil.ch\/neu\/wp-content\/uploads\/2026\/03\/7281f8c9-f479-48ed-b927-c7ee6c5ac64b-1-1024x762.jpeg 1024w, https:\/\/fcbuetschwil.ch\/neu\/wp-content\/uploads\/2026\/03\/7281f8c9-f479-48ed-b927-c7ee6c5ac64b-1-1000x744.jpeg 1000w, https:\/\/fcbuetschwil.ch\/neu\/wp-content\/uploads\/2026\/03\/7281f8c9-f479-48ed-b927-c7ee6c5ac64b-1-768x571.jpeg 768w, https:\/\/fcbuetschwil.ch\/neu\/wp-content\/uploads\/2026\/03\/7281f8c9-f479-48ed-b927-c7ee6c5ac64b-1.jpeg 1281w\" sizes=\"(max-width: 1024px) 100vw, 1024px\" \/><\/figure>\n<\/figure>\n","protected":false},"excerpt":{"rendered":"<p>Wie \u00fcblich startete der Morgen mit der Vergabe des Wanderpokals. Beim Morgenappell erhielt Robin Z. die begehrte Troph\u00e4e \u2013 eine \u201eAuszeichnung\u201c f\u00fcr seinen gestrigen Telefon-Faux-pas. Der Pokal hat damit einen w\u00fcrdigen neuen Besitzer gefunden. Nach dem Fr\u00fchst\u00fcck ging es direkt auf den Trainingsplatz. Nach der Einheit wurde die n\u00e4chste Zimmerchallenge, das Lattenschiessen, absolviert. Hier zeigte&hellip;&nbsp;<a href=\"https:\/\/fcbuetschwil.ch\/neu\/trainingslager-aeaes-tag-3-2\/\" class=\"\" rel=\"bookmark\">Weiterlesen &raquo;<span class=\"screen-reader-text\">Trainingslager \u00c4\u00e4s &#8211; Tag 3<\/span><\/a><\/p>\n","protected":false},"author":11,"featured_media":8738,"comment_status":"open","ping_status":"open","sticky":false,"template":"","format":"standard","meta":{"inline_featured_image":false,"_mi_skip_tracking":false,"kia_subtitle":"Marbella 2026 - 3. Tagebucheintrag","neve_meta_sidebar":"","neve_meta_container":"","neve_meta_enable_content_width":"","neve_meta_content_width":0,"neve_meta_title_alignment":"","neve_meta_author_avatar":"","neve_post_elements_order":"","neve_meta_disable_header":"","neve_meta_disable_footer":"","neve_meta_disable_title":""},"categories":[55,34],"tags":[],"_links":{"self":[{"href":"https:\/\/fcbuetschwil.ch\/neu\/wp-json\/wp\/v2\/posts\/8731"}],"collection":[{"href":"https:\/\/fcbuetschwil.ch\/neu\/wp-json\/wp\/v2\/posts"}],"about":[{"href":"https:\/\/fcbuetschwil.ch\/neu\/wp-json\/wp\/v2\/types\/post"}],"author":[{"embeddable":true,"href":"https:\/\/fcbuetschwil.ch\/neu\/wp-json\/wp\/v2\/users\/11"}],"replies":[{"embeddable":true,"href":"https:\/\/fcbuetschwil.ch\/neu\/wp-json\/wp\/v2\/comments?post=8731"}],"version-history":[{"count":5,"href":"https:\/\/fcbuetschwil.ch\/neu\/wp-json\/wp\/v2\/posts\/8731\/revisions"}],"predecessor-version":[{"id":8759,"href":"https:\/\/fcbuetschwil.ch\/neu\/wp-json\/wp\/v2\/posts\/8731\/revisions\/8759"}],"wp:featuredmedia":[{"embeddable":true,"href":"https:\/\/fcbuetschwil.ch\/neu\/wp-json\/wp\/v2\/media\/8738"}],"wp:attachment":[{"href":"https:\/\/fcbuetschwil.ch\/neu\/wp-json\/wp\/v2\/media?parent=8731"}],"wp:term":[{"taxonomy":"category","embeddable":true,"href":"https:\/\/fcbuetschwil.ch\/neu\/wp-json\/wp\/v2\/categories?post=8731"},{"taxonomy":"post_tag","embeddable":true,"href":"https:\/\/fcbuetschwil.ch\/neu\/wp-json\/wp\/v2\/tags?post=8731"}],"curies":[{"name":"wp","href":"https:\/\/api.w.org\/{rel}","templated":true}]}}