{"id":8698,"date":"2026-03-03T10:48:47","date_gmt":"2026-03-03T08:48:47","guid":{"rendered":"https:\/\/fcbuetschwil.ch\/neu\/?p=8698"},"modified":"2026-03-03T14:52:16","modified_gmt":"2026-03-03T12:52:16","slug":"trainingslager-aeaes-tag-2-2","status":"publish","type":"post","link":"https:\/\/fcbuetschwil.ch\/neu\/trainingslager-aeaes-tag-2-2\/","title":{"rendered":"Trainingslager \u00c4\u00e4s &#8211; Tag 2"},"content":{"rendered":"\n<p>Am Morgen des zweiten Tages stand der Klassiker auf dem Programm: Jung gegen Alt. Beide Teams gingen motiviert zur Sache, und es entwickelte sich ein intensives Spiel mit vielen offensiven Aktionen. Die Jungen, angef\u00fchrt vom Stamm\u00e4ltesten Leandro E., \u00fcberzeugten mit viel Tempo, die \u00c4lteren, mit unter anderem dem aus dem Ruhestand zur\u00fcckgekehrten Tobias Z., mit Erfahrung und \u00dcbersicht \u2013 eine Kombination, die am Ende zu einem gerechten 3:3 f\u00fchrte.<\/p>\n\n\n\n<p>Die Entscheidung musste also im Penaltyschiessen fallen. Dort zeigte Team Alt etwas mehr Ruhe vom Punkt und sicherte sich den Sieg. Der Jubel war entsprechend gross \u2013 wenn auch nicht ganz so dynamisch wie bei der jungen Konkurrenz.<\/p>\n\n\n\n<p>Am Nachmittag ging es gemeinsam in die Stadt Marbella. Nach einem gem\u00fctlichen Mittagessen blieb gen\u00fcgend Zeit, um durch die Gassen zu schlendern und bei einem Bierchen \u00fcber das umk\u00e4mpfte Spiel vom Vormittag zu diskutieren. W\u00e4hrend einer entspannten Molotow-Runde wirkte Flavio G. etwas zu angespannt und erlitt tats\u00e4chlich einen Krampf im Oberschenkel. Unsere Physio Sarah E. konnte dabei nur zusehen und lachen.<\/p>\n\n\n\n<p>Am sp\u00e4teren Nachmittag erkundigte sich Robin Z. bei Claudio B. um seinen Standort und verw\u00e4hlte sich dabei leicht. Ungl\u00fccklicherweise hat die Mutter der G\u00e4\u00e4ssberg-Zwillinge einen \u00e4hnlichen Vornamen, sodass er sich dieses Missgeschick f\u00fcr den Rest des Abends vorwerfen lassen musste.<\/p>\n\n\n\n<p>Den Abschluss des Tages bildete ein gemeinsames Abendessen in einem Steakhouse. Bei gutem Essen und vielen Gespr\u00e4chen liessen wir den Tag Revue passieren.<\/p>\n\n\n\n<p>Somit geht ein gelungener zweiter Tag zu Ende.<\/p>\n\n\n\n<figure class=\"wp-container-2 wp-block-gallery-1 wp-block-gallery has-nested-images columns-default is-cropped\">\n<figure class=\"wp-block-image size-large\"><img loading=\"lazy\" width=\"1024\" height=\"768\" data-id=\"8714\"  src=\"https:\/\/fcbuetschwil.ch\/neu\/wp-content\/uploads\/2026\/03\/7e39221e-8197-4676-a2cf-73bc4d04b4f0-1-1024x768.jpeg\" alt=\"\" class=\"wp-image-8714\" srcset=\"https:\/\/fcbuetschwil.ch\/neu\/wp-content\/uploads\/2026\/03\/7e39221e-8197-4676-a2cf-73bc4d04b4f0-1-1024x768.jpeg 1024w, https:\/\/fcbuetschwil.ch\/neu\/wp-content\/uploads\/2026\/03\/7e39221e-8197-4676-a2cf-73bc4d04b4f0-1-1000x750.jpeg 1000w, https:\/\/fcbuetschwil.ch\/neu\/wp-content\/uploads\/2026\/03\/7e39221e-8197-4676-a2cf-73bc4d04b4f0-1-768x576.jpeg 768w, https:\/\/fcbuetschwil.ch\/neu\/wp-content\/uploads\/2026\/03\/7e39221e-8197-4676-a2cf-73bc4d04b4f0-1-1536x1152.jpeg 1536w, https:\/\/fcbuetschwil.ch\/neu\/wp-content\/uploads\/2026\/03\/7e39221e-8197-4676-a2cf-73bc4d04b4f0-1.jpeg 1600w\" sizes=\"(max-width: 1024px) 100vw, 1024px\" \/><\/figure>\n\n\n\n<figure class=\"wp-block-image size-large\"><img loading=\"lazy\" width=\"1024\" height=\"768\" data-id=\"8715\"  src=\"https:\/\/fcbuetschwil.ch\/neu\/wp-content\/uploads\/2026\/03\/f1309250-f6a2-4d57-967e-71183167daa3-1-1024x768.jpeg\" alt=\"\" class=\"wp-image-8715\" srcset=\"https:\/\/fcbuetschwil.ch\/neu\/wp-content\/uploads\/2026\/03\/f1309250-f6a2-4d57-967e-71183167daa3-1-1024x768.jpeg 1024w, https:\/\/fcbuetschwil.ch\/neu\/wp-content\/uploads\/2026\/03\/f1309250-f6a2-4d57-967e-71183167daa3-1-1000x750.jpeg 1000w, https:\/\/fcbuetschwil.ch\/neu\/wp-content\/uploads\/2026\/03\/f1309250-f6a2-4d57-967e-71183167daa3-1-768x576.jpeg 768w, https:\/\/fcbuetschwil.ch\/neu\/wp-content\/uploads\/2026\/03\/f1309250-f6a2-4d57-967e-71183167daa3-1-1536x1152.jpeg 1536w, https:\/\/fcbuetschwil.ch\/neu\/wp-content\/uploads\/2026\/03\/f1309250-f6a2-4d57-967e-71183167daa3-1.jpeg 1600w\" sizes=\"(max-width: 1024px) 100vw, 1024px\" \/><\/figure>\n\n\n\n<figure class=\"wp-block-image size-large\"><img loading=\"lazy\" width=\"768\" height=\"1024\" data-id=\"8717\"  src=\"https:\/\/fcbuetschwil.ch\/neu\/wp-content\/uploads\/2026\/03\/9791b9b8-1020-4d93-b0a0-8a4f95feb4fb-1-768x1024.jpeg\" alt=\"\" class=\"wp-image-8717\" srcset=\"https:\/\/fcbuetschwil.ch\/neu\/wp-content\/uploads\/2026\/03\/9791b9b8-1020-4d93-b0a0-8a4f95feb4fb-1-768x1024.jpeg 768w, https:\/\/fcbuetschwil.ch\/neu\/wp-content\/uploads\/2026\/03\/9791b9b8-1020-4d93-b0a0-8a4f95feb4fb-1-750x1000.jpeg 750w, https:\/\/fcbuetschwil.ch\/neu\/wp-content\/uploads\/2026\/03\/9791b9b8-1020-4d93-b0a0-8a4f95feb4fb-1-300x400.jpeg 300w, https:\/\/fcbuetschwil.ch\/neu\/wp-content\/uploads\/2026\/03\/9791b9b8-1020-4d93-b0a0-8a4f95feb4fb-1-1152x1536.jpeg 1152w, https:\/\/fcbuetschwil.ch\/neu\/wp-content\/uploads\/2026\/03\/9791b9b8-1020-4d93-b0a0-8a4f95feb4fb-1.jpeg 1200w\" sizes=\"(max-width: 768px) 100vw, 768px\" \/><\/figure>\n\n\n\n<figure class=\"wp-block-image size-large\"><img loading=\"lazy\" width=\"768\" height=\"1024\" data-id=\"8718\"  src=\"https:\/\/fcbuetschwil.ch\/neu\/wp-content\/uploads\/2026\/03\/0e028d52-52b6-4a6e-b203-250c772bd896-1-768x1024.jpeg\" alt=\"\" class=\"wp-image-8718\" srcset=\"https:\/\/fcbuetschwil.ch\/neu\/wp-content\/uploads\/2026\/03\/0e028d52-52b6-4a6e-b203-250c772bd896-1-768x1024.jpeg 768w, https:\/\/fcbuetschwil.ch\/neu\/wp-content\/uploads\/2026\/03\/0e028d52-52b6-4a6e-b203-250c772bd896-1-750x1000.jpeg 750w, https:\/\/fcbuetschwil.ch\/neu\/wp-content\/uploads\/2026\/03\/0e028d52-52b6-4a6e-b203-250c772bd896-1-300x400.jpeg 300w, https:\/\/fcbuetschwil.ch\/neu\/wp-content\/uploads\/2026\/03\/0e028d52-52b6-4a6e-b203-250c772bd896-1-1152x1536.jpeg 1152w, https:\/\/fcbuetschwil.ch\/neu\/wp-content\/uploads\/2026\/03\/0e028d52-52b6-4a6e-b203-250c772bd896-1.jpeg 1200w\" sizes=\"(max-width: 768px) 100vw, 768px\" \/><\/figure>\n\n\n\n<figure class=\"wp-block-image size-large\"><img loading=\"lazy\" width=\"768\" height=\"1024\" data-id=\"8716\"  src=\"https:\/\/fcbuetschwil.ch\/neu\/wp-content\/uploads\/2026\/03\/19391e9d-2c69-46e1-9237-aeb448b4a908-1-768x1024.jpeg\" alt=\"\" class=\"wp-image-8716\" srcset=\"https:\/\/fcbuetschwil.ch\/neu\/wp-content\/uploads\/2026\/03\/19391e9d-2c69-46e1-9237-aeb448b4a908-1-768x1024.jpeg 768w, https:\/\/fcbuetschwil.ch\/neu\/wp-content\/uploads\/2026\/03\/19391e9d-2c69-46e1-9237-aeb448b4a908-1-750x1000.jpeg 750w, https:\/\/fcbuetschwil.ch\/neu\/wp-content\/uploads\/2026\/03\/19391e9d-2c69-46e1-9237-aeb448b4a908-1-300x400.jpeg 300w, https:\/\/fcbuetschwil.ch\/neu\/wp-content\/uploads\/2026\/03\/19391e9d-2c69-46e1-9237-aeb448b4a908-1-1152x1536.jpeg 1152w, https:\/\/fcbuetschwil.ch\/neu\/wp-content\/uploads\/2026\/03\/19391e9d-2c69-46e1-9237-aeb448b4a908-1.jpeg 1200w\" sizes=\"(max-width: 768px) 100vw, 768px\" \/><\/figure>\n\n\n\n<figure class=\"wp-block-image size-large\"><img loading=\"lazy\" width=\"1024\" height=\"768\" data-id=\"8720\"  src=\"https:\/\/fcbuetschwil.ch\/neu\/wp-content\/uploads\/2026\/03\/827e22fd-8ac2-40a1-b7b1-9d401cf7f4f2-1-1024x768.jpeg\" alt=\"\" class=\"wp-image-8720\" srcset=\"https:\/\/fcbuetschwil.ch\/neu\/wp-content\/uploads\/2026\/03\/827e22fd-8ac2-40a1-b7b1-9d401cf7f4f2-1-1024x768.jpeg 1024w, https:\/\/fcbuetschwil.ch\/neu\/wp-content\/uploads\/2026\/03\/827e22fd-8ac2-40a1-b7b1-9d401cf7f4f2-1-1000x750.jpeg 1000w, https:\/\/fcbuetschwil.ch\/neu\/wp-content\/uploads\/2026\/03\/827e22fd-8ac2-40a1-b7b1-9d401cf7f4f2-1-768x576.jpeg 768w, https:\/\/fcbuetschwil.ch\/neu\/wp-content\/uploads\/2026\/03\/827e22fd-8ac2-40a1-b7b1-9d401cf7f4f2-1-1536x1152.jpeg 1536w, https:\/\/fcbuetschwil.ch\/neu\/wp-content\/uploads\/2026\/03\/827e22fd-8ac2-40a1-b7b1-9d401cf7f4f2-1.jpeg 1600w\" sizes=\"(max-width: 1024px) 100vw, 1024px\" \/><\/figure>\n\n\n\n<figure class=\"wp-block-image size-large\"><img loading=\"lazy\" width=\"1024\" height=\"768\" data-id=\"8721\"  src=\"https:\/\/fcbuetschwil.ch\/neu\/wp-content\/uploads\/2026\/03\/2faa4688-2807-4685-a064-00f85c49103e-1-1024x768.jpeg\" alt=\"\" class=\"wp-image-8721\" srcset=\"https:\/\/fcbuetschwil.ch\/neu\/wp-content\/uploads\/2026\/03\/2faa4688-2807-4685-a064-00f85c49103e-1-1024x768.jpeg 1024w, https:\/\/fcbuetschwil.ch\/neu\/wp-content\/uploads\/2026\/03\/2faa4688-2807-4685-a064-00f85c49103e-1-1000x750.jpeg 1000w, https:\/\/fcbuetschwil.ch\/neu\/wp-content\/uploads\/2026\/03\/2faa4688-2807-4685-a064-00f85c49103e-1-768x576.jpeg 768w, https:\/\/fcbuetschwil.ch\/neu\/wp-content\/uploads\/2026\/03\/2faa4688-2807-4685-a064-00f85c49103e-1-1536x1152.jpeg 1536w, https:\/\/fcbuetschwil.ch\/neu\/wp-content\/uploads\/2026\/03\/2faa4688-2807-4685-a064-00f85c49103e-1.jpeg 1600w\" sizes=\"(max-width: 1024px) 100vw, 1024px\" \/><\/figure>\n\n\n\n<figure class=\"wp-block-image size-large\"><img loading=\"lazy\" width=\"768\" height=\"1024\" data-id=\"8722\"  src=\"https:\/\/fcbuetschwil.ch\/neu\/wp-content\/uploads\/2026\/03\/149d205f-165f-42ea-b6a4-495c433b6df9-1-768x1024.jpeg\" alt=\"\" class=\"wp-image-8722\" srcset=\"https:\/\/fcbuetschwil.ch\/neu\/wp-content\/uploads\/2026\/03\/149d205f-165f-42ea-b6a4-495c433b6df9-1-768x1024.jpeg 768w, https:\/\/fcbuetschwil.ch\/neu\/wp-content\/uploads\/2026\/03\/149d205f-165f-42ea-b6a4-495c433b6df9-1-750x1000.jpeg 750w, https:\/\/fcbuetschwil.ch\/neu\/wp-content\/uploads\/2026\/03\/149d205f-165f-42ea-b6a4-495c433b6df9-1-300x400.jpeg 300w, https:\/\/fcbuetschwil.ch\/neu\/wp-content\/uploads\/2026\/03\/149d205f-165f-42ea-b6a4-495c433b6df9-1-1152x1536.jpeg 1152w, https:\/\/fcbuetschwil.ch\/neu\/wp-content\/uploads\/2026\/03\/149d205f-165f-42ea-b6a4-495c433b6df9-1.jpeg 1200w\" sizes=\"(max-width: 768px) 100vw, 768px\" \/><\/figure>\n\n\n\n<figure class=\"wp-block-image size-large\"><img loading=\"lazy\" width=\"1024\" height=\"768\" data-id=\"8719\"  src=\"https:\/\/fcbuetschwil.ch\/neu\/wp-content\/uploads\/2026\/03\/e348716c-8510-4c03-a559-4fd5c1dc1563-1-1024x768.jpeg\" alt=\"\" class=\"wp-image-8719\" srcset=\"https:\/\/fcbuetschwil.ch\/neu\/wp-content\/uploads\/2026\/03\/e348716c-8510-4c03-a559-4fd5c1dc1563-1-1024x768.jpeg 1024w, https:\/\/fcbuetschwil.ch\/neu\/wp-content\/uploads\/2026\/03\/e348716c-8510-4c03-a559-4fd5c1dc1563-1-1000x750.jpeg 1000w, https:\/\/fcbuetschwil.ch\/neu\/wp-content\/uploads\/2026\/03\/e348716c-8510-4c03-a559-4fd5c1dc1563-1-768x576.jpeg 768w, https:\/\/fcbuetschwil.ch\/neu\/wp-content\/uploads\/2026\/03\/e348716c-8510-4c03-a559-4fd5c1dc1563-1-1536x1152.jpeg 1536w, https:\/\/fcbuetschwil.ch\/neu\/wp-content\/uploads\/2026\/03\/e348716c-8510-4c03-a559-4fd5c1dc1563-1.jpeg 1600w\" sizes=\"(max-width: 1024px) 100vw, 1024px\" \/><\/figure>\n\n\n\n<figure class=\"wp-block-image size-large\"><img loading=\"lazy\" width=\"1024\" height=\"576\" data-id=\"8723\"  src=\"https:\/\/fcbuetschwil.ch\/neu\/wp-content\/uploads\/2026\/03\/18903031-b460-4f66-af1c-dd03da2ea535-1-1024x576.jpeg\" alt=\"\" class=\"wp-image-8723\" srcset=\"https:\/\/fcbuetschwil.ch\/neu\/wp-content\/uploads\/2026\/03\/18903031-b460-4f66-af1c-dd03da2ea535-1-1024x576.jpeg 1024w, https:\/\/fcbuetschwil.ch\/neu\/wp-content\/uploads\/2026\/03\/18903031-b460-4f66-af1c-dd03da2ea535-1-1000x563.jpeg 1000w, https:\/\/fcbuetschwil.ch\/neu\/wp-content\/uploads\/2026\/03\/18903031-b460-4f66-af1c-dd03da2ea535-1-768x432.jpeg 768w, https:\/\/fcbuetschwil.ch\/neu\/wp-content\/uploads\/2026\/03\/18903031-b460-4f66-af1c-dd03da2ea535-1-1536x864.jpeg 1536w, https:\/\/fcbuetschwil.ch\/neu\/wp-content\/uploads\/2026\/03\/18903031-b460-4f66-af1c-dd03da2ea535-1.jpeg 1920w\" sizes=\"(max-width: 1024px) 100vw, 1024px\" \/><\/figure>\n\n\n\n<figure class=\"wp-block-image size-large\"><img loading=\"lazy\" width=\"1024\" height=\"576\" data-id=\"8724\"  src=\"https:\/\/fcbuetschwil.ch\/neu\/wp-content\/uploads\/2026\/03\/43884852-1ee3-45d3-8b00-0d30c934afd1-1-1024x576.jpeg\" alt=\"\" class=\"wp-image-8724\" srcset=\"https:\/\/fcbuetschwil.ch\/neu\/wp-content\/uploads\/2026\/03\/43884852-1ee3-45d3-8b00-0d30c934afd1-1-1024x576.jpeg 1024w, https:\/\/fcbuetschwil.ch\/neu\/wp-content\/uploads\/2026\/03\/43884852-1ee3-45d3-8b00-0d30c934afd1-1-1000x563.jpeg 1000w, https:\/\/fcbuetschwil.ch\/neu\/wp-content\/uploads\/2026\/03\/43884852-1ee3-45d3-8b00-0d30c934afd1-1-768x432.jpeg 768w, https:\/\/fcbuetschwil.ch\/neu\/wp-content\/uploads\/2026\/03\/43884852-1ee3-45d3-8b00-0d30c934afd1-1-1536x864.jpeg 1536w, https:\/\/fcbuetschwil.ch\/neu\/wp-content\/uploads\/2026\/03\/43884852-1ee3-45d3-8b00-0d30c934afd1-1.jpeg 1920w\" sizes=\"(max-width: 1024px) 100vw, 1024px\" \/><\/figure>\n\n\n\n<figure class=\"wp-block-image size-large\"><img loading=\"lazy\" width=\"1024\" height=\"768\" data-id=\"8725\"  src=\"https:\/\/fcbuetschwil.ch\/neu\/wp-content\/uploads\/2026\/03\/5478357d-c9ae-4388-9b77-6abc8399b91f-1-1024x768.jpeg\" alt=\"\" class=\"wp-image-8725\" srcset=\"https:\/\/fcbuetschwil.ch\/neu\/wp-content\/uploads\/2026\/03\/5478357d-c9ae-4388-9b77-6abc8399b91f-1-1024x768.jpeg 1024w, https:\/\/fcbuetschwil.ch\/neu\/wp-content\/uploads\/2026\/03\/5478357d-c9ae-4388-9b77-6abc8399b91f-1-1000x750.jpeg 1000w, https:\/\/fcbuetschwil.ch\/neu\/wp-content\/uploads\/2026\/03\/5478357d-c9ae-4388-9b77-6abc8399b91f-1-768x576.jpeg 768w, https:\/\/fcbuetschwil.ch\/neu\/wp-content\/uploads\/2026\/03\/5478357d-c9ae-4388-9b77-6abc8399b91f-1-1536x1152.jpeg 1536w, https:\/\/fcbuetschwil.ch\/neu\/wp-content\/uploads\/2026\/03\/5478357d-c9ae-4388-9b77-6abc8399b91f-1.jpeg 2000w\" sizes=\"(max-width: 1024px) 100vw, 1024px\" \/><\/figure>\n<\/figure>\n","protected":false},"excerpt":{"rendered":"<p>Am Morgen des zweiten Tages stand der Klassiker auf dem Programm: Jung gegen Alt. Beide Teams gingen motiviert zur Sache, und es entwickelte sich ein intensives Spiel mit vielen offensiven Aktionen. Die Jungen, angef\u00fchrt vom Stamm\u00e4ltesten Leandro E., \u00fcberzeugten mit viel Tempo, die \u00c4lteren, mit unter anderem dem aus dem Ruhestand zur\u00fcckgekehrten Tobias Z., mit&hellip;&nbsp;<a href=\"https:\/\/fcbuetschwil.ch\/neu\/trainingslager-aeaes-tag-2-2\/\" class=\"\" rel=\"bookmark\">Weiterlesen &raquo;<span class=\"screen-reader-text\">Trainingslager \u00c4\u00e4s &#8211; Tag 2<\/span><\/a><\/p>\n","protected":false},"author":11,"featured_media":8713,"comment_status":"open","ping_status":"open","sticky":false,"template":"","format":"standard","meta":{"inline_featured_image":false,"_mi_skip_tracking":false,"kia_subtitle":"Marbella 2026 - 2. Tagebucheintrag","neve_meta_sidebar":"","neve_meta_container":"","neve_meta_enable_content_width":"","neve_meta_content_width":0,"neve_meta_title_alignment":"","neve_meta_author_avatar":"","neve_post_elements_order":"","neve_meta_disable_header":"","neve_meta_disable_footer":"","neve_meta_disable_title":""},"categories":[55,34],"tags":[],"_links":{"self":[{"href":"https:\/\/fcbuetschwil.ch\/neu\/wp-json\/wp\/v2\/posts\/8698"}],"collection":[{"href":"https:\/\/fcbuetschwil.ch\/neu\/wp-json\/wp\/v2\/posts"}],"about":[{"href":"https:\/\/fcbuetschwil.ch\/neu\/wp-json\/wp\/v2\/types\/post"}],"author":[{"embeddable":true,"href":"https:\/\/fcbuetschwil.ch\/neu\/wp-json\/wp\/v2\/users\/11"}],"replies":[{"embeddable":true,"href":"https:\/\/fcbuetschwil.ch\/neu\/wp-json\/wp\/v2\/comments?post=8698"}],"version-history":[{"count":5,"href":"https:\/\/fcbuetschwil.ch\/neu\/wp-json\/wp\/v2\/posts\/8698\/revisions"}],"predecessor-version":[{"id":8730,"href":"https:\/\/fcbuetschwil.ch\/neu\/wp-json\/wp\/v2\/posts\/8698\/revisions\/8730"}],"wp:featuredmedia":[{"embeddable":true,"href":"https:\/\/fcbuetschwil.ch\/neu\/wp-json\/wp\/v2\/media\/8713"}],"wp:attachment":[{"href":"https:\/\/fcbuetschwil.ch\/neu\/wp-json\/wp\/v2\/media?parent=8698"}],"wp:term":[{"taxonomy":"category","embeddable":true,"href":"https:\/\/fcbuetschwil.ch\/neu\/wp-json\/wp\/v2\/categories?post=8698"},{"taxonomy":"post_tag","embeddable":true,"href":"https:\/\/fcbuetschwil.ch\/neu\/wp-json\/wp\/v2\/tags?post=8698"}],"curies":[{"name":"wp","href":"https:\/\/api.w.org\/{rel}","templated":true}]}}