{"id":8665,"date":"2026-03-01T23:48:05","date_gmt":"2026-03-01T21:48:05","guid":{"rendered":"https:\/\/fcbuetschwil.ch\/neu\/?p=8665"},"modified":"2026-03-02T00:52:05","modified_gmt":"2026-03-01T22:52:05","slug":"trainingslager-aeaes-anreise-tag-1","status":"publish","type":"post","link":"https:\/\/fcbuetschwil.ch\/neu\/trainingslager-aeaes-anreise-tag-1\/","title":{"rendered":"Trainingslager \u00c4\u00e4s &#8211; Anreise + Tag 1"},"content":{"rendered":"\n<p>Es geht wieder los! Am Samstagabend starteten wir ins Trainingslager richtung Marbella.<\/p>\n\n\n\n<p>Schon am Treffpunkt wurde es spannend: Aufgrund eines Faux-pas von Flavio G. verpasste Team Geissberg den Treffpunkt am Z\u00fcrcher Flughafen. Fast h\u00e4tte das \u00c4\u00e4s wohl am anstehenden Testspiel vom kommenden Dienstag ohne Tenues spielen m\u00fcssen. Doch damit nicht genug \u2013 Robin Z. sorgte an der Sicherheitskontrolle nochmals f\u00fcr Nervenkitzel, als sein Rasiermesser genauer unter die Lupe genommen wurde. Zum Gl\u00fcck kl\u00e4rte sich alles schnell, sodass der Flug und die anschliessende Busfahrt problemlos verliefen. Nach einer langen Reise erreichten wir unser Ziel letztendlich am Sonntagmorgen um 03:00 Uhr.<\/p>\n\n\n\n<p>Am Sonntagmittag traf sich das Team zum ersten Mal in der Hotellobby. Nach vielen Jahren hat unsere geliebte Per\u00fccke ausgedient. Reiseleiter Noah O. stellte feierlich den Nachfolger &#8211; unseren neuen Wanderpokal vor. Die erste \u201eEhre\u201c diesen entgegenzunehmen, hatte \u2013 wenig \u00fcberraschend \u2013 Flavio G. F\u00fcr das Vergessen der Tenutasche wurde er zum ersten offiziellen Pokaltr\u00e4ger gek\u00fcrt. Ein Einstand, den man als Neuling so schnell nicht vergisst. Vor dem Mittagessen wurde durch Physio Sarah E. eine Mobilit\u00e4tseinheit geleitet.<\/p>\n\n\n\n<p>Anschliessend stand die erste Theorieeinheit auf dem Programm, bevor wir in die erste intensive Trainingseinheit starteten. Nach dem Training folgte eine weitere Theorieeinheit, diesmal geleitet von Sarah E. zum Thema Regeneration. Zur bildlichen Veranschauung wurden von uns Spielern eigene Erkl\u00e4rvideos erstellt. Dabei wurden die verschiedenen Aspekte mit extrem viel Kreativit\u00e4t und Fachwissen pr\u00e4sentiert.<\/p>\n\n\n\n<p>Am Abend sorgte das Organisationsteam der allj\u00e4hrlichen Zimmerchallenges, bestehend aus Rafi G., Silvio T. und Pascal S., f\u00fcr erstes Kopfzerbrechen bei dem Spiel \u201eWer bin ich? \u2013 Fussballer Edition\u201c.<\/p>\n\n\n\n<p><\/p>\n\n\n\n<p><\/p>\n\n\n\n<p><\/p>\n\n\n\n<figure class=\"wp-container-2 wp-block-gallery-1 wp-block-gallery has-nested-images columns-default is-cropped\">\n<figure class=\"wp-block-image size-large\"><img loading=\"lazy\" width=\"768\" height=\"1024\" data-id=\"8675\"  src=\"https:\/\/fcbuetschwil.ch\/neu\/wp-content\/uploads\/2026\/03\/IMG_1840-3-768x1024.jpeg\" alt=\"\" class=\"wp-image-8675\" srcset=\"https:\/\/fcbuetschwil.ch\/neu\/wp-content\/uploads\/2026\/03\/IMG_1840-3-768x1024.jpeg 768w, https:\/\/fcbuetschwil.ch\/neu\/wp-content\/uploads\/2026\/03\/IMG_1840-3-750x1000.jpeg 750w, https:\/\/fcbuetschwil.ch\/neu\/wp-content\/uploads\/2026\/03\/IMG_1840-3-300x400.jpeg 300w, https:\/\/fcbuetschwil.ch\/neu\/wp-content\/uploads\/2026\/03\/IMG_1840-3-1152x1536.jpeg 1152w, https:\/\/fcbuetschwil.ch\/neu\/wp-content\/uploads\/2026\/03\/IMG_1840-3-1536x2048.jpeg 1536w, https:\/\/fcbuetschwil.ch\/neu\/wp-content\/uploads\/2026\/03\/IMG_1840-3-scaled.jpeg 1920w\" sizes=\"(max-width: 768px) 100vw, 768px\" \/><\/figure>\n\n\n\n<figure class=\"wp-block-image size-large\"><img loading=\"lazy\" width=\"768\" height=\"1024\" data-id=\"8676\"  src=\"https:\/\/fcbuetschwil.ch\/neu\/wp-content\/uploads\/2026\/03\/IMG_1842-2-768x1024.jpeg\" alt=\"\" class=\"wp-image-8676\" srcset=\"https:\/\/fcbuetschwil.ch\/neu\/wp-content\/uploads\/2026\/03\/IMG_1842-2-768x1024.jpeg 768w, https:\/\/fcbuetschwil.ch\/neu\/wp-content\/uploads\/2026\/03\/IMG_1842-2-750x1000.jpeg 750w, https:\/\/fcbuetschwil.ch\/neu\/wp-content\/uploads\/2026\/03\/IMG_1842-2-300x400.jpeg 300w, https:\/\/fcbuetschwil.ch\/neu\/wp-content\/uploads\/2026\/03\/IMG_1842-2-1152x1536.jpeg 1152w, https:\/\/fcbuetschwil.ch\/neu\/wp-content\/uploads\/2026\/03\/IMG_1842-2-1536x2048.jpeg 1536w, https:\/\/fcbuetschwil.ch\/neu\/wp-content\/uploads\/2026\/03\/IMG_1842-2-scaled.jpeg 1920w\" sizes=\"(max-width: 768px) 100vw, 768px\" \/><\/figure>\n\n\n\n<figure class=\"wp-block-image size-large\"><img loading=\"lazy\" width=\"1024\" height=\"768\" data-id=\"8677\"  src=\"https:\/\/fcbuetschwil.ch\/neu\/wp-content\/uploads\/2026\/03\/IMG_1843-2-1024x768.jpeg\" alt=\"\" class=\"wp-image-8677\" srcset=\"https:\/\/fcbuetschwil.ch\/neu\/wp-content\/uploads\/2026\/03\/IMG_1843-2-1024x768.jpeg 1024w, https:\/\/fcbuetschwil.ch\/neu\/wp-content\/uploads\/2026\/03\/IMG_1843-2-1000x750.jpeg 1000w, https:\/\/fcbuetschwil.ch\/neu\/wp-content\/uploads\/2026\/03\/IMG_1843-2-768x576.jpeg 768w, https:\/\/fcbuetschwil.ch\/neu\/wp-content\/uploads\/2026\/03\/IMG_1843-2-1536x1152.jpeg 1536w, https:\/\/fcbuetschwil.ch\/neu\/wp-content\/uploads\/2026\/03\/IMG_1843-2-2048x1536.jpeg 2048w\" sizes=\"(max-width: 1024px) 100vw, 1024px\" \/><\/figure>\n\n\n\n<figure class=\"wp-block-image size-large\"><img loading=\"lazy\" width=\"768\" height=\"1024\" data-id=\"8678\"  src=\"https:\/\/fcbuetschwil.ch\/neu\/wp-content\/uploads\/2026\/03\/5bb2cbdb-fb90-4852-b8bc-76d47ca3a4c0-1-768x1024.jpeg\" alt=\"\" class=\"wp-image-8678\" srcset=\"https:\/\/fcbuetschwil.ch\/neu\/wp-content\/uploads\/2026\/03\/5bb2cbdb-fb90-4852-b8bc-76d47ca3a4c0-1-768x1024.jpeg 768w, https:\/\/fcbuetschwil.ch\/neu\/wp-content\/uploads\/2026\/03\/5bb2cbdb-fb90-4852-b8bc-76d47ca3a4c0-1-750x1000.jpeg 750w, https:\/\/fcbuetschwil.ch\/neu\/wp-content\/uploads\/2026\/03\/5bb2cbdb-fb90-4852-b8bc-76d47ca3a4c0-1-300x400.jpeg 300w, https:\/\/fcbuetschwil.ch\/neu\/wp-content\/uploads\/2026\/03\/5bb2cbdb-fb90-4852-b8bc-76d47ca3a4c0-1-1152x1536.jpeg 1152w, https:\/\/fcbuetschwil.ch\/neu\/wp-content\/uploads\/2026\/03\/5bb2cbdb-fb90-4852-b8bc-76d47ca3a4c0-1.jpeg 1536w\" sizes=\"(max-width: 768px) 100vw, 768px\" \/><\/figure>\n\n\n\n<figure class=\"wp-block-image size-large\"><img loading=\"lazy\" width=\"1024\" height=\"771\" data-id=\"8679\"  src=\"https:\/\/fcbuetschwil.ch\/neu\/wp-content\/uploads\/2026\/03\/89a31083-75e1-4352-9f46-48f783faa250-2-1024x771.jpeg\" alt=\"\" class=\"wp-image-8679\" srcset=\"https:\/\/fcbuetschwil.ch\/neu\/wp-content\/uploads\/2026\/03\/89a31083-75e1-4352-9f46-48f783faa250-2-1024x771.jpeg 1024w, https:\/\/fcbuetschwil.ch\/neu\/wp-content\/uploads\/2026\/03\/89a31083-75e1-4352-9f46-48f783faa250-2-1000x753.jpeg 1000w, https:\/\/fcbuetschwil.ch\/neu\/wp-content\/uploads\/2026\/03\/89a31083-75e1-4352-9f46-48f783faa250-2-768x578.jpeg 768w, https:\/\/fcbuetschwil.ch\/neu\/wp-content\/uploads\/2026\/03\/89a31083-75e1-4352-9f46-48f783faa250-2-1536x1157.jpeg 1536w, https:\/\/fcbuetschwil.ch\/neu\/wp-content\/uploads\/2026\/03\/89a31083-75e1-4352-9f46-48f783faa250-2.jpeg 2040w\" sizes=\"(max-width: 1024px) 100vw, 1024px\" \/><\/figure>\n\n\n\n<figure class=\"wp-block-image size-large\"><img loading=\"lazy\" width=\"768\" height=\"1024\" data-id=\"8680\"  src=\"https:\/\/fcbuetschwil.ch\/neu\/wp-content\/uploads\/2026\/03\/09cda2ec-7d23-407f-af00-b6012ff399b9-1-768x1024.jpeg\" alt=\"\" class=\"wp-image-8680\" srcset=\"https:\/\/fcbuetschwil.ch\/neu\/wp-content\/uploads\/2026\/03\/09cda2ec-7d23-407f-af00-b6012ff399b9-1-768x1024.jpeg 768w, https:\/\/fcbuetschwil.ch\/neu\/wp-content\/uploads\/2026\/03\/09cda2ec-7d23-407f-af00-b6012ff399b9-1-750x1000.jpeg 750w, https:\/\/fcbuetschwil.ch\/neu\/wp-content\/uploads\/2026\/03\/09cda2ec-7d23-407f-af00-b6012ff399b9-1-300x400.jpeg 300w, https:\/\/fcbuetschwil.ch\/neu\/wp-content\/uploads\/2026\/03\/09cda2ec-7d23-407f-af00-b6012ff399b9-1-1152x1536.jpeg 1152w, https:\/\/fcbuetschwil.ch\/neu\/wp-content\/uploads\/2026\/03\/09cda2ec-7d23-407f-af00-b6012ff399b9-1.jpeg 1200w\" sizes=\"(max-width: 768px) 100vw, 768px\" \/><\/figure>\n\n\n\n<figure class=\"wp-block-image size-large\"><img loading=\"lazy\" width=\"768\" height=\"1024\" data-id=\"8681\"  src=\"https:\/\/fcbuetschwil.ch\/neu\/wp-content\/uploads\/2026\/03\/22dee0fe-fecb-4a1d-afcb-4a342528bdf9-1-768x1024.jpeg\" alt=\"\" class=\"wp-image-8681\" srcset=\"https:\/\/fcbuetschwil.ch\/neu\/wp-content\/uploads\/2026\/03\/22dee0fe-fecb-4a1d-afcb-4a342528bdf9-1-768x1024.jpeg 768w, https:\/\/fcbuetschwil.ch\/neu\/wp-content\/uploads\/2026\/03\/22dee0fe-fecb-4a1d-afcb-4a342528bdf9-1-750x1000.jpeg 750w, https:\/\/fcbuetschwil.ch\/neu\/wp-content\/uploads\/2026\/03\/22dee0fe-fecb-4a1d-afcb-4a342528bdf9-1-300x400.jpeg 300w, https:\/\/fcbuetschwil.ch\/neu\/wp-content\/uploads\/2026\/03\/22dee0fe-fecb-4a1d-afcb-4a342528bdf9-1-1152x1536.jpeg 1152w, https:\/\/fcbuetschwil.ch\/neu\/wp-content\/uploads\/2026\/03\/22dee0fe-fecb-4a1d-afcb-4a342528bdf9-1.jpeg 1200w\" sizes=\"(max-width: 768px) 100vw, 768px\" \/><\/figure>\n\n\n\n<figure class=\"wp-block-image size-large\"><img loading=\"lazy\" width=\"1024\" height=\"768\" data-id=\"8682\"  src=\"https:\/\/fcbuetschwil.ch\/neu\/wp-content\/uploads\/2026\/03\/c70e5e05-3fcb-4d7c-9079-8e0fe3fdfd0f-1-1024x768.jpeg\" alt=\"\" class=\"wp-image-8682\" srcset=\"https:\/\/fcbuetschwil.ch\/neu\/wp-content\/uploads\/2026\/03\/c70e5e05-3fcb-4d7c-9079-8e0fe3fdfd0f-1-1024x768.jpeg 1024w, https:\/\/fcbuetschwil.ch\/neu\/wp-content\/uploads\/2026\/03\/c70e5e05-3fcb-4d7c-9079-8e0fe3fdfd0f-1-1000x750.jpeg 1000w, https:\/\/fcbuetschwil.ch\/neu\/wp-content\/uploads\/2026\/03\/c70e5e05-3fcb-4d7c-9079-8e0fe3fdfd0f-1-768x576.jpeg 768w, https:\/\/fcbuetschwil.ch\/neu\/wp-content\/uploads\/2026\/03\/c70e5e05-3fcb-4d7c-9079-8e0fe3fdfd0f-1-1536x1152.jpeg 1536w, https:\/\/fcbuetschwil.ch\/neu\/wp-content\/uploads\/2026\/03\/c70e5e05-3fcb-4d7c-9079-8e0fe3fdfd0f-1.jpeg 1600w\" sizes=\"(max-width: 1024px) 100vw, 1024px\" \/><\/figure>\n\n\n\n<figure class=\"wp-block-image size-large\"><img loading=\"lazy\" width=\"768\" height=\"1024\" data-id=\"8683\"  src=\"https:\/\/fcbuetschwil.ch\/neu\/wp-content\/uploads\/2026\/03\/0046862e-1f68-4b24-bde6-2b5721bd5084-1-768x1024.jpeg\" alt=\"\" class=\"wp-image-8683\" srcset=\"https:\/\/fcbuetschwil.ch\/neu\/wp-content\/uploads\/2026\/03\/0046862e-1f68-4b24-bde6-2b5721bd5084-1-768x1024.jpeg 768w, https:\/\/fcbuetschwil.ch\/neu\/wp-content\/uploads\/2026\/03\/0046862e-1f68-4b24-bde6-2b5721bd5084-1-750x1000.jpeg 750w, https:\/\/fcbuetschwil.ch\/neu\/wp-content\/uploads\/2026\/03\/0046862e-1f68-4b24-bde6-2b5721bd5084-1-300x400.jpeg 300w, https:\/\/fcbuetschwil.ch\/neu\/wp-content\/uploads\/2026\/03\/0046862e-1f68-4b24-bde6-2b5721bd5084-1-1152x1536.jpeg 1152w, https:\/\/fcbuetschwil.ch\/neu\/wp-content\/uploads\/2026\/03\/0046862e-1f68-4b24-bde6-2b5721bd5084-1.jpeg 1200w\" sizes=\"(max-width: 768px) 100vw, 768px\" \/><\/figure>\n<\/figure>\n","protected":false},"excerpt":{"rendered":"<p>Es geht wieder los! Am Samstagabend starteten wir ins Trainingslager richtung Marbella. Schon am Treffpunkt wurde es spannend: Aufgrund eines Faux-pas von Flavio G. verpasste Team Geissberg den Treffpunkt am Z\u00fcrcher Flughafen. Fast h\u00e4tte das \u00c4\u00e4s wohl am anstehenden Testspiel vom kommenden Dienstag ohne Tenues spielen m\u00fcssen. Doch damit nicht genug \u2013 Robin Z. sorgte&hellip;&nbsp;<a href=\"https:\/\/fcbuetschwil.ch\/neu\/trainingslager-aeaes-anreise-tag-1\/\" class=\"\" rel=\"bookmark\">Weiterlesen &raquo;<span class=\"screen-reader-text\">Trainingslager \u00c4\u00e4s &#8211; Anreise + Tag 1<\/span><\/a><\/p>\n","protected":false},"author":11,"featured_media":8660,"comment_status":"open","ping_status":"open","sticky":false,"template":"","format":"standard","meta":{"inline_featured_image":false,"_mi_skip_tracking":false,"kia_subtitle":"Marbella 2026 - 1. Tagebucheintrag","neve_meta_sidebar":"","neve_meta_container":"","neve_meta_enable_content_width":"","neve_meta_content_width":0,"neve_meta_title_alignment":"","neve_meta_author_avatar":"","neve_post_elements_order":"","neve_meta_disable_header":"","neve_meta_disable_footer":"","neve_meta_disable_title":""},"categories":[55,34],"tags":[],"_links":{"self":[{"href":"https:\/\/fcbuetschwil.ch\/neu\/wp-json\/wp\/v2\/posts\/8665"}],"collection":[{"href":"https:\/\/fcbuetschwil.ch\/neu\/wp-json\/wp\/v2\/posts"}],"about":[{"href":"https:\/\/fcbuetschwil.ch\/neu\/wp-json\/wp\/v2\/types\/post"}],"author":[{"embeddable":true,"href":"https:\/\/fcbuetschwil.ch\/neu\/wp-json\/wp\/v2\/users\/11"}],"replies":[{"embeddable":true,"href":"https:\/\/fcbuetschwil.ch\/neu\/wp-json\/wp\/v2\/comments?post=8665"}],"version-history":[{"count":6,"href":"https:\/\/fcbuetschwil.ch\/neu\/wp-json\/wp\/v2\/posts\/8665\/revisions"}],"predecessor-version":[{"id":8686,"href":"https:\/\/fcbuetschwil.ch\/neu\/wp-json\/wp\/v2\/posts\/8665\/revisions\/8686"}],"wp:featuredmedia":[{"embeddable":true,"href":"https:\/\/fcbuetschwil.ch\/neu\/wp-json\/wp\/v2\/media\/8660"}],"wp:attachment":[{"href":"https:\/\/fcbuetschwil.ch\/neu\/wp-json\/wp\/v2\/media?parent=8665"}],"wp:term":[{"taxonomy":"category","embeddable":true,"href":"https:\/\/fcbuetschwil.ch\/neu\/wp-json\/wp\/v2\/categories?post=8665"},{"taxonomy":"post_tag","embeddable":true,"href":"https:\/\/fcbuetschwil.ch\/neu\/wp-json\/wp\/v2\/tags?post=8665"}],"curies":[{"name":"wp","href":"https:\/\/api.w.org\/{rel}","templated":true}]}}