{"id":8643,"date":"2026-03-01T23:02:50","date_gmt":"2026-03-01T21:02:50","guid":{"rendered":"https:\/\/fcbuetschwil.ch\/neu\/?p=8643"},"modified":"2026-03-01T23:02:52","modified_gmt":"2026-03-01T21:02:52","slug":"trainingslager-fft1-2026-tag-3","status":"publish","type":"post","link":"https:\/\/fcbuetschwil.ch\/neu\/trainingslager-fft1-2026-tag-3\/","title":{"rendered":"Trainingslager FFT1 2026 &#8211; Tag 3"},"content":{"rendered":"\n<p>Trainingslager 2026 \u2013 3. Tagebucheintrag<\/p>\n\n\n\n<p>Sonntag, 1. M\u00e4rz 2026<\/p>\n\n\n\n<p>Das Wort zum Sonntag, feierlich verk\u00fcndet von A.Ba.: &#8222;Mengisch muesch mit em Strom schwimme&#8220;. Zur Einordnung, liebe Leserinnen und Leser: V.D. hat normalerweise die noble Angewohnheit, am Tisch nicht aufzuschliessen, strategisch clever, damit er von der Tischmitte aus wirklich jedem Gespr\u00e4ch seinen Senf beimischen kann. Heute jedoch, am Sonntag, 1. M\u00e4rz 2026, geschah Historisches. Er hat die Tischregeln verstanden und ist zum Wohl aller aufgeschlossen.<\/p>\n\n\n\n<p>Bereits gestern Abend wurden in zwei kreativen Gruppen Freistoss- und Eckballvarianten ausgekl\u00fcgelt. In der dritten Trainingseinheit wurden eben diese auf die Probe gestellt. Trotz fr\u00fchlingshafter Temperaturen bestand S.Bus. darauf, in der Winterjacke zu trainieren, was dem Trainier missfiel. Auch heute durfte die Kneippeinheit nicht fehlen. Noch gestern bluffte V.D., heute in das k\u00fchle Nass zu springen. Spoiler: H\u00f6chstens seine Zehen &#8222;dunkte&#8220; er f\u00fcr wenige Sekunden im Pool. Einige Spielerinnen demonstrierten ihm eindr\u00fccklich, dass vollst\u00e4ndiges Eintauchen durchaus m\u00f6glich ist.<\/p>\n\n\n\n<p>Der Fokus heute lag auf dem Testspiel gegen den FC Oerlikon Polizei (NLB). Nach einer rund vierzigmin\u00fctigen Fahrt erreichten wir einen altbekannten Ort. Das letztj\u00e4hrige Trainingslager fand n\u00e4mlich dort statt. Sozusagen Heimvorteil! Das Team zeigte eine solide Leistung und setzte die besprochenen Ziele zur Zufriedenheit des Trainers um. Am Ende stand dennoch eine 1:2-Niederlage auf dem Matchblatt. F\u00fcr den zwischenzeitlichen Ausgleich war A.Ba. besorgt. Die Redaktion erlaubt sich daher eine kleine Anpassung des \u201eWorts zum Sonntag\u201c: &#8222;Loh d A.Ba. nie sch\u00fcsse.&#8220;&nbsp;<\/p>\n\n\n\n<p>Einige Facts zum Match:&nbsp;<\/p>\n\n\n\n<p>\u2022 V.K. alias Tentakel-V. sah das gelbe Papier. Sie behauptet, absichtlich ausserhalb des Strafraums gefoult zu haben. Taktisches Meisterwerk oder kreative Ausrede?<\/p>\n\n\n\n<p>\u2022 D.B. identifizierte eine Schwalbenk\u00f6nigin und teilte dies dem ganzen Personal lautstark mit.<\/p>\n\n\n\n<p>\u2022 Torh\u00fcterin S.G. zeigte aufgrund akuten Personalmangels pl\u00f6tzlich St\u00fcrmerqualit\u00e4ten. Multitasking vom Feinsten.<\/p>\n\n\n\n<p>\u2022 Das Training im Schwingkeller hat sich ausgezahlt! Trotz grosser Bem\u00fchungen der Gegnerin blieb F.S. nach einem Hosenlupf standhaft und entkam der brenzligen Situation mit W\u00fcrde (und Hose).<\/p>\n\n\n\n<p>Alle Spielerinnen sowie der gesamte Staff erhielten von Gruppe Charlie den Auftrag, zwei Wahrheiten und eine L\u00fcge einzureichen. Am Abend folgte die Stunde der Wahrheit. Mit einer Mischung aus Entsetzen und milder \u00dcberraschung erfuhr das Team, dass Familie S. die kleine M.S. doch tats\u00e4chlich auf einem Baum vergessen hatte. Ebenso r\u00e4tselhaft bleibt, wo unsere fleissige Physiotherapeutin A.H. \u00fcber 100 Paar Socken verstaut.<\/p>\n\n\n\n<p>Das Team Alpha setzte sich gekonnt vor dem Team D&#8217;Mosliger durch. Team Echo rettete sich auf den dritten Platz. Das ehrgeizige Team Bravo rund um V.D. musste eine Niederlage einstecken. Morgen beim Fr\u00fchst\u00fcck wird ihnen die Ehre zuteil, die h\u00fcbschen T-Shirts zu pr\u00e4sentieren. Das ganze Hotel darf sich freuen.&nbsp;<\/p>\n\n\n\n<p>Die Redaktion F.S. und A.B. verabschiedet sich nun in eine wohlverdiente, l\u00e4ngere Erholungsphase.<\/p>\n\n\n\n<p>A.H. hingegen wird weiterhin gefordert sein. Es wurden mehrere angerostete \u201eGsteller\u201c gesichtet, die kaum mehr selbstst\u00e4ndig die Treppe hinunterkommen.<\/p>\n\n\n\n<div class=\"wp-container-3 wp-block-group\"><div class=\"wp-block-group__inner-container\">\n<div class=\"wp-container-2 wp-block-columns\">\n<div class=\"wp-container-1 wp-block-column\" style=\"flex-basis:100%\">\n<figure class=\"wp-block-image size-large\"><img loading=\"lazy\" width=\"1024\" height=\"683\" src=\"https:\/\/fcbuetschwil.ch\/neu\/wp-content\/uploads\/2026\/03\/8d330e2c-7cfc-4184-936f-c0dea549d86c-1-1024x683.jpeg\" alt=\"\" class=\"wp-image-8649\" srcset=\"https:\/\/fcbuetschwil.ch\/neu\/wp-content\/uploads\/2026\/03\/8d330e2c-7cfc-4184-936f-c0dea549d86c-1-1024x683.jpeg 1024w, https:\/\/fcbuetschwil.ch\/neu\/wp-content\/uploads\/2026\/03\/8d330e2c-7cfc-4184-936f-c0dea549d86c-1-1000x667.jpeg 1000w, https:\/\/fcbuetschwil.ch\/neu\/wp-content\/uploads\/2026\/03\/8d330e2c-7cfc-4184-936f-c0dea549d86c-1-768x512.jpeg 768w, https:\/\/fcbuetschwil.ch\/neu\/wp-content\/uploads\/2026\/03\/8d330e2c-7cfc-4184-936f-c0dea549d86c-1-391x260.jpeg 391w, https:\/\/fcbuetschwil.ch\/neu\/wp-content\/uploads\/2026\/03\/8d330e2c-7cfc-4184-936f-c0dea549d86c-1-930x620.jpeg 930w, https:\/\/fcbuetschwil.ch\/neu\/wp-content\/uploads\/2026\/03\/8d330e2c-7cfc-4184-936f-c0dea549d86c-1.jpeg 1280w\" sizes=\"(max-width: 1024px) 100vw, 1024px\" \/><\/figure>\n<\/div>\n<\/div>\n<\/div><\/div>\n\n\n\n<figure class=\"wp-block-image size-large\"><img loading=\"lazy\" width=\"1024\" height=\"683\" src=\"https:\/\/fcbuetschwil.ch\/neu\/wp-content\/uploads\/2026\/03\/b14b6b4f-d3e6-4b87-b7d2-352e81a0c39a-1024x683.jpeg\" alt=\"\" class=\"wp-image-8646\" srcset=\"https:\/\/fcbuetschwil.ch\/neu\/wp-content\/uploads\/2026\/03\/b14b6b4f-d3e6-4b87-b7d2-352e81a0c39a-1024x683.jpeg 1024w, https:\/\/fcbuetschwil.ch\/neu\/wp-content\/uploads\/2026\/03\/b14b6b4f-d3e6-4b87-b7d2-352e81a0c39a-1000x667.jpeg 1000w, https:\/\/fcbuetschwil.ch\/neu\/wp-content\/uploads\/2026\/03\/b14b6b4f-d3e6-4b87-b7d2-352e81a0c39a-768x512.jpeg 768w, https:\/\/fcbuetschwil.ch\/neu\/wp-content\/uploads\/2026\/03\/b14b6b4f-d3e6-4b87-b7d2-352e81a0c39a-391x260.jpeg 391w, https:\/\/fcbuetschwil.ch\/neu\/wp-content\/uploads\/2026\/03\/b14b6b4f-d3e6-4b87-b7d2-352e81a0c39a-930x620.jpeg 930w, https:\/\/fcbuetschwil.ch\/neu\/wp-content\/uploads\/2026\/03\/b14b6b4f-d3e6-4b87-b7d2-352e81a0c39a.jpeg 1280w\" sizes=\"(max-width: 1024px) 100vw, 1024px\" \/><\/figure>\n\n\n\n<figure class=\"wp-block-image size-large\"><img loading=\"lazy\" width=\"1024\" height=\"683\" src=\"https:\/\/fcbuetschwil.ch\/neu\/wp-content\/uploads\/2026\/03\/8d3e36e3-8b0a-49fb-a693-47961a7cc769-1024x683.jpeg\" alt=\"\" class=\"wp-image-8647\" srcset=\"https:\/\/fcbuetschwil.ch\/neu\/wp-content\/uploads\/2026\/03\/8d3e36e3-8b0a-49fb-a693-47961a7cc769-1024x683.jpeg 1024w, https:\/\/fcbuetschwil.ch\/neu\/wp-content\/uploads\/2026\/03\/8d3e36e3-8b0a-49fb-a693-47961a7cc769-1000x667.jpeg 1000w, https:\/\/fcbuetschwil.ch\/neu\/wp-content\/uploads\/2026\/03\/8d3e36e3-8b0a-49fb-a693-47961a7cc769-768x512.jpeg 768w, https:\/\/fcbuetschwil.ch\/neu\/wp-content\/uploads\/2026\/03\/8d3e36e3-8b0a-49fb-a693-47961a7cc769-391x260.jpeg 391w, https:\/\/fcbuetschwil.ch\/neu\/wp-content\/uploads\/2026\/03\/8d3e36e3-8b0a-49fb-a693-47961a7cc769-930x620.jpeg 930w, https:\/\/fcbuetschwil.ch\/neu\/wp-content\/uploads\/2026\/03\/8d3e36e3-8b0a-49fb-a693-47961a7cc769.jpeg 1280w\" sizes=\"(max-width: 1024px) 100vw, 1024px\" \/><\/figure>\n\n\n\n<p><\/p>\n\n\n\n<figure class=\"wp-block-image size-large is-resized\"><img loading=\"lazy\" src=\"https:\/\/fcbuetschwil.ch\/neu\/wp-content\/uploads\/2026\/03\/fcac2b48-02ea-4ca3-ba37-298a6bd51cf3-1024x683.jpeg\" alt=\"\" class=\"wp-image-8650\" width=\"819\" height=\"546\" srcset=\"https:\/\/fcbuetschwil.ch\/neu\/wp-content\/uploads\/2026\/03\/fcac2b48-02ea-4ca3-ba37-298a6bd51cf3-1024x683.jpeg 1024w, https:\/\/fcbuetschwil.ch\/neu\/wp-content\/uploads\/2026\/03\/fcac2b48-02ea-4ca3-ba37-298a6bd51cf3-1000x667.jpeg 1000w, https:\/\/fcbuetschwil.ch\/neu\/wp-content\/uploads\/2026\/03\/fcac2b48-02ea-4ca3-ba37-298a6bd51cf3-768x512.jpeg 768w, https:\/\/fcbuetschwil.ch\/neu\/wp-content\/uploads\/2026\/03\/fcac2b48-02ea-4ca3-ba37-298a6bd51cf3-391x260.jpeg 391w, https:\/\/fcbuetschwil.ch\/neu\/wp-content\/uploads\/2026\/03\/fcac2b48-02ea-4ca3-ba37-298a6bd51cf3-930x620.jpeg 930w, https:\/\/fcbuetschwil.ch\/neu\/wp-content\/uploads\/2026\/03\/fcac2b48-02ea-4ca3-ba37-298a6bd51cf3.jpeg 1280w\" sizes=\"(max-width: 819px) 100vw, 819px\" \/><\/figure>\n\n\n\n<figure class=\"wp-block-image size-large\"><img loading=\"lazy\" width=\"1024\" height=\"683\" src=\"https:\/\/fcbuetschwil.ch\/neu\/wp-content\/uploads\/2026\/03\/485be2e3-b7dc-49f0-b3a4-673c42d821f2-1-1024x683.jpeg\" alt=\"\" class=\"wp-image-8651\" srcset=\"https:\/\/fcbuetschwil.ch\/neu\/wp-content\/uploads\/2026\/03\/485be2e3-b7dc-49f0-b3a4-673c42d821f2-1-1024x683.jpeg 1024w, https:\/\/fcbuetschwil.ch\/neu\/wp-content\/uploads\/2026\/03\/485be2e3-b7dc-49f0-b3a4-673c42d821f2-1-1000x667.jpeg 1000w, https:\/\/fcbuetschwil.ch\/neu\/wp-content\/uploads\/2026\/03\/485be2e3-b7dc-49f0-b3a4-673c42d821f2-1-768x512.jpeg 768w, https:\/\/fcbuetschwil.ch\/neu\/wp-content\/uploads\/2026\/03\/485be2e3-b7dc-49f0-b3a4-673c42d821f2-1-391x260.jpeg 391w, https:\/\/fcbuetschwil.ch\/neu\/wp-content\/uploads\/2026\/03\/485be2e3-b7dc-49f0-b3a4-673c42d821f2-1-930x620.jpeg 930w, https:\/\/fcbuetschwil.ch\/neu\/wp-content\/uploads\/2026\/03\/485be2e3-b7dc-49f0-b3a4-673c42d821f2-1.jpeg 1280w\" sizes=\"(max-width: 1024px) 100vw, 1024px\" \/><\/figure>\n\n\n\n<figure class=\"wp-block-image size-large\"><img loading=\"lazy\" width=\"1024\" height=\"683\" src=\"https:\/\/fcbuetschwil.ch\/neu\/wp-content\/uploads\/2026\/03\/d1db86f5-9351-4e0d-8bb4-4584b23b6166-1024x683.jpeg\" alt=\"\" class=\"wp-image-8652\" srcset=\"https:\/\/fcbuetschwil.ch\/neu\/wp-content\/uploads\/2026\/03\/d1db86f5-9351-4e0d-8bb4-4584b23b6166-1024x683.jpeg 1024w, https:\/\/fcbuetschwil.ch\/neu\/wp-content\/uploads\/2026\/03\/d1db86f5-9351-4e0d-8bb4-4584b23b6166-1000x667.jpeg 1000w, https:\/\/fcbuetschwil.ch\/neu\/wp-content\/uploads\/2026\/03\/d1db86f5-9351-4e0d-8bb4-4584b23b6166-768x512.jpeg 768w, https:\/\/fcbuetschwil.ch\/neu\/wp-content\/uploads\/2026\/03\/d1db86f5-9351-4e0d-8bb4-4584b23b6166-391x260.jpeg 391w, https:\/\/fcbuetschwil.ch\/neu\/wp-content\/uploads\/2026\/03\/d1db86f5-9351-4e0d-8bb4-4584b23b6166-930x620.jpeg 930w, https:\/\/fcbuetschwil.ch\/neu\/wp-content\/uploads\/2026\/03\/d1db86f5-9351-4e0d-8bb4-4584b23b6166.jpeg 1280w\" sizes=\"(max-width: 1024px) 100vw, 1024px\" \/><\/figure>\n\n\n\n<figure class=\"wp-block-image size-large\"><img loading=\"lazy\" width=\"1024\" height=\"683\" src=\"https:\/\/fcbuetschwil.ch\/neu\/wp-content\/uploads\/2026\/03\/f76cacbd-8a8f-41fc-a015-f392f4771d12-1024x683.jpeg\" alt=\"\" class=\"wp-image-8653\" srcset=\"https:\/\/fcbuetschwil.ch\/neu\/wp-content\/uploads\/2026\/03\/f76cacbd-8a8f-41fc-a015-f392f4771d12-1024x683.jpeg 1024w, https:\/\/fcbuetschwil.ch\/neu\/wp-content\/uploads\/2026\/03\/f76cacbd-8a8f-41fc-a015-f392f4771d12-1000x667.jpeg 1000w, https:\/\/fcbuetschwil.ch\/neu\/wp-content\/uploads\/2026\/03\/f76cacbd-8a8f-41fc-a015-f392f4771d12-768x512.jpeg 768w, https:\/\/fcbuetschwil.ch\/neu\/wp-content\/uploads\/2026\/03\/f76cacbd-8a8f-41fc-a015-f392f4771d12-391x260.jpeg 391w, https:\/\/fcbuetschwil.ch\/neu\/wp-content\/uploads\/2026\/03\/f76cacbd-8a8f-41fc-a015-f392f4771d12-930x620.jpeg 930w, https:\/\/fcbuetschwil.ch\/neu\/wp-content\/uploads\/2026\/03\/f76cacbd-8a8f-41fc-a015-f392f4771d12.jpeg 1280w\" sizes=\"(max-width: 1024px) 100vw, 1024px\" \/><\/figure>\n","protected":false},"excerpt":{"rendered":"<p>Trainingslager 2026 \u2013 3. Tagebucheintrag Sonntag, 1. M\u00e4rz 2026 Das Wort zum Sonntag, feierlich verk\u00fcndet von A.Ba.: &#8222;Mengisch muesch mit em Strom schwimme&#8220;. Zur Einordnung, liebe Leserinnen und Leser: V.D. hat normalerweise die noble Angewohnheit, am Tisch nicht aufzuschliessen, strategisch clever, damit er von der Tischmitte aus wirklich jedem Gespr\u00e4ch seinen Senf beimischen kann. Heute&hellip;&nbsp;<a href=\"https:\/\/fcbuetschwil.ch\/neu\/trainingslager-fft1-2026-tag-3\/\" class=\"\" rel=\"bookmark\">Weiterlesen &raquo;<span class=\"screen-reader-text\">Trainingslager FFT1 2026 &#8211; Tag 3<\/span><\/a><\/p>\n","protected":false},"author":8,"featured_media":8645,"comment_status":"open","ping_status":"open","sticky":false,"template":"","format":"standard","meta":{"inline_featured_image":false,"_mi_skip_tracking":false,"kia_subtitle":"","neve_meta_sidebar":"","neve_meta_container":"","neve_meta_enable_content_width":"","neve_meta_content_width":0,"neve_meta_title_alignment":"","neve_meta_author_avatar":"","neve_post_elements_order":"","neve_meta_disable_header":"","neve_meta_disable_footer":"","neve_meta_disable_title":""},"categories":[56,34],"tags":[],"_links":{"self":[{"href":"https:\/\/fcbuetschwil.ch\/neu\/wp-json\/wp\/v2\/posts\/8643"}],"collection":[{"href":"https:\/\/fcbuetschwil.ch\/neu\/wp-json\/wp\/v2\/posts"}],"about":[{"href":"https:\/\/fcbuetschwil.ch\/neu\/wp-json\/wp\/v2\/types\/post"}],"author":[{"embeddable":true,"href":"https:\/\/fcbuetschwil.ch\/neu\/wp-json\/wp\/v2\/users\/8"}],"replies":[{"embeddable":true,"href":"https:\/\/fcbuetschwil.ch\/neu\/wp-json\/wp\/v2\/comments?post=8643"}],"version-history":[{"count":2,"href":"https:\/\/fcbuetschwil.ch\/neu\/wp-json\/wp\/v2\/posts\/8643\/revisions"}],"predecessor-version":[{"id":8654,"href":"https:\/\/fcbuetschwil.ch\/neu\/wp-json\/wp\/v2\/posts\/8643\/revisions\/8654"}],"wp:featuredmedia":[{"embeddable":true,"href":"https:\/\/fcbuetschwil.ch\/neu\/wp-json\/wp\/v2\/media\/8645"}],"wp:attachment":[{"href":"https:\/\/fcbuetschwil.ch\/neu\/wp-json\/wp\/v2\/media?parent=8643"}],"wp:term":[{"taxonomy":"category","embeddable":true,"href":"https:\/\/fcbuetschwil.ch\/neu\/wp-json\/wp\/v2\/categories?post=8643"},{"taxonomy":"post_tag","embeddable":true,"href":"https:\/\/fcbuetschwil.ch\/neu\/wp-json\/wp\/v2\/tags?post=8643"}],"curies":[{"name":"wp","href":"https:\/\/api.w.org\/{rel}","templated":true}]}}