{"id":8632,"date":"2026-03-01T20:52:43","date_gmt":"2026-03-01T18:52:43","guid":{"rendered":"https:\/\/fcbuetschwil.ch\/neu\/?p=8632"},"modified":"2026-03-01T22:54:20","modified_gmt":"2026-03-01T20:54:20","slug":"trainingslager-fft1-2026-tag-2","status":"publish","type":"post","link":"https:\/\/fcbuetschwil.ch\/neu\/trainingslager-fft1-2026-tag-2\/","title":{"rendered":"Trainingslager FFT1 2026 &#8211; Tag 2"},"content":{"rendered":"\n<p>Trainingslager 2026 \u2013 2. Tagebucheintrag<br>Samstag, 28. Februar 2026<\/p>\n\n\n\n<p>Gleich zu Beginn sorgt V.D. f\u00fcr modische Akzente, indem er seine Tenue kreuzfalsch anzieht. Wahrscheinlich ein neuer Trend, den wir einfach noch nicht verstanden haben. Die Busse gab es nat\u00fcrlich trotzdem. W\u00e4hrend wir das verdauen, k\u00e4mpft A.Ba. am Fr\u00fchst\u00fccksbuffet ums \u00dcberleben. Der Kellner wollte ihr tats\u00e4chlich das Essen wegnehmen! In einer spontanen Mischung aus Ureinwohnersprache, Gestik und purem \u00dcberlebensinstinkt verteidigte sie ihr Fr\u00fchst\u00fcck \u2013 sprachlos, aber siegreich. Auf dem Trainingsplatz verabschiedete sich dann V.D.&#8217;s Tafel dramatisch ins t\u00fcrkische Nirgendwo. Dies aufgrund mangelndem Zielwasser unserer Trainingsnachbarn. Seine Magnetmenschen liegen vermutlich immer noch im Rasen und warten sehns\u00fcchtig auf Rettung. Vielleicht gr\u00fcnden sie inzwischen ihre eigene Liga. M.S. rettete sich spektakul\u00e4r von einer dramatischen Kollision mit dem Minitor. Weniger Gl\u00fcck hatten die Knie\u2026 nach zehn Minuten Training waren die ersten schon blutig. Lange Hosen w\u00e4ren vielleicht eine Idee gewesen. Aber bei dieser warmen Sonne? Unvorstellbar! Die Knie leiden, die Stimmung bl\u00fcht. Zur Regeneration gab es dann 6\u20137 Minuten Kneippen. Auch laut den Jungendspr\u00e4chlern scheint dies eine passende Zeit f\u00fcr ein solches Event zu sein. Wir f\u00fchlen uns jetzt praktisch wie Profis.<\/p>\n\n\n\n<p>D.B. bewies ungeahnte Kr\u00e4fte, indem sie in Aufruhr pl\u00f6tzlich die T\u00fcrklinke in der Hand hielt. Ab sofort kann sie T\u00fcren wohl in jeder Lebenslage \u00f6ffnen. Mit oder ohne Griff, sie hat alle T\u00fcren im Griff. M.T. wiederum seziert beim Mittagessen seelenruhig einen ganzen Fisch, w\u00e4hrend rundherum entsetzte Gesichter zu sehen sind. Vielleicht gibt es morgen einen offiziellen Fischchirurgiekurs f\u00fcr S.B. Die A.B.\u2019s wollten mutig die &#8220;Bohnen&#8220; probieren. Diese entpuppten sich jedoch als scharfe Chilis. Sehr scharf, roter-Kopf-und-Tr\u00e4nen-scharf, also wirklich scharf. Hoffen wir, dass es bei einem einmaligen Geschmackserlebnis bleibt.<\/p>\n\n\n\n<p>Beim matchlen fehlen V.D. dann pl\u00f6tzlich die Worte. Ob es an unserem \u00fcberragenden Spiel liegt oder einfach in seiner Natur liegt, bleibt offen. Daf\u00fcr wird &#8220;Routage&#8220; zum neuen Lieblingswort und mit gewohnter Begeisterung mehrfach wiederholt, vermutlich bis zur R\u00fcckreise. Zum Ende des Nachmittagstrainings stand die erste Fussballchallenge an. Team B &#8211; Bravo wollte uns das &#8220;hoch ins Tor schiessen&#8220; mit dem schwachen Fuss n\u00e4herbringen. Dies gelang vor allem Team E sehr gut, dem Team C misslang dies leider. Somit war dann auch der n\u00e4chste Verlierer bekannt und die Abendgarderobe wurde erneut aufgefrischt. Somit bekam M.H.&#8217;s neue Brustbehaarung am Abend ihren ersten \u00f6ffentlichen Auftritt. C.H. wirft nicht nur leere Wasserflaschen weg, sondern auch M.T.&#8217;s ber\u00fcchtigter Massageb\u00f6lll\u00e4\u00e4\u00e4. Ein Verbrechen, das vermutlich noch lange nicht verziehen wird. Es scheint sowieso nicht C.H&#8217;s Tag gewesen zu sein. Denn zudem bezeichnet sie S.Bu. als &#8220;Tweety&#8220; \u2013 obwohl Tweety eigentlich die Hauskatze der Haslers ist. Wo genau da die \u00c4hnlichkeit liegt, wird wohl f\u00fcr immer ihr Geheimnis bleiben.<\/p>\n\n\n\n<p>Abends wollten drei Durstige ganz harmlos drei Bier bestellen. Der Kellner verstand jedoch Teamgeist anders und brachte 18. Offenbar sah er uns und dachte: &#8220;Die schaffen das.&#8220; Und irgendwie\u2026 taten wir es auch. Die ber\u00fchmten &#8220;Schoppen&#8220; wurden sp\u00e4ter vom Barkeeper mit frischer Milch gemixt und auf dem Silbertablett serviert. Hoffentlich bleibt unseren Proteintrinker dieser Service f\u00fcr immer erhalten. Auf der Suche nach dem Konferenzraum wurden A.Ba. und V.D. ins Untergeschoss gelotst, nur um auf dem R\u00fcckweg nach oben prompt eingesperrt zu werden. Dramatischer H\u00f6hepunkt! Zum Gl\u00fcck nahm S.Bu. das mobile Endger\u00e4t ab und rettete uns aus der Gefangenschaft. Und dann \u2013 kaum zu glauben \u2013 wurde es tats\u00e4chlich noch seri\u00f6s. Das Taktiktraining stand an. Wir lernten einiges \u00fcber unser Team, feilten an Details f\u00fcr die R\u00fcckrunde, Standardtraining und das Testspiel. Zwischen Magnetmenschen, Chili-Bohnen und 18 Bier haben wir also tats\u00e4chlich auch Fussball gespielt.<\/p>\n\n\n\n<p>Redaktion A.Ba. und M.H<\/p>\n\n\n\n<div class=\"wp-container-3 wp-block-group\"><div class=\"wp-block-group__inner-container\">\n<div class=\"wp-container-2 wp-block-columns\">\n<div class=\"wp-container-1 wp-block-column\" style=\"flex-basis:100%\">\n<figure class=\"wp-block-image size-large is-resized\"><img loading=\"lazy\" src=\"https:\/\/fcbuetschwil.ch\/neu\/wp-content\/uploads\/2026\/03\/84c54aa9-d44c-4513-bf3b-eb43545d3842-1024x683.jpeg\" alt=\"\" class=\"wp-image-8635\" width=\"821\" height=\"548\" srcset=\"https:\/\/fcbuetschwil.ch\/neu\/wp-content\/uploads\/2026\/03\/84c54aa9-d44c-4513-bf3b-eb43545d3842-1024x683.jpeg 1024w, https:\/\/fcbuetschwil.ch\/neu\/wp-content\/uploads\/2026\/03\/84c54aa9-d44c-4513-bf3b-eb43545d3842-1000x667.jpeg 1000w, https:\/\/fcbuetschwil.ch\/neu\/wp-content\/uploads\/2026\/03\/84c54aa9-d44c-4513-bf3b-eb43545d3842-768x512.jpeg 768w, https:\/\/fcbuetschwil.ch\/neu\/wp-content\/uploads\/2026\/03\/84c54aa9-d44c-4513-bf3b-eb43545d3842-391x260.jpeg 391w, https:\/\/fcbuetschwil.ch\/neu\/wp-content\/uploads\/2026\/03\/84c54aa9-d44c-4513-bf3b-eb43545d3842-930x620.jpeg 930w, https:\/\/fcbuetschwil.ch\/neu\/wp-content\/uploads\/2026\/03\/84c54aa9-d44c-4513-bf3b-eb43545d3842.jpeg 1280w\" sizes=\"(max-width: 821px) 100vw, 821px\" \/><\/figure>\n<\/div>\n<\/div>\n<\/div><\/div>\n\n\n\n<figure class=\"wp-block-image size-large\"><img loading=\"lazy\" width=\"1024\" height=\"683\" src=\"https:\/\/fcbuetschwil.ch\/neu\/wp-content\/uploads\/2026\/03\/434122eb-62bd-40b8-9835-2dbe9992e0f5-1-1024x683.jpeg\" alt=\"\" class=\"wp-image-8636\" srcset=\"https:\/\/fcbuetschwil.ch\/neu\/wp-content\/uploads\/2026\/03\/434122eb-62bd-40b8-9835-2dbe9992e0f5-1-1024x683.jpeg 1024w, https:\/\/fcbuetschwil.ch\/neu\/wp-content\/uploads\/2026\/03\/434122eb-62bd-40b8-9835-2dbe9992e0f5-1-1000x667.jpeg 1000w, https:\/\/fcbuetschwil.ch\/neu\/wp-content\/uploads\/2026\/03\/434122eb-62bd-40b8-9835-2dbe9992e0f5-1-768x512.jpeg 768w, https:\/\/fcbuetschwil.ch\/neu\/wp-content\/uploads\/2026\/03\/434122eb-62bd-40b8-9835-2dbe9992e0f5-1-391x260.jpeg 391w, https:\/\/fcbuetschwil.ch\/neu\/wp-content\/uploads\/2026\/03\/434122eb-62bd-40b8-9835-2dbe9992e0f5-1-930x620.jpeg 930w, https:\/\/fcbuetschwil.ch\/neu\/wp-content\/uploads\/2026\/03\/434122eb-62bd-40b8-9835-2dbe9992e0f5-1.jpeg 1280w\" sizes=\"(max-width: 1024px) 100vw, 1024px\" \/><\/figure>\n\n\n\n<figure class=\"wp-block-image size-large\"><img loading=\"lazy\" width=\"1024\" height=\"683\" src=\"https:\/\/fcbuetschwil.ch\/neu\/wp-content\/uploads\/2026\/03\/8f025378-be8e-4000-8884-3ab2a5664641-1024x683.jpeg\" alt=\"\" class=\"wp-image-8637\" srcset=\"https:\/\/fcbuetschwil.ch\/neu\/wp-content\/uploads\/2026\/03\/8f025378-be8e-4000-8884-3ab2a5664641-1024x683.jpeg 1024w, https:\/\/fcbuetschwil.ch\/neu\/wp-content\/uploads\/2026\/03\/8f025378-be8e-4000-8884-3ab2a5664641-1000x667.jpeg 1000w, https:\/\/fcbuetschwil.ch\/neu\/wp-content\/uploads\/2026\/03\/8f025378-be8e-4000-8884-3ab2a5664641-768x512.jpeg 768w, https:\/\/fcbuetschwil.ch\/neu\/wp-content\/uploads\/2026\/03\/8f025378-be8e-4000-8884-3ab2a5664641-391x260.jpeg 391w, https:\/\/fcbuetschwil.ch\/neu\/wp-content\/uploads\/2026\/03\/8f025378-be8e-4000-8884-3ab2a5664641-930x620.jpeg 930w, https:\/\/fcbuetschwil.ch\/neu\/wp-content\/uploads\/2026\/03\/8f025378-be8e-4000-8884-3ab2a5664641.jpeg 1280w\" sizes=\"(max-width: 1024px) 100vw, 1024px\" \/><\/figure>\n\n\n\n<figure class=\"wp-block-image size-large is-resized\"><img loading=\"lazy\" src=\"https:\/\/fcbuetschwil.ch\/neu\/wp-content\/uploads\/2026\/03\/076ff3f4-d750-405e-9b32-e31512ed1bff-768x1024.jpeg\" alt=\"\" class=\"wp-image-8638\" width=\"823\" height=\"1097\" srcset=\"https:\/\/fcbuetschwil.ch\/neu\/wp-content\/uploads\/2026\/03\/076ff3f4-d750-405e-9b32-e31512ed1bff-768x1024.jpeg 768w, https:\/\/fcbuetschwil.ch\/neu\/wp-content\/uploads\/2026\/03\/076ff3f4-d750-405e-9b32-e31512ed1bff-750x1000.jpeg 750w, https:\/\/fcbuetschwil.ch\/neu\/wp-content\/uploads\/2026\/03\/076ff3f4-d750-405e-9b32-e31512ed1bff-300x400.jpeg 300w, https:\/\/fcbuetschwil.ch\/neu\/wp-content\/uploads\/2026\/03\/076ff3f4-d750-405e-9b32-e31512ed1bff.jpeg 960w\" sizes=\"(max-width: 823px) 100vw, 823px\" \/><\/figure>\n\n\n\n<figure class=\"wp-block-image size-large\"><img loading=\"lazy\" width=\"1024\" height=\"683\" src=\"https:\/\/fcbuetschwil.ch\/neu\/wp-content\/uploads\/2026\/03\/5db6e72d-90d4-4a76-a773-b45a3399a66a-1024x683.jpeg\" alt=\"\" class=\"wp-image-8639\" srcset=\"https:\/\/fcbuetschwil.ch\/neu\/wp-content\/uploads\/2026\/03\/5db6e72d-90d4-4a76-a773-b45a3399a66a-1024x683.jpeg 1024w, https:\/\/fcbuetschwil.ch\/neu\/wp-content\/uploads\/2026\/03\/5db6e72d-90d4-4a76-a773-b45a3399a66a-1000x667.jpeg 1000w, https:\/\/fcbuetschwil.ch\/neu\/wp-content\/uploads\/2026\/03\/5db6e72d-90d4-4a76-a773-b45a3399a66a-768x512.jpeg 768w, https:\/\/fcbuetschwil.ch\/neu\/wp-content\/uploads\/2026\/03\/5db6e72d-90d4-4a76-a773-b45a3399a66a-391x260.jpeg 391w, https:\/\/fcbuetschwil.ch\/neu\/wp-content\/uploads\/2026\/03\/5db6e72d-90d4-4a76-a773-b45a3399a66a-930x620.jpeg 930w, https:\/\/fcbuetschwil.ch\/neu\/wp-content\/uploads\/2026\/03\/5db6e72d-90d4-4a76-a773-b45a3399a66a.jpeg 1280w\" sizes=\"(max-width: 1024px) 100vw, 1024px\" \/><\/figure>\n\n\n\n<figure class=\"wp-block-image size-large\"><img loading=\"lazy\" width=\"1024\" height=\"683\" src=\"https:\/\/fcbuetschwil.ch\/neu\/wp-content\/uploads\/2026\/03\/7c832157-a8be-4eb2-8144-6c51621c3067-1024x683.jpeg\" alt=\"\" class=\"wp-image-8640\" srcset=\"https:\/\/fcbuetschwil.ch\/neu\/wp-content\/uploads\/2026\/03\/7c832157-a8be-4eb2-8144-6c51621c3067-1024x683.jpeg 1024w, https:\/\/fcbuetschwil.ch\/neu\/wp-content\/uploads\/2026\/03\/7c832157-a8be-4eb2-8144-6c51621c3067-1000x667.jpeg 1000w, https:\/\/fcbuetschwil.ch\/neu\/wp-content\/uploads\/2026\/03\/7c832157-a8be-4eb2-8144-6c51621c3067-768x512.jpeg 768w, https:\/\/fcbuetschwil.ch\/neu\/wp-content\/uploads\/2026\/03\/7c832157-a8be-4eb2-8144-6c51621c3067-391x260.jpeg 391w, https:\/\/fcbuetschwil.ch\/neu\/wp-content\/uploads\/2026\/03\/7c832157-a8be-4eb2-8144-6c51621c3067-930x620.jpeg 930w, https:\/\/fcbuetschwil.ch\/neu\/wp-content\/uploads\/2026\/03\/7c832157-a8be-4eb2-8144-6c51621c3067.jpeg 1280w\" sizes=\"(max-width: 1024px) 100vw, 1024px\" \/><\/figure>\n","protected":false},"excerpt":{"rendered":"<p>Trainingslager 2026 \u2013 2. TagebucheintragSamstag, 28. Februar 2026 Gleich zu Beginn sorgt V.D. f\u00fcr modische Akzente, indem er seine Tenue kreuzfalsch anzieht. Wahrscheinlich ein neuer Trend, den wir einfach noch nicht verstanden haben. Die Busse gab es nat\u00fcrlich trotzdem. W\u00e4hrend wir das verdauen, k\u00e4mpft A.Ba. am Fr\u00fchst\u00fccksbuffet ums \u00dcberleben. Der Kellner wollte ihr tats\u00e4chlich das&hellip;&nbsp;<a href=\"https:\/\/fcbuetschwil.ch\/neu\/trainingslager-fft1-2026-tag-2\/\" class=\"\" rel=\"bookmark\">Weiterlesen &raquo;<span class=\"screen-reader-text\">Trainingslager FFT1 2026 &#8211; Tag 2<\/span><\/a><\/p>\n","protected":false},"author":8,"featured_media":8634,"comment_status":"open","ping_status":"open","sticky":false,"template":"","format":"standard","meta":{"inline_featured_image":false,"_mi_skip_tracking":false,"kia_subtitle":"","neve_meta_sidebar":"","neve_meta_container":"","neve_meta_enable_content_width":"","neve_meta_content_width":0,"neve_meta_title_alignment":"","neve_meta_author_avatar":"","neve_post_elements_order":"","neve_meta_disable_header":"","neve_meta_disable_footer":"","neve_meta_disable_title":""},"categories":[56,34],"tags":[],"_links":{"self":[{"href":"https:\/\/fcbuetschwil.ch\/neu\/wp-json\/wp\/v2\/posts\/8632"}],"collection":[{"href":"https:\/\/fcbuetschwil.ch\/neu\/wp-json\/wp\/v2\/posts"}],"about":[{"href":"https:\/\/fcbuetschwil.ch\/neu\/wp-json\/wp\/v2\/types\/post"}],"author":[{"embeddable":true,"href":"https:\/\/fcbuetschwil.ch\/neu\/wp-json\/wp\/v2\/users\/8"}],"replies":[{"embeddable":true,"href":"https:\/\/fcbuetschwil.ch\/neu\/wp-json\/wp\/v2\/comments?post=8632"}],"version-history":[{"count":3,"href":"https:\/\/fcbuetschwil.ch\/neu\/wp-json\/wp\/v2\/posts\/8632\/revisions"}],"predecessor-version":[{"id":8642,"href":"https:\/\/fcbuetschwil.ch\/neu\/wp-json\/wp\/v2\/posts\/8632\/revisions\/8642"}],"wp:featuredmedia":[{"embeddable":true,"href":"https:\/\/fcbuetschwil.ch\/neu\/wp-json\/wp\/v2\/media\/8634"}],"wp:attachment":[{"href":"https:\/\/fcbuetschwil.ch\/neu\/wp-json\/wp\/v2\/media?parent=8632"}],"wp:term":[{"taxonomy":"category","embeddable":true,"href":"https:\/\/fcbuetschwil.ch\/neu\/wp-json\/wp\/v2\/categories?post=8632"},{"taxonomy":"post_tag","embeddable":true,"href":"https:\/\/fcbuetschwil.ch\/neu\/wp-json\/wp\/v2\/tags?post=8632"}],"curies":[{"name":"wp","href":"https:\/\/api.w.org\/{rel}","templated":true}]}}