{"id":8625,"date":"2026-02-28T13:25:01","date_gmt":"2026-02-28T11:25:01","guid":{"rendered":"https:\/\/fcbuetschwil.ch\/neu\/?p=8625"},"modified":"2026-02-28T13:26:04","modified_gmt":"2026-02-28T11:26:04","slug":"trainingslager-fft1-2026-tag-1","status":"publish","type":"post","link":"https:\/\/fcbuetschwil.ch\/neu\/trainingslager-fft1-2026-tag-1\/","title":{"rendered":"Trainingslager FFT1 2026 &#8211; Tag 1"},"content":{"rendered":"\n<p>ECKDATEN TRAININGSLAGER<\/p>\n\n\n\n<p>Fr, 27.02.2026 bis Do, 05.03.2026<\/p>\n\n\n\n<p>Ort: Belek, T\u00fcrkei<\/p>\n\n\n\n<p>TRAINER<\/p>\n\n\n\n<p>Vitor Domgjoni, Michele Fust<\/p>\n\n\n\n<p>PHYSIO<\/p>\n\n\n\n<p>Anna Hagmann<\/p>\n\n\n\n<p>SPIELERINNEN<\/p>\n\n\n\n<p>Amira Baumgartner, Alexandra Br\u00e4ndle, Diana Br\u00e4ndle, Fabienne Br\u00e4ndle, Siri Bucherini, Stephanie Buschta, Michaela Clerc, Simone Gr\u00fcninger, Mara Hagmann, Corinna Hasler, Valerie Kern, Marina Oberholzer, Flavia Schaufelberger, Maurine Schnyder, Melanie Thalmann<\/p>\n\n\n\n<p>CHALLENGE-Gruppen<\/p>\n\n\n\n<p>Team A \u2013 Alpha: Alexandra, Flavia, Siri, Michele<\/p>\n\n\n\n<p>Team B \u2013 Bravo: Amira, Maurine, Simone, Vitor<\/p>\n\n\n\n<p>Team C \u2013 Charlie: Corinna, Melanie, Mara, Michaela<\/p>\n\n\n\n<p>Team D \u2013 Delta: Diana, Fabienne, Anna<\/p>\n\n\n\n<p>Team E \u2013 Echo: Marina, Stephanie, Valerie<\/p>\n\n\n\n<div class=\"wp-container-3 wp-block-columns\">\n<div class=\"wp-container-1 wp-block-column\"><\/div>\n\n\n\n<div class=\"wp-container-2 wp-block-column\"><\/div>\n<\/div>\n\n\n\n<p>Trainingslager 2026 \u2013 1. Tagebucheintrag<\/p>\n\n\n\n<p>Freitag, 27. Februar 2026<\/p>\n\n\n\n<p>Ausgeschlafen (also zumindest theoretisch) und mit einer Vorfreude, die selbst einen Montagmorgen neidisch gemacht h\u00e4tte, versammelte sich die legend\u00e4re Toggenburger Truppe um Punkt 11.00 Uhr am Bahnhof Wil.<\/p>\n\n\n\n<p>Alles lief wie geschmiert \u2013 besonders die R\u00e4der unserer Koffer im Zug. Diese entwickelten n\u00e4mlich ein Eigenleben und beschlossen spontan, eine kleine Rundreise durch das Abteil zu unternehmen. Doch hier zahlte sich unsere monatelange, knallharte Athletikvorbereitung endlich aus: Dank explosivem Antritt von M.S \u2013 perfektioniert im Training \u2013 konnten wir die ausbrechenden Gep\u00e4ckst\u00fccke in letzter Sekunde stoppen. Applaus bitte.<\/p>\n\n\n\n<p>Nur wenige Minuten sp\u00e4ter war erneut Sprintst\u00e4rke gefragt \u2013 diesmal f\u00fcr M.O. W\u00e4hrend die Kontrolleurin langsam, aber bedrohlich n\u00e4herkam, stellte M.O. mit einer Mischung aus Schock, Rechenleistung und innerem Drama fest: Das Ticket war nur bis Wil gel\u00f6st. Kleines Detail am Rande: Wir waren bereits mehrere Stationen weiter. Man konnte f\u00f6rmlich sehen, wie ihr Gehirn in H\u00f6chstgeschwindigkeit nach L\u00f6sungen suchte. Olympiareifer Kurzstreckenlauf? Verstecken im Gep\u00e4cknetz? Unsichtbar werden? Doch mit Pokerface und Nerven aus Stahl meisterte sie die Situation. <\/p>\n\n\n\n<p>Begleitet von M.H.s legend\u00e4ren R\u00e4ubergeschichten \u2013 die irgendwo zwischen \u201ewahre Begebenheit\u201c und \u201eabsoluter Fantasyroman\u201c anzusiedeln waren \u2013 erreichten wir Z\u00fcrich. <\/p>\n\n\n\n<p>Bei der Gep\u00e4ckabgabe stach sofort S.B.s winziger Koffer ins Auge. Im Vergleich dazu h\u00e4tte M.T. locker zwei von S.B.s Koffern f\u00fcllen k\u00f6nnen. Jetzt bleibt die Frage: Ist S.B. Minimalistin oder einfach hoffnungslos unterpackt?<\/p>\n\n\n\n<p>Unter der epischen F\u00fchrung unserer neuen Lagerleitung A.B. und M.O. wurden s\u00e4mtliche H\u00fcrden souver\u00e4n gemeistert. Organisation? Top. Motivation? Vorhanden. Chaos-Level? \u00dcberschaubar. Einzig C.H. musste sich einem streng geheimen Drogentest unterziehen (Ger\u00fcchten zufolge wegen \u00fcberm\u00e4ssiger Euphorie). Ergebnis: bestanden.<\/p>\n\n\n\n<p>Dann startete Team Alfa die legend\u00e4re Flughafenchallenge: Spikeball. Es folgten:<\/p>\n\n\n\n<p>&#8211; Reflexe schneller als Flughafen-WLAN<\/p>\n\n\n\n<p>&#8211; Aufholjagden dramatischer als Boarding-Ansagen<\/p>\n\n\n\n<p>&#8211; Spielz\u00fcge, f\u00fcr die selbst Profis kurz Google Maps gebraucht h\u00e4tten<\/p>\n\n\n\n<p>&#8211; Und akrobatische Einlagen von M.H., die kurzzeitig wie eine Olympia-Qualifikation aussahen<\/p>\n\n\n\n<p>Nach einem nervenzerreissenden Finale setzte sich Team Echo gegen Team Charlie durch.<\/p>\n\n\n\n<p>\ud83c\udfc6 Rangliste:<\/p>\n\n\n\n<p>Team Echo<\/p>\n\n\n\n<p>Team Charlie<\/p>\n\n\n\n<p>Team Bravo<\/p>\n\n\n\n<p>Team Delta (wir kommen gleich noch dazu\u2026)<\/p>\n\n\n\n<p>In Antalya angekommen, warteten alle gespannt am Gep\u00e4ckband. Regel: Die letzten zwei mit Koffer m\u00fcssen eine Bestrafung machen. Wir bedanken uns herzlich bei S.G. und M.C. f\u00fcr ihren Service in der Lobbybar am Abend. Im Hotel angekommen wurde eingecheckt und die Zimmer bezogen. Zum Znacht versammelten sich alle in der Lobby. Team Delta erschien in besonders \u201espeziellen\u201c Outfits. Als Verlierer der Challenge durften sie ihre wundersch\u00f6nen T-Shirts dem ganzen Hotelg\u00e4sten pr\u00e4sentieren. W\u00e4hrend dem Znacht brachte unsere Z\u00fcrcherin S.B. sprachliche Bildung ins Lagerleben. Mit den Begriffen wie yappen und Rizz versetzte sie sogar die jungen wilden ins Staunen. Danach liessen wir den Abend gem\u00fctlich an der Lobbybar ausklingen.<\/p>\n\n\n\n<p>Redaktion: M.O. &amp; M.S.<\/p>\n\n\n\n<div class=\"wp-container-6 wp-block-group\"><div class=\"wp-block-group__inner-container\">\n<div class=\"wp-container-5 wp-block-columns\">\n<div class=\"wp-container-4 wp-block-column\" style=\"flex-basis:100%\">\n<figure class=\"wp-block-image size-large\"><img loading=\"lazy\" width=\"768\" height=\"1024\" src=\"https:\/\/fcbuetschwil.ch\/neu\/wp-content\/uploads\/2026\/02\/0bb954b5-02c1-4d48-9331-9b175b4716f8-768x1024.jpeg\" alt=\"\" class=\"wp-image-8627\" srcset=\"https:\/\/fcbuetschwil.ch\/neu\/wp-content\/uploads\/2026\/02\/0bb954b5-02c1-4d48-9331-9b175b4716f8-768x1024.jpeg 768w, https:\/\/fcbuetschwil.ch\/neu\/wp-content\/uploads\/2026\/02\/0bb954b5-02c1-4d48-9331-9b175b4716f8-750x1000.jpeg 750w, https:\/\/fcbuetschwil.ch\/neu\/wp-content\/uploads\/2026\/02\/0bb954b5-02c1-4d48-9331-9b175b4716f8-300x400.jpeg 300w, https:\/\/fcbuetschwil.ch\/neu\/wp-content\/uploads\/2026\/02\/0bb954b5-02c1-4d48-9331-9b175b4716f8.jpeg 960w\" sizes=\"(max-width: 768px) 100vw, 768px\" \/><\/figure>\n<\/div>\n<\/div>\n<\/div><\/div>\n\n\n\n<figure class=\"wp-block-image size-large\"><img loading=\"lazy\" width=\"768\" height=\"1024\" src=\"https:\/\/fcbuetschwil.ch\/neu\/wp-content\/uploads\/2026\/02\/212bfc7a-877a-424e-94da-755fe5ea49dd-768x1024.jpeg\" alt=\"\" class=\"wp-image-8628\" srcset=\"https:\/\/fcbuetschwil.ch\/neu\/wp-content\/uploads\/2026\/02\/212bfc7a-877a-424e-94da-755fe5ea49dd-768x1024.jpeg 768w, https:\/\/fcbuetschwil.ch\/neu\/wp-content\/uploads\/2026\/02\/212bfc7a-877a-424e-94da-755fe5ea49dd-750x1000.jpeg 750w, https:\/\/fcbuetschwil.ch\/neu\/wp-content\/uploads\/2026\/02\/212bfc7a-877a-424e-94da-755fe5ea49dd-300x400.jpeg 300w, https:\/\/fcbuetschwil.ch\/neu\/wp-content\/uploads\/2026\/02\/212bfc7a-877a-424e-94da-755fe5ea49dd.jpeg 960w\" sizes=\"(max-width: 768px) 100vw, 768px\" \/><\/figure>\n\n\n\n<figure class=\"wp-block-image size-large\"><img loading=\"lazy\" width=\"1024\" height=\"768\" src=\"https:\/\/fcbuetschwil.ch\/neu\/wp-content\/uploads\/2026\/02\/4e03b629-f9ba-4951-b62b-a2c64d5f67c4-1024x768.jpeg\" alt=\"\" class=\"wp-image-8629\" srcset=\"https:\/\/fcbuetschwil.ch\/neu\/wp-content\/uploads\/2026\/02\/4e03b629-f9ba-4951-b62b-a2c64d5f67c4-1024x768.jpeg 1024w, https:\/\/fcbuetschwil.ch\/neu\/wp-content\/uploads\/2026\/02\/4e03b629-f9ba-4951-b62b-a2c64d5f67c4-1000x750.jpeg 1000w, https:\/\/fcbuetschwil.ch\/neu\/wp-content\/uploads\/2026\/02\/4e03b629-f9ba-4951-b62b-a2c64d5f67c4-768x576.jpeg 768w, https:\/\/fcbuetschwil.ch\/neu\/wp-content\/uploads\/2026\/02\/4e03b629-f9ba-4951-b62b-a2c64d5f67c4.jpeg 1280w\" sizes=\"(max-width: 1024px) 100vw, 1024px\" \/><\/figure>\n\n\n\n<figure class=\"wp-block-image size-large\"><img loading=\"lazy\" width=\"768\" height=\"1024\" src=\"https:\/\/fcbuetschwil.ch\/neu\/wp-content\/uploads\/2026\/02\/bc18e847-9ecf-445c-aa24-ccac8dda431e-768x1024.jpeg\" alt=\"\" class=\"wp-image-8630\" srcset=\"https:\/\/fcbuetschwil.ch\/neu\/wp-content\/uploads\/2026\/02\/bc18e847-9ecf-445c-aa24-ccac8dda431e-768x1024.jpeg 768w, https:\/\/fcbuetschwil.ch\/neu\/wp-content\/uploads\/2026\/02\/bc18e847-9ecf-445c-aa24-ccac8dda431e-750x1000.jpeg 750w, https:\/\/fcbuetschwil.ch\/neu\/wp-content\/uploads\/2026\/02\/bc18e847-9ecf-445c-aa24-ccac8dda431e-300x400.jpeg 300w, https:\/\/fcbuetschwil.ch\/neu\/wp-content\/uploads\/2026\/02\/bc18e847-9ecf-445c-aa24-ccac8dda431e.jpeg 960w\" sizes=\"(max-width: 768px) 100vw, 768px\" \/><\/figure>\n","protected":false},"excerpt":{"rendered":"<p>ECKDATEN TRAININGSLAGER Fr, 27.02.2026 bis Do, 05.03.2026 Ort: Belek, T\u00fcrkei TRAINER Vitor Domgjoni, Michele Fust PHYSIO Anna Hagmann SPIELERINNEN Amira Baumgartner, Alexandra Br\u00e4ndle, Diana Br\u00e4ndle, Fabienne Br\u00e4ndle, Siri Bucherini, Stephanie Buschta, Michaela Clerc, Simone Gr\u00fcninger, Mara Hagmann, Corinna Hasler, Valerie Kern, Marina Oberholzer, Flavia Schaufelberger, Maurine Schnyder, Melanie Thalmann CHALLENGE-Gruppen Team A \u2013 Alpha: Alexandra,&hellip;&nbsp;<a href=\"https:\/\/fcbuetschwil.ch\/neu\/trainingslager-fft1-2026-tag-1\/\" class=\"\" rel=\"bookmark\">Weiterlesen &raquo;<span class=\"screen-reader-text\">Trainingslager FFT1 2026 &#8211; Tag 1<\/span><\/a><\/p>\n","protected":false},"author":8,"featured_media":8628,"comment_status":"open","ping_status":"open","sticky":false,"template":"","format":"standard","meta":{"inline_featured_image":false,"_mi_skip_tracking":false,"kia_subtitle":"","neve_meta_sidebar":"","neve_meta_container":"","neve_meta_enable_content_width":"","neve_meta_content_width":0,"neve_meta_title_alignment":"","neve_meta_author_avatar":"","neve_post_elements_order":"","neve_meta_disable_header":"","neve_meta_disable_footer":"","neve_meta_disable_title":""},"categories":[56,34],"tags":[],"_links":{"self":[{"href":"https:\/\/fcbuetschwil.ch\/neu\/wp-json\/wp\/v2\/posts\/8625"}],"collection":[{"href":"https:\/\/fcbuetschwil.ch\/neu\/wp-json\/wp\/v2\/posts"}],"about":[{"href":"https:\/\/fcbuetschwil.ch\/neu\/wp-json\/wp\/v2\/types\/post"}],"author":[{"embeddable":true,"href":"https:\/\/fcbuetschwil.ch\/neu\/wp-json\/wp\/v2\/users\/8"}],"replies":[{"embeddable":true,"href":"https:\/\/fcbuetschwil.ch\/neu\/wp-json\/wp\/v2\/comments?post=8625"}],"version-history":[{"count":2,"href":"https:\/\/fcbuetschwil.ch\/neu\/wp-json\/wp\/v2\/posts\/8625\/revisions"}],"predecessor-version":[{"id":8631,"href":"https:\/\/fcbuetschwil.ch\/neu\/wp-json\/wp\/v2\/posts\/8625\/revisions\/8631"}],"wp:featuredmedia":[{"embeddable":true,"href":"https:\/\/fcbuetschwil.ch\/neu\/wp-json\/wp\/v2\/media\/8628"}],"wp:attachment":[{"href":"https:\/\/fcbuetschwil.ch\/neu\/wp-json\/wp\/v2\/media?parent=8625"}],"wp:term":[{"taxonomy":"category","embeddable":true,"href":"https:\/\/fcbuetschwil.ch\/neu\/wp-json\/wp\/v2\/categories?post=8625"},{"taxonomy":"post_tag","embeddable":true,"href":"https:\/\/fcbuetschwil.ch\/neu\/wp-json\/wp\/v2\/tags?post=8625"}],"curies":[{"name":"wp","href":"https:\/\/api.w.org\/{rel}","templated":true}]}}