{"id":8616,"date":"2026-02-22T14:30:19","date_gmt":"2026-02-22T12:30:19","guid":{"rendered":"https:\/\/fcbuetschwil.ch\/neu\/?p=8616"},"modified":"2026-02-22T14:33:09","modified_gmt":"2026-02-22T12:33:09","slug":"einladung-hauptversammlung-2026","status":"publish","type":"post","link":"https:\/\/fcbuetschwil.ch\/neu\/einladung-hauptversammlung-2026\/","title":{"rendered":"Einladung Hauptversammlung 2026"},"content":{"rendered":"\n<p>Gesch\u00e4tzte Mitglieder des FC B\u00fctschwil<\/p>\n\n\n\n<p>Im Anhang findet ihr die Einladung zur 75. Hauptversammlung des FC B\u00fctschwil vom Freitag, 20. M\u00e4rz 2026, 19.30 Uhr, im Restaurant Krone, Mosnang. Vorg\u00e4ngig findet die Supporter-Hauptversammlung um 18.45 Uhr statt.<\/p>\n\n\n\n<p>Ebenfalls erh\u00e4lt ihr das Protokoll der letzten Hauptversammlung.<\/p>\n\n\n\n<p>Ein Traktandum der diesj\u00e4hrigen HV ist die Annahme der \u00fcberarbeiteten Statuten des FC B\u00fctschwil. Dies da das Bundesamt f\u00fcr Sport und Swiss Olympics f\u00fcr alle Vereine, welche finanzielle F\u00f6rdermittel erhalten, Vorgaben in Form eines Kodex (Ethik-Charta, Ethik-Statut, Doping-Statut) erlassen haben. Die Vereine m\u00fcssen diese nun in ihren Statuten verbindlich integrieren. Damit auf eine Vorlesung der gesamten Statuten an der HV verzichtet und eine gr\u00f6ssere Diskussion vermieden werden kann, sende ich euch diese ebenfalls im Anhang. Allf\u00e4llige Anregungen\/Verbesserungsvorschl\u00e4ge sind mir bis sp\u00e4testens Mittwoch, 11. M\u00e4rz 2026, schriftlich mitzuteilen.<\/p>\n\n\n\n<p>Die Teilnahme an der Hauptversammlung ist f\u00fcr ALLE Mitglieder ab 16 Jahren obligatorisch. Deshalb bitte ich euch, mir allf\u00e4llige Abwesenheiten bis sp\u00e4testens Mittwoch, 11. M\u00e4rz 2026, zu melden.<\/p>\n\n\n\n<p>Sportliche Gr\u00fcsse<\/p>\n\n\n\n<p>Corinna Hasler<br>Aktuarin FC B\u00fctschwil<\/p>\n\n\n\n<div class=\"wp-block-file\"><object class=\"wp-block-file__embed\" data=\"https:\/\/fcbuetschwil.ch\/neu\/wp-content\/uploads\/2026\/02\/HV-Einladung-2026-75.-HV.pdf\" type=\"application\/pdf\" style=\"width:100%;height:600px\" aria-label=\"Einbettung von HV-Einladung-2026-75.-HV.\"><\/object><a id=\"wp-block-file--media-dcd23ac0-e257-4708-882a-3641d5345fde\" href=\"https:\/\/fcbuetschwil.ch\/neu\/wp-content\/uploads\/2026\/02\/HV-Einladung-2026-75.-HV.pdf\">HV-Einladung-2026-75.-HV<\/a><a href=\"https:\/\/fcbuetschwil.ch\/neu\/wp-content\/uploads\/2026\/02\/HV-Einladung-2026-75.-HV.pdf\" class=\"wp-block-file__button\" download aria-describedby=\"wp-block-file--media-dcd23ac0-e257-4708-882a-3641d5345fde\">Herunterladen<\/a><\/div>\n\n\n\n<div class=\"wp-block-file\"><object class=\"wp-block-file__embed\" data=\"https:\/\/fcbuetschwil.ch\/neu\/wp-content\/uploads\/2026\/02\/74.-HV-FC-Buetschwil-Protokoll.pdf\" type=\"application\/pdf\" style=\"width:100%;height:600px\" aria-label=\"Einbettung von 74.-HV-FC-Buetschwil-Protokoll.\"><\/object><a id=\"wp-block-file--media-01dbc8a1-ba9f-4f63-9f17-2114d41826bb\" href=\"https:\/\/fcbuetschwil.ch\/neu\/wp-content\/uploads\/2026\/02\/74.-HV-FC-Buetschwil-Protokoll.pdf\">74.-HV-FC-Buetschwil-Protokoll<\/a><a href=\"https:\/\/fcbuetschwil.ch\/neu\/wp-content\/uploads\/2026\/02\/74.-HV-FC-Buetschwil-Protokoll.pdf\" class=\"wp-block-file__button\" download aria-describedby=\"wp-block-file--media-01dbc8a1-ba9f-4f63-9f17-2114d41826bb\">Herunterladen<\/a><\/div>\n\n\n\n<div class=\"wp-block-file\"><object class=\"wp-block-file__embed\" data=\"https:\/\/fcbuetschwil.ch\/neu\/wp-content\/uploads\/2026\/02\/Statuten-FC-Buetschwil-2026_finale-Version.pdf\" type=\"application\/pdf\" style=\"width:100%;height:600px\" aria-label=\"Einbettung von Statuten-FC-Buetschwil-2026_finale-Version.\"><\/object><a id=\"wp-block-file--media-cfcf4622-333a-43a1-932e-870dd8040f77\" href=\"https:\/\/fcbuetschwil.ch\/neu\/wp-content\/uploads\/2026\/02\/Statuten-FC-Buetschwil-2026_finale-Version.pdf\">Statuten-FC-Buetschwil-2026_finale-Version<\/a><a href=\"https:\/\/fcbuetschwil.ch\/neu\/wp-content\/uploads\/2026\/02\/Statuten-FC-Buetschwil-2026_finale-Version.pdf\" class=\"wp-block-file__button\" download aria-describedby=\"wp-block-file--media-cfcf4622-333a-43a1-932e-870dd8040f77\">Herunterladen<\/a><\/div>\n","protected":false},"excerpt":{"rendered":"<p>Gesch\u00e4tzte Mitglieder des FC B\u00fctschwil Im Anhang findet ihr die Einladung zur 75. Hauptversammlung des FC B\u00fctschwil vom Freitag, 20. M\u00e4rz 2026, 19.30 Uhr, im Restaurant Krone, Mosnang. Vorg\u00e4ngig findet die Supporter-Hauptversammlung um 18.45 Uhr statt. Ebenfalls erh\u00e4lt ihr das Protokoll der letzten Hauptversammlung. Ein Traktandum der diesj\u00e4hrigen HV ist die Annahme der \u00fcberarbeiteten Statuten&hellip;&nbsp;<a href=\"https:\/\/fcbuetschwil.ch\/neu\/einladung-hauptversammlung-2026\/\" class=\"\" rel=\"bookmark\">Weiterlesen &raquo;<span class=\"screen-reader-text\">Einladung Hauptversammlung 2026<\/span><\/a><\/p>\n","protected":false},"author":10,"featured_media":8530,"comment_status":"open","ping_status":"open","sticky":false,"template":"","format":"standard","meta":{"inline_featured_image":false,"_mi_skip_tracking":false,"kia_subtitle":"","neve_meta_sidebar":"","neve_meta_container":"","neve_meta_enable_content_width":"","neve_meta_content_width":0,"neve_meta_title_alignment":"","neve_meta_author_avatar":"","neve_post_elements_order":"","neve_meta_disable_header":"","neve_meta_disable_footer":"","neve_meta_disable_title":""},"categories":[1],"tags":[],"_links":{"self":[{"href":"https:\/\/fcbuetschwil.ch\/neu\/wp-json\/wp\/v2\/posts\/8616"}],"collection":[{"href":"https:\/\/fcbuetschwil.ch\/neu\/wp-json\/wp\/v2\/posts"}],"about":[{"href":"https:\/\/fcbuetschwil.ch\/neu\/wp-json\/wp\/v2\/types\/post"}],"author":[{"embeddable":true,"href":"https:\/\/fcbuetschwil.ch\/neu\/wp-json\/wp\/v2\/users\/10"}],"replies":[{"embeddable":true,"href":"https:\/\/fcbuetschwil.ch\/neu\/wp-json\/wp\/v2\/comments?post=8616"}],"version-history":[{"count":1,"href":"https:\/\/fcbuetschwil.ch\/neu\/wp-json\/wp\/v2\/posts\/8616\/revisions"}],"predecessor-version":[{"id":8620,"href":"https:\/\/fcbuetschwil.ch\/neu\/wp-json\/wp\/v2\/posts\/8616\/revisions\/8620"}],"wp:featuredmedia":[{"embeddable":true,"href":"https:\/\/fcbuetschwil.ch\/neu\/wp-json\/wp\/v2\/media\/8530"}],"wp:attachment":[{"href":"https:\/\/fcbuetschwil.ch\/neu\/wp-json\/wp\/v2\/media?parent=8616"}],"wp:term":[{"taxonomy":"category","embeddable":true,"href":"https:\/\/fcbuetschwil.ch\/neu\/wp-json\/wp\/v2\/categories?post=8616"},{"taxonomy":"post_tag","embeddable":true,"href":"https:\/\/fcbuetschwil.ch\/neu\/wp-json\/wp\/v2\/tags?post=8616"}],"curies":[{"name":"wp","href":"https:\/\/api.w.org\/{rel}","templated":true}]}}