{"id":8482,"date":"2025-11-11T09:40:41","date_gmt":"2025-11-11T07:40:41","guid":{"rendered":"https:\/\/fcbuetschwil.ch\/neu\/?p=8482"},"modified":"2025-11-11T10:05:39","modified_gmt":"2025-11-11T08:05:39","slug":"matchbericht-herren-1-vs-fc-sirnach-1-2","status":"publish","type":"post","link":"https:\/\/fcbuetschwil.ch\/neu\/matchbericht-herren-1-vs-fc-sirnach-1-2\/","title":{"rendered":"Matchbericht Herren 1 vs. FC Sirnach 1"},"content":{"rendered":"\n<p>Link zum Spielbericht: <a href=\"https:\/\/www.tagblatt.ch\/ostschweiz\/toggenburg\/fussball-so-verlief-das-letzte-wochenende-vor-der-winterpause-ld.4042450\">Toggenburger Tagblatt<\/a><\/p>\n\n\n\n<p>Link zum Matchtelegramm: <a href=\"https:\/\/matchcenter.ofv.swiss\/default.aspx?oid=9&amp;lng=1&amp;v=1699&amp;t=39669&amp;sg=&amp;ls=&amp;tg=4166291\">OFV &#8211; Matchcenter<\/a><\/p>\n","protected":false},"excerpt":{"rendered":"<p>Link zum Spielbericht: Toggenburger Tagblatt Link zum Matchtelegramm: OFV &#8211; Matchcenter<\/p>\n","protected":false},"author":11,"featured_media":8481,"comment_status":"open","ping_status":"open","sticky":false,"template":"","format":"standard","meta":{"inline_featured_image":false,"_mi_skip_tracking":false,"kia_subtitle":"Zum Abschluss der Vorrunde feiert unser \u00c4\u00e4s einen weiteren Vollerfolg und \u00fcberwintert somit \u00fcber dem Strich. Ein sehenswertes Freistosstor von Gian Pfister besiegelt den abgekl\u00e4rten 4:0 Sieg gegen den FC Sirnach.","neve_meta_sidebar":"","neve_meta_container":"","neve_meta_enable_content_width":"","neve_meta_content_width":0,"neve_meta_title_alignment":"","neve_meta_author_avatar":"","neve_post_elements_order":"","neve_meta_disable_header":"","neve_meta_disable_footer":"","neve_meta_disable_title":""},"categories":[2],"tags":[],"_links":{"self":[{"href":"https:\/\/fcbuetschwil.ch\/neu\/wp-json\/wp\/v2\/posts\/8482"}],"collection":[{"href":"https:\/\/fcbuetschwil.ch\/neu\/wp-json\/wp\/v2\/posts"}],"about":[{"href":"https:\/\/fcbuetschwil.ch\/neu\/wp-json\/wp\/v2\/types\/post"}],"author":[{"embeddable":true,"href":"https:\/\/fcbuetschwil.ch\/neu\/wp-json\/wp\/v2\/users\/11"}],"replies":[{"embeddable":true,"href":"https:\/\/fcbuetschwil.ch\/neu\/wp-json\/wp\/v2\/comments?post=8482"}],"version-history":[{"count":3,"href":"https:\/\/fcbuetschwil.ch\/neu\/wp-json\/wp\/v2\/posts\/8482\/revisions"}],"predecessor-version":[{"id":8485,"href":"https:\/\/fcbuetschwil.ch\/neu\/wp-json\/wp\/v2\/posts\/8482\/revisions\/8485"}],"wp:featuredmedia":[{"embeddable":true,"href":"https:\/\/fcbuetschwil.ch\/neu\/wp-json\/wp\/v2\/media\/8481"}],"wp:attachment":[{"href":"https:\/\/fcbuetschwil.ch\/neu\/wp-json\/wp\/v2\/media?parent=8482"}],"wp:term":[{"taxonomy":"category","embeddable":true,"href":"https:\/\/fcbuetschwil.ch\/neu\/wp-json\/wp\/v2\/categories?post=8482"},{"taxonomy":"post_tag","embeddable":true,"href":"https:\/\/fcbuetschwil.ch\/neu\/wp-json\/wp\/v2\/tags?post=8482"}],"curies":[{"name":"wp","href":"https:\/\/api.w.org\/{rel}","templated":true}]}}