{"id":8472,"date":"2025-11-04T10:30:09","date_gmt":"2025-11-04T08:30:09","guid":{"rendered":"https:\/\/fcbuetschwil.ch\/neu\/?p=8472"},"modified":"2025-11-04T11:42:16","modified_gmt":"2025-11-04T09:42:16","slug":"matchbericht-herren-1-vs-fc-eschenbach-1-3","status":"publish","type":"post","link":"https:\/\/fcbuetschwil.ch\/neu\/matchbericht-herren-1-vs-fc-eschenbach-1-3\/","title":{"rendered":"Matchbericht Herren 1 vs. FC Eschenbach 1"},"content":{"rendered":"\n<p>Link zum Spielbericht: <a href=\"https:\/\/www.tagblatt.ch\/ostschweiz\/toggenburg\/fussball-so-sieht-die-bilanz-der-toggenburger-vom-wochenende-aus-ld.4038984\">Toggenburger Tagblatt<\/a><\/p>\n\n\n\n<p>Link zum Matchtelegramm: <a href=\"https:\/\/matchcenter.ofv.swiss\/default.aspx?oid=9&amp;lng=1&amp;v=1699&amp;t=39669&amp;sg=&amp;ls=&amp;tg=4166286\">OFV &#8211; Matchcenter<\/a><\/p>\n","protected":false},"excerpt":{"rendered":"<p>Link zum Spielbericht: Toggenburger Tagblatt Link zum Matchtelegramm: OFV &#8211; Matchcenter<\/p>\n","protected":false},"author":11,"featured_media":8475,"comment_status":"open","ping_status":"open","sticky":false,"template":"","format":"standard","meta":{"inline_featured_image":false,"_mi_skip_tracking":false,"kia_subtitle":"Unser \u00c4\u00e4s darf endlich wieder jubeln! Dank der sp\u00e4ten Treffer von Claudio Bl\u00f6chliger und Flavio Gm\u00fcr in der Nachspielzeit erarbeitet sich unser Herren 1 den zweiten Saisonsieg und verl\u00e4sst damit die Abstiegspl\u00e4tze.","neve_meta_sidebar":"","neve_meta_container":"","neve_meta_enable_content_width":"","neve_meta_content_width":0,"neve_meta_title_alignment":"","neve_meta_author_avatar":"","neve_post_elements_order":"","neve_meta_disable_header":"","neve_meta_disable_footer":"","neve_meta_disable_title":""},"categories":[2],"tags":[],"_links":{"self":[{"href":"https:\/\/fcbuetschwil.ch\/neu\/wp-json\/wp\/v2\/posts\/8472"}],"collection":[{"href":"https:\/\/fcbuetschwil.ch\/neu\/wp-json\/wp\/v2\/posts"}],"about":[{"href":"https:\/\/fcbuetschwil.ch\/neu\/wp-json\/wp\/v2\/types\/post"}],"author":[{"embeddable":true,"href":"https:\/\/fcbuetschwil.ch\/neu\/wp-json\/wp\/v2\/users\/11"}],"replies":[{"embeddable":true,"href":"https:\/\/fcbuetschwil.ch\/neu\/wp-json\/wp\/v2\/comments?post=8472"}],"version-history":[{"count":2,"href":"https:\/\/fcbuetschwil.ch\/neu\/wp-json\/wp\/v2\/posts\/8472\/revisions"}],"predecessor-version":[{"id":8474,"href":"https:\/\/fcbuetschwil.ch\/neu\/wp-json\/wp\/v2\/posts\/8472\/revisions\/8474"}],"wp:featuredmedia":[{"embeddable":true,"href":"https:\/\/fcbuetschwil.ch\/neu\/wp-json\/wp\/v2\/media\/8475"}],"wp:attachment":[{"href":"https:\/\/fcbuetschwil.ch\/neu\/wp-json\/wp\/v2\/media?parent=8472"}],"wp:term":[{"taxonomy":"category","embeddable":true,"href":"https:\/\/fcbuetschwil.ch\/neu\/wp-json\/wp\/v2\/categories?post=8472"},{"taxonomy":"post_tag","embeddable":true,"href":"https:\/\/fcbuetschwil.ch\/neu\/wp-json\/wp\/v2\/tags?post=8472"}],"curies":[{"name":"wp","href":"https:\/\/api.w.org\/{rel}","templated":true}]}}