{"id":8255,"date":"2025-09-13T15:09:25","date_gmt":"2025-09-13T13:09:25","guid":{"rendered":"https:\/\/fcbuetschwil.ch\/neu\/?p=8255"},"modified":"2025-09-13T15:09:26","modified_gmt":"2025-09-13T13:09:26","slug":"fcb-newsletter-4","status":"publish","type":"post","link":"https:\/\/fcbuetschwil.ch\/neu\/fcb-newsletter-4\/","title":{"rendered":"FCB-Newsletter"},"content":{"rendered":"\n<p><strong>SFV Quality Club<\/strong><\/p>\n\n\n\n<p>Vor einer Woche fiel der Startschuss zum Projekt SFV Quality Club. Das Label Qualitiy Club wird vom SFV verliehen und ist ein Projekt zur Vereinsentwicklung. In Erlinsbach AG fand der erste Workshop statt, an dem die ersten Kontakte mit anderen Vereinen gekn\u00fcpft werden konnten und wir das Projekt kennenlernten. Der FC B\u00fctschwil ist einer von 29 Vereinen, welcher schweizweit von diesem Projekt profitieren kann. Im September\/Oktober dieses Jahres wird eine Umfrage bei uns im Verein durchgef\u00fchrt. Diese richtet sich an Aktive, Trainer, Funktion\u00e4re und Eltern. Der FC B\u00fctschwil erhofft sich mit diesem Label den Verein zu st\u00e4rken und vorw\u00e4rtszubringen. Darum sind wir auf eure Mithilfe angewiesen. Wir z\u00e4hlen auf euch, dass ihr euch rege an der Umfrage beteiligt. F\u00fcr dieses Projekt ist nicht nur der Vorstand zust\u00e4ndig, wenn jemand interessiert ist, daran teilzunehmen und die Zukunft unseres Vereins mitgestalten m\u00f6chte, meldet euch bei unserem Pr\u00e4sidenten.<br><\/p>\n\n\n\n<p><strong>Sportlicher Teil \u2013 Aktive Herren<\/strong><\/p>\n\n\n\n<p>Unsere erste Herrenmannschaft ist leider nicht sehr gl\u00fccklich in die Meisterschaft gestartet. In drei Partien konnte erst ein Punkt bejubelt werden. Auch im Cup kam das Aus bereits in der ersten Runde im Penaltyschiessen gegen Wittenbach. Die Junge Mannschaft um unsere Trainer Ruedi Eisenhut, Tobias Ziegler und neu Marc Ott sind also gefordert. Wir sind aber zuversichtlich, dass trotz der vielen Verletzten die gew\u00fcnschten Erfolge nicht mehr lange auf sich warten lassen. Viel besser gestartet ist unser Zw\u00e4\u00e4, f\u00fcnf Siege aus f\u00fcnf Partien lesen sich durchaus wunderbar.<br><\/p>\n\n\n\n<p><strong>Sportlicher Teil \u2013 Aktive Frauen<\/strong><\/p>\n\n\n\n<p>In der Frauenabteilung FF Toggenburg sind bei allen Mannschaften neue Trainerteams eingestiegen. Wir sind mit dem Saisonstart durchwegs zufrieden. Das Frauen 1 hat nach der schon guten ersten Saison in der 1. Liga sich einiges vorgenommen. Unter dem neuen Trainer Vitor Domgjoni sorgen sie mit einem sehr guten Auftritt im CH-Cup gegen das AWSL-Team aus Aarau und dem Blitzsstart mit drei Siegen aus drei Partien f\u00fcr sportliche Glanzlichter. Wir bleiben aber realistisch und dem\u00fctig und wissen, dass noch vieles vor uns liegt. Im Frauen 2 ist Trainer Yves Lusti sportlich mit seinem Team gut in die Meisterschaft gestartet. Viele Absenzen und Verletzungen machen seine Arbeit nicht einfach. Aber wir sind guten Mutes, dass es auch hier vorw\u00e4rts geht. Das Team hat sehr viel Potential und dieses werden wir noch sehen in dieser Saison. Im Frauen 3 haben sich die jungen Spielerinnen gut integriert und profitieren schon von den erfahrenen Spielerinnen. Das Trainerteam hat ein breites Kader zur Verf\u00fcgung und wir werden noch viel Freude mit diesem Team haben. Der Einbau von jungen Spielerinnen braucht auch etwas Geduld, aber wir sind auf Kurs.<br><\/p>\n\n\n\n<p><strong>Sportlicher Teil \u2013 Junioren<\/strong><\/p>\n\n\n\n<p>Neben vielen altbekannten Gesichtern d\u00fcrfen wir diese Saison auch ein paar neue Trainer in unserer Juniorenabteilung begr\u00fcssen. Jassem Samir leitet mit Riki Marjakaj neu unsere A-Junioren. Marcel G\u00e4mperle unterst\u00fctzt Leandro Eberle im Dc. Raffael Rechsteiner stiess bei den Fb-Junioren dazu und Stefan Sennhauser erg\u00e4nzt den jungen Trainerstaff bei unseren G-Junioren. Es gibt aber noch weitere Good-News f\u00fcr den Herbst: Unsere B-Junioren laufen im neuen Glanz auf. P\u00fcnktlich zum Aufstieg in die Promotion d\u00fcrfen sie dank der grossz\u00fcgigen Unterst\u00fctzung von Auto Sch\u00f6nenberger AG in die neuen Trikots schl\u00fcpfen.<br><\/p>\n\n\n\n<p><strong>Sportlicher Teil \u2013 Juniorinnen<\/strong><\/p>\n\n\n\n<p>Bei den Juniorinnen ist die Saison bei allen Teams gut gestartet. Bei unseren J\u00fcngsten, der FF9, findet neu eine Trainingsgruppe in B\u00fctschwil, Kirchberg und Ebnat-Kappel statt. Die FF11 hat zwei Teams mit den Trainingsstandorten Ebnat-Kappel und B\u00fctschwil. Bei der FF14 und bei der FF17 gibt es jeweils zwei Teams in unterschiedlichen St\u00e4rkeklassen. Es freut uns Verantwortliche sehr, dass wir erstmals ein so grosses Angebot anbieten k\u00f6nnen. Voller Vorfreude blicken wir auf den Weltm\u00e4dchen-Fussballtag in Chur, welcher am Samstag, 11. Oktober 2025, stattfindet. Im Trainerstaff d\u00fcrfen wir neu Bettina Kuhn und Patricia Stillhart (FF17b) und Bert und Nora Studer (FF11 B\u00fctschwil) begr\u00fcssen. Herzliche Willkommen!<br><\/p>\n\n\n\n<p><strong>Schiedsrichter<\/strong><\/p>\n\n\n\n<p>Wenn wieder auf allen Pl\u00e4tzen Fussball gespielt wird, sind unsere Schiedsrichter nat\u00fcrlich ebenfalls im Einsatz. W\u00e4hrend der Sommerpause fand dieses Jahr in Wil der Outdoorlehrkurs statt. Dabei wurden die neuen Regeln sowie einen Postenlauf zur Auffrischung durchgef\u00fchrt.<\/p>\n\n\n\n<p>K\u00fcrzlich hat erneut einen Grundausbildungskurs in Ruggell (FL) stattgefunden. Dieser konnte Hermon Mebathrom (eigener B-Junior) erfolgreich bestehen. Gl\u00fcckwunsch und wir w\u00fcnschen viel Erfolg als Schiedsrichter!<\/p>\n\n\n\n<p>Leider ist unser Team von Mini-SR zurzeit aufgrund von Verletzungen und anderen Verhinderlichkeiten knapp besetzt. Um das Team zu verst\u00e4rken, melde dich doch gerne bei unserem Schiedsrichterobmann.<br><\/p>\n\n\n\n<p><strong>Anl\u00e4sse<\/strong><\/p>\n\n\n\n<p>Letzte Woche fand der Sponsorenlauf statt. Bei sch\u00f6nem Wetter konnte ein Team nach dem anderen ihre Runden laufen. Der Sponsorenlauf 2025 war ein Erfolg, denn es wurde fleissig gesammelt und es war ein sehr gelungener Event. Ein grosses Dankesch\u00f6n an alle Sammler\/-innen, Unterst\u00fctzer\/-innen und nicht zuletzt an die engagierten Helfer\/-innen!<br><\/p>\n\n\n\n<p>Zum Schluss dieses Newsletters w\u00fcnschen wir euch eine erfolgreiche und grossartige Herbstrunde mit hoffentlich vielen Siegen f\u00fcr unseren FC B\u00fctschwil.<\/p>\n\n\n\n<p>Der Vorstand des FC B\u00fctschwil<\/p>\n","protected":false},"excerpt":{"rendered":"<p>SFV Quality Club Vor einer Woche fiel der Startschuss zum Projekt SFV Quality Club. Das Label Qualitiy Club wird vom SFV verliehen und ist ein Projekt zur Vereinsentwicklung. In Erlinsbach AG fand der erste Workshop statt, an dem die ersten Kontakte mit anderen Vereinen gekn\u00fcpft werden konnten und wir das Projekt kennenlernten. Der FC B\u00fctschwil&hellip;&nbsp;<a href=\"https:\/\/fcbuetschwil.ch\/neu\/fcb-newsletter-4\/\" class=\"\" rel=\"bookmark\">Weiterlesen &raquo;<span class=\"screen-reader-text\">FCB-Newsletter<\/span><\/a><\/p>\n","protected":false},"author":10,"featured_media":8256,"comment_status":"open","ping_status":"open","sticky":false,"template":"","format":"standard","meta":{"inline_featured_image":false,"_mi_skip_tracking":false,"kia_subtitle":"Liebe Mitglieder, Sponsoren, Fans und Unterst\u00fctzer des FC B\u00fctschwil. Danke dass du dir die Zeit nimmst und diesen Newsletter liest. Kaum sind die Sommerferien vorbei, geht es auf den Fussballpl\u00e4tzen wieder los mit der Meisterschaft. Nat\u00fcrlich war auch in der Zeit davor viel los auf der Breite mit Trainings und Vorbereitungen auf die Meisterschaft.","neve_meta_sidebar":"","neve_meta_container":"","neve_meta_enable_content_width":"","neve_meta_content_width":0,"neve_meta_title_alignment":"","neve_meta_author_avatar":"","neve_post_elements_order":"","neve_meta_disable_header":"","neve_meta_disable_footer":"","neve_meta_disable_title":""},"categories":[1],"tags":[],"_links":{"self":[{"href":"https:\/\/fcbuetschwil.ch\/neu\/wp-json\/wp\/v2\/posts\/8255"}],"collection":[{"href":"https:\/\/fcbuetschwil.ch\/neu\/wp-json\/wp\/v2\/posts"}],"about":[{"href":"https:\/\/fcbuetschwil.ch\/neu\/wp-json\/wp\/v2\/types\/post"}],"author":[{"embeddable":true,"href":"https:\/\/fcbuetschwil.ch\/neu\/wp-json\/wp\/v2\/users\/10"}],"replies":[{"embeddable":true,"href":"https:\/\/fcbuetschwil.ch\/neu\/wp-json\/wp\/v2\/comments?post=8255"}],"version-history":[{"count":2,"href":"https:\/\/fcbuetschwil.ch\/neu\/wp-json\/wp\/v2\/posts\/8255\/revisions"}],"predecessor-version":[{"id":8258,"href":"https:\/\/fcbuetschwil.ch\/neu\/wp-json\/wp\/v2\/posts\/8255\/revisions\/8258"}],"wp:featuredmedia":[{"embeddable":true,"href":"https:\/\/fcbuetschwil.ch\/neu\/wp-json\/wp\/v2\/media\/8256"}],"wp:attachment":[{"href":"https:\/\/fcbuetschwil.ch\/neu\/wp-json\/wp\/v2\/media?parent=8255"}],"wp:term":[{"taxonomy":"category","embeddable":true,"href":"https:\/\/fcbuetschwil.ch\/neu\/wp-json\/wp\/v2\/categories?post=8255"},{"taxonomy":"post_tag","embeddable":true,"href":"https:\/\/fcbuetschwil.ch\/neu\/wp-json\/wp\/v2\/tags?post=8255"}],"curies":[{"name":"wp","href":"https:\/\/api.w.org\/{rel}","templated":true}]}}