{"id":7903,"date":"2025-07-02T19:17:40","date_gmt":"2025-07-02T17:17:40","guid":{"rendered":"https:\/\/fcbuetschwil.ch\/neu\/?p=7903"},"modified":"2025-07-02T19:29:46","modified_gmt":"2025-07-02T17:29:46","slug":"fcb-newsletter-3","status":"publish","type":"post","link":"https:\/\/fcbuetschwil.ch\/neu\/fcb-newsletter-3\/","title":{"rendered":"FCB-Newsletter"},"content":{"rendered":"\n<p>Liebe Mitglieder, Sponsoren, Fans und Unterst\u00fctzer des FC B\u00fctschwil. Danke dass du dir die Zeit nimmst und diesen Newsletter liest.<\/p>\n\n\n\n<p>Bereits ist die Saison 2024\/25 wieder Geschichte. Vieles ist wieder auf der Breite gelaufen und somit im und um den FC B\u00fctschwil. In diesem Newsletter m\u00f6chten wir in erster Linie zur\u00fcckschauen, was im Fr\u00fchling 2025 alles gelaufen ist. Ein kurzer Blick gibt es aber trotzdem in die Zukunft. Der FC B\u00fctschwil hat sich beim Quality Club des Schweizerischen Fussballverbandes angemeldet und ist auserkoren worden um dabei sind. Was das genau bedeutet, werdet ihr in den n\u00e4chsten Ausgaben erfahren oder auf anderen Kan\u00e4len des FC B\u00fctschwil. Grunds\u00e4tzlich werden wir ab dem Sommer 2025 vom SFV unterst\u00fctzt und gecoacht was die Strukturen des FC B\u00fctschwil betrifft. Im Herbst wird es auch eine Befragung an alle Mitglieder und Eltern des Vereins geben, damit wir gemeinsam unseren Verein in die Zukunft f\u00fchren k\u00f6nnen.<\/p>\n\n\n\n<p><strong>Sportlicher Teil \u2013 Aktive Herren<\/strong><br>Das Herren 1 konnte das Saisonziel erreichen und bleibt eine weitere Saison in der 2. Liga Regional. Dies dank einer sehr guten R\u00fcckrunde, wo man auch wieder auf viele Spieler zur\u00fcckgreifen konnte, welche im Herbst noch gefehlt haben. Das Trainerteam um Ruedi Eisenhut hat einmal mehr ganze Arbeit geleistet und das Team immer wieder auf die Begegnungen eingestellt. An dieser Stelle geh\u00f6rt ein grosses Dankesch\u00f6n an das ganze Trainerteam und die ganze Mannschaft. Ein spezieller Dank geht<br>an Pe Baumgartner, welcher das Team nicht mehr als Assistent unterst\u00fctzen wird und seinen R\u00fccktritt gegeben hat. Weiter zum Staff geh\u00f6ren Tobi Ziegler, Sarah Eberhard und Michele Fust.<\/p>\n\n\n\n<p>Das Herren Zw\u00e4\u00e4 konnte im Herbst dank guten Leistungen die Aufstiegsrunde erreichen. Leider lief es aber im Fr\u00fchling nicht mehr nach Wunsch, so dass man schon nach wenigen Spielen wusste, dass der ersehnte Aufstieg in die vierte Liga nicht mehr erreicht werden kann. Auch hier gibt es eine \u00c4nderung an der Seitenlinie. Gildo Repola wird das Team in der neuen Saison nicht mehr betreuen. An seiner Stelle konnten wir Kevin Roos als neuen Trainer gewinnen. Wir w\u00fcnschen dem neuen Trainer und dem jungen Team schon jetzt viel Erfolg.<\/p>\n\n\n\n<p>Bei den Seniorenteams 30+ und 40+ konnte ebenfalls nicht die Meistergruppe erreicht werden. Trotzdem wurde fleissig trainiert und etliche Spiele bestritten. Bei beiden Teams werden langsam, aber sicher die Spieler knapp. Falls jemand sich angesprochen f\u00fchlt, ist jedermann sehr willkommen.<\/p>\n\n\n\n<p><strong>Sportlicher Teil \u2013 Aktive Frauen<\/strong><br>Das erste Frauenteam FFT1 erreichte ihr Saisonziel mit dem Ligaerhalt in der ersten Liga. Dies ist nicht selbstverst\u00e4ndlich, denn in den letzten Jahren waren die Aufsteiger vielfach auch die Absteiger. Die intensive Wintervorbereitung hat sich auch auf dem Platz gezeigt. Das Team muss in der neuen Saison<\/p>\n\n\n\n<p>an ihrer Konstanz arbeiten, um in der Liga einen Schritt nach vorne zu machen. In der neuen Saison wird ein neues Trainerteam an der Linie stehen, da Marc Ott und Peter Hollenstein ihren R\u00fccktritt gaben. Aktuell steht das neue Trainerteam noch nicht, aber wir hoffen, dass wir zeitnah eine L\u00f6sung finden. In der neuen Saison erwartet uns am 30.\/31.08.2025 ein Leckerbissen in der ersten Runde des CH-Cups. Der FC Aarau Frauen aus der h\u00f6chsten Liga wird auf der Breite auflaufen.<\/p>\n\n\n\n<p>Das zweite Frauenteam FFT2 hat sich in der R\u00fcckrunde gesteigert und fleissig Punkte eingefahren. Mit einem guten 5. Rang in der 3. Liga schlossen sie die Saison ab. Wenn man in der Vorrunde der neuen Saison an die R\u00fcckrunde anschliessen kann, k\u00f6nnte man sich auch wieder ganz nach vorne orientieren. Leider verl\u00e4sst uns Trainer Vitor Domgjoni in Richtung St.Gallen. Er steigt wieder im Nachwuchsbereich ein, wo er sich dem Trainerteam der U16 M\u00e4dchen anschliesst. Aktuell haben wir auch hier noch keine Nachfolgel\u00f6sung.<\/p>\n\n\n\n<p>Das dritte Frauenteam FFT3 hat in der R\u00fcckrunde weiter Fortschritte gemacht. Das Ziel die jungen Spielerinnen an den Aktivfussball heranzuf\u00fchren, ist gr\u00f6sstenteils gelungen. In der n\u00e4chsten Saison werden durch die Umstrukturierung des Verbandes noch mehr Juniorinnen im Team eingebaut und wir sind optimistisch, dass sie weiter Fortschritte erzielen. Claudia Gm\u00fcr und St\u00f6fi Ziegler l\u00f6sen das Trainerteam Ramon Metzler und Michail Pimenidis ab.<\/p>\n\n\n\n<p><strong>Sportlicher Teil \u2013 Junioren<\/strong><br>Bei unseren Junioren lief es diesen Fr\u00fchling richtig rund. S\u00e4mtliche Teams, welche 11er Fussball spielen, konnten sich in den Top 3 platzieren. Besonders erfreulich ist der Aufstieg der B-Junioren in die Promotion. Den Aufstieg knapp verpasst haben die Da-Junioren. Lediglich 4 Tore fehlten am Ende auf den Tabellenersten. Mit dem sehr jungen Kader war die Saison aber so oder so ein Erfolg. Auch die beiden D-Teams in der 2. St\u00e4rkeklasse konnten viele Erfolgserlebnisse feiern und platzierten sich in der Endabrechnung im Mittelfeld ihrer jeweiligen Gruppe. Viel wichtiger jedoch als die Resultate sind die unz\u00e4hligen Freudenmomente, welche unser Nachwuchstalente Woche f\u00fcr Woche auf dem Fussballplatz erleben. Erm\u00f6glicht werden diese durch die unerm\u00fcdliche Arbeit unserer Juniorentrainer, welchen man nie genug danken kann!<\/p>\n\n\n\n<p><strong>Sportlicher Teil \u2013 Juniorinnen<\/strong><br>Die Fr\u00fchlingsrunde bei den Juniorinnen verlief durchzogen. Leider konnte sich keine Mannschaft an die Spitze setzen. Trotzdem ging die Freude und Motivation am Fussball nie verloren. Dies auch dem grossartigen Einsatz aller Trainerinnen und Trainer. Vielen Dank an dieser Stelle an alle, welche immer wieder Zeit und Energie in unsere Jugendf\u00f6rderung stecken!<\/p>\n\n\n\n<p><strong>Schiedsrichter<\/strong><br>Die zwei Neuschiedsrichter Colin und Shane haben im letzten halben Jahr den Kurs sowie auch die erforderlichen 5 Spiele gepfiffen, um unser Kontingent aufzustocken. Vielen Dank daf\u00fcr!<\/p>\n\n\n\n<p>Die Mini-Schiedsrichter, welche jeweils die eigenen FF15 und D-Junioren leiten, haben bereits in diesem Jahr fast 20 Partien gepfiffen. Nun sind sie in der verdienten Sommerpause, bevor es im August wieder weiter geht.<\/p>\n\n\n\n<p>Anmeldeschluss f\u00fcr den Grundkurs im Herbst ist am 31. Juli 2025. Wir sind weiterhin verpflichtet, neue Schiedsrichter auszubilden und f\u00fcr unser Kontingent z\u00e4hlen zu lassen. Bei Fragen und Interesse gerne bei Pascal Schmucki (Schiedsrichterobmann) melden.<\/p>\n\n\n\n<p><strong>Anl\u00e4sse<\/strong><br>Das traditionelle Gr\u00fcmpeli ist Geschichte. Es war wieder ein gelungener Anlass! Vielen Dank an alle &#8211; ob Spieler\/-in, Olympionike\/-in, B\u00e4nkliw\u00e4rmer\/-in, Zuschauer\/-in, Bierzapfer\/-in, Pommes Frittierer\/-in, Wrap-Macher\/-in, L\u00f6sliverk\u00e4ufer\/-in, Auf- oder Abbauer\/-in und vieles mehr\u2026 Sehr cool wart ihr dabei!<\/p>\n\n\n\n<p>Am Samstag, 6. September 2025, findet der alle vier Jahre angesetzte Sponsorenlauf statt. Dabei hat jede\/-r Spieler\/-in die M\u00f6glichkeit, den FC B\u00fctschwil zu unterst\u00fctzen. Ihr leistet damit einen wichtigen Beitrag an unser geliebtes Hobby. Auch ihr profitiert direkt &#8211; Die besten 40 Sammler\/-innen werden belohnt &#8211; Es wartet ein Trainingsball von JAKO! Weiter fliesst 15% f\u00fcr ein Teamanlass zur\u00fcck in das Team. Wir freuen uns \u00fcber jede Spende. Vielen Dank f\u00fcr euren Einsatz!<\/p>\n\n\n\n<p>Zum Schluss dieses Newsletters w\u00fcnschen wir euch eine erholsame Sommerpause, wir sehen uns im August auf der Breite.<\/p>\n\n\n\n<p><br>Der Vorstand des FC B\u00fctschwil<\/p>\n","protected":false},"excerpt":{"rendered":"<p>Liebe Mitglieder, Sponsoren, Fans und Unterst\u00fctzer des FC B\u00fctschwil. Danke dass du dir die Zeit nimmst und diesen Newsletter liest. Bereits ist die Saison 2024\/25 wieder Geschichte. Vieles ist wieder auf der Breite gelaufen und somit im und um den FC B\u00fctschwil. In diesem Newsletter m\u00f6chten wir in erster Linie zur\u00fcckschauen, was im Fr\u00fchling 2025&hellip;&nbsp;<a href=\"https:\/\/fcbuetschwil.ch\/neu\/fcb-newsletter-3\/\" class=\"\" rel=\"bookmark\">Weiterlesen &raquo;<span class=\"screen-reader-text\">FCB-Newsletter<\/span><\/a><\/p>\n","protected":false},"author":1,"featured_media":3065,"comment_status":"open","ping_status":"open","sticky":false,"template":"","format":"standard","meta":{"inline_featured_image":false,"_mi_skip_tracking":false,"kia_subtitle":"Liebe Mitglieder, Sponsoren, Fans und Unterst\u00fctzer des FC B\u00fctschwil. Danke dass du dir die Zeit nimmst und diesen Newsletter liest.","neve_meta_sidebar":"","neve_meta_container":"","neve_meta_enable_content_width":"","neve_meta_content_width":0,"neve_meta_title_alignment":"","neve_meta_author_avatar":"","neve_post_elements_order":"","neve_meta_disable_header":"","neve_meta_disable_footer":"","neve_meta_disable_title":""},"categories":[34],"tags":[],"_links":{"self":[{"href":"https:\/\/fcbuetschwil.ch\/neu\/wp-json\/wp\/v2\/posts\/7903"}],"collection":[{"href":"https:\/\/fcbuetschwil.ch\/neu\/wp-json\/wp\/v2\/posts"}],"about":[{"href":"https:\/\/fcbuetschwil.ch\/neu\/wp-json\/wp\/v2\/types\/post"}],"author":[{"embeddable":true,"href":"https:\/\/fcbuetschwil.ch\/neu\/wp-json\/wp\/v2\/users\/1"}],"replies":[{"embeddable":true,"href":"https:\/\/fcbuetschwil.ch\/neu\/wp-json\/wp\/v2\/comments?post=7903"}],"version-history":[{"count":2,"href":"https:\/\/fcbuetschwil.ch\/neu\/wp-json\/wp\/v2\/posts\/7903\/revisions"}],"predecessor-version":[{"id":7906,"href":"https:\/\/fcbuetschwil.ch\/neu\/wp-json\/wp\/v2\/posts\/7903\/revisions\/7906"}],"wp:featuredmedia":[{"embeddable":true,"href":"https:\/\/fcbuetschwil.ch\/neu\/wp-json\/wp\/v2\/media\/3065"}],"wp:attachment":[{"href":"https:\/\/fcbuetschwil.ch\/neu\/wp-json\/wp\/v2\/media?parent=7903"}],"wp:term":[{"taxonomy":"category","embeddable":true,"href":"https:\/\/fcbuetschwil.ch\/neu\/wp-json\/wp\/v2\/categories?post=7903"},{"taxonomy":"post_tag","embeddable":true,"href":"https:\/\/fcbuetschwil.ch\/neu\/wp-json\/wp\/v2\/tags?post=7903"}],"curies":[{"name":"wp","href":"https:\/\/api.w.org\/{rel}","templated":true}]}}