{"id":7873,"date":"2025-06-01T20:43:02","date_gmt":"2025-06-01T18:43:02","guid":{"rendered":"https:\/\/fcbuetschwil.ch\/neu\/?p=7873"},"modified":"2025-06-01T20:43:36","modified_gmt":"2025-06-01T18:43:36","slug":"matchbericht-herren-1-vs-fc-tobel-affeltrangen-1-3","status":"publish","type":"post","link":"https:\/\/fcbuetschwil.ch\/neu\/matchbericht-herren-1-vs-fc-tobel-affeltrangen-1-3\/","title":{"rendered":"Matchbericht Herren 1 vs. FC Tobel-Affeltrangen 1."},"content":{"rendered":"\n<p>Link zum Spielbericht: <a href=\"https:\/\/www.tagblatt.ch\/ostschweiz\/toggenburg\/regionalfussball-kirchberger-freudentaumel-ebnat-kappel-im-hoch-buetschwiler-kampfgeist-belohnt-drei-tiefschlaege-das-war-das-toggenburger-fussballwochenende-ld.2770693#subtitle-fc-b-tschwil-das-team-der-stunde-bezwungen-first\" data-type=\"URL\">Toggenburger<\/a><a href=\"https:\/\/www.tagblatt.ch\/ostschweiz\/toggenburg\/regionalfussball-ebnat-kappel-im-hoch-kirchberger-frust-buetschwil-im-glueck-ff-toggenburg-enttaeuscht-neckertaler-schuetzenhilfe-wattwiler-engpass-ld.2773853#subtitle-fc-b-tschwil-wichtigen-heimpunkt-geholt-second\" data-type=\"URL\"> <\/a><a href=\"https:\/\/www.tagblatt.ch\/ostschweiz\/toggenburg\/regionalfussball-vier-niederlagen-ein-sieg-das-war-nicht-das-wochenende-der-toggenburger-fussballer-ld.2776851\" data-type=\"URL\">Tagblatt<\/a><\/p>\n\n\n\n<p>Link zum Matchtelegramm: <a href=\"https:\/\/matchcenter.ofv.swiss\/default.aspx?oid=9&amp;lng=1&amp;v=1699&amp;t=39669&amp;sg=&amp;ls=&amp;tg=4000819\" data-type=\"URL\">OFV &#8211; Matchcenter<\/a><\/p>\n","protected":false},"excerpt":{"rendered":"<p>Link zum Spielbericht: Toggenburger Tagblatt Link zum Matchtelegramm: OFV &#8211; Matchcenter<\/p>\n","protected":false},"author":7,"featured_media":7874,"comment_status":"open","ping_status":"open","sticky":false,"template":"","format":"standard","meta":{"inline_featured_image":false,"_mi_skip_tracking":false,"kia_subtitle":"Nach fr\u00fchem R\u00fcckstand durch ein Eigentor kann das Herren 1 mit dem Ausgleich vom Elfmeterpunkt durch Severin G\u00fcbeli einen wichtigen Punkt f\u00fcr den Klassenerhalt sichern.","neve_meta_sidebar":"","neve_meta_container":"","neve_meta_enable_content_width":"","neve_meta_content_width":0,"neve_meta_title_alignment":"","neve_meta_author_avatar":"","neve_post_elements_order":"","neve_meta_disable_header":"","neve_meta_disable_footer":"","neve_meta_disable_title":""},"categories":[2],"tags":[],"_links":{"self":[{"href":"https:\/\/fcbuetschwil.ch\/neu\/wp-json\/wp\/v2\/posts\/7873"}],"collection":[{"href":"https:\/\/fcbuetschwil.ch\/neu\/wp-json\/wp\/v2\/posts"}],"about":[{"href":"https:\/\/fcbuetschwil.ch\/neu\/wp-json\/wp\/v2\/types\/post"}],"author":[{"embeddable":true,"href":"https:\/\/fcbuetschwil.ch\/neu\/wp-json\/wp\/v2\/users\/7"}],"replies":[{"embeddable":true,"href":"https:\/\/fcbuetschwil.ch\/neu\/wp-json\/wp\/v2\/comments?post=7873"}],"version-history":[{"count":1,"href":"https:\/\/fcbuetschwil.ch\/neu\/wp-json\/wp\/v2\/posts\/7873\/revisions"}],"predecessor-version":[{"id":7875,"href":"https:\/\/fcbuetschwil.ch\/neu\/wp-json\/wp\/v2\/posts\/7873\/revisions\/7875"}],"wp:featuredmedia":[{"embeddable":true,"href":"https:\/\/fcbuetschwil.ch\/neu\/wp-json\/wp\/v2\/media\/7874"}],"wp:attachment":[{"href":"https:\/\/fcbuetschwil.ch\/neu\/wp-json\/wp\/v2\/media?parent=7873"}],"wp:term":[{"taxonomy":"category","embeddable":true,"href":"https:\/\/fcbuetschwil.ch\/neu\/wp-json\/wp\/v2\/categories?post=7873"},{"taxonomy":"post_tag","embeddable":true,"href":"https:\/\/fcbuetschwil.ch\/neu\/wp-json\/wp\/v2\/tags?post=7873"}],"curies":[{"name":"wp","href":"https:\/\/api.w.org\/{rel}","templated":true}]}}