{"id":7805,"date":"2025-05-02T14:47:45","date_gmt":"2025-05-02T12:47:45","guid":{"rendered":"https:\/\/fcbuetschwil.ch\/neu\/?p=7805"},"modified":"2025-05-02T15:03:20","modified_gmt":"2025-05-02T13:03:20","slug":"fcb-newsletter-2","status":"publish","type":"post","link":"https:\/\/fcbuetschwil.ch\/neu\/fcb-newsletter-2\/","title":{"rendered":"FCB-Newsletter"},"content":{"rendered":"\n<p>Liebe Mitglieder, Sponsoren, Fans und Unterst\u00fctzer des FC B\u00fctschwil. Danke dass du dir die Zeit nimmst und diesen Newsletter liest.<\/p>\n\n\n\n<p>Nach einer langen Winterpause ist wieder Leben eingekehrt auf der Breite. S\u00e4mtliche Teams haben sich auf die bevorstehenden Aufgaben vorbereitet und auch bereits die ersten Ernstk\u00e4mpfe bestritten. An der Hauptversammlung im M\u00e4rz wurde Melanie Thalmann als neue Chefin Anl\u00e4sse gew\u00e4hlt. Sie \u00fcbernimmt dieses Amt von Alexandra Br\u00e4ndle. Weiter m\u00fcssen wir den Abgang von Sportchef Michael Wipr\u00e4chtiger verkraften, da bislang kein Nachfolger gefunden werden konnte, werden sich Martin Raschle und Adrian Stillhart dieser Aufgabe stellen. Damir ihr euch einen Gesamt\u00fcberblick des FC B\u00fctschwil verschaffen k\u00f6nnt, findet ihr im Anhang 1 das aktuelle Organigramm. Ebenso erh\u00e4lt ihr das Leitbild des FC B\u00fctschwil im Anhang 2. Bitte lest dieses aufmerksam durch.<\/p>\n\n\n\n<h3>Sportlicher Teil \u2013 Aktive Herren<\/h3>\n\n\n\n<p>Die beiden Aktivteams der Herren haben die Winterpause f\u00fcr eine gezielte Vorbereitung genutzt. Die erste Mannschaft hat sich, erg\u00e4nzend zum normalen Fussballtraining, f\u00fcr ein alternatives Fitnessprogramm, gef\u00fchrt durch externe Coaches, entschieden. Die erste Mannschaft hat zudem ein einw\u00f6chiges Trainingslager in Spanien absolviert, welches als idealer Startschuss in die R\u00fcckrunde genutzt werden konnte. So hat die erste Mannschaft bereits einige Meisterschaftsspiele absolviert, wobei sich Niederlagen, Unentschieden und Siege die Waage halten. Ziel bleibt weiterhin der Klassenerhalt, dass in B\u00fctschwil auch in der n\u00e4chsten Saison 2. Liga Fussball zu sehen ist. F\u00fcr die zweite Mannschaft geht es in der R\u00fcckrunde um nicht weniger als den Aufstieg in die 4. Liga. Auch wenn es ein sehr schwieriges Unterfangen ist, ist es mit einer sehr jungen Mannschaft bestimmt m\u00f6glich, dieses Ziel zu erreichen. Die ersten Spiele haben aber bereits gezeigt, dass dies kein Selbstl\u00e4ufer sein wird.<\/p>\n\n\n\n<h3><strong>Sportlicher Teil \u2013 Aktive Frauen<\/strong><\/h3>\n\n\n\n<p>Das erste Frauenteam FFT1 mit dem Trainerteam Ott\/Hollenstein will in der R\u00fcckrunde an die gute Vorrunde ankn\u00fcpfen. Nach einer kurzen Pause investierten sie schon im Dezember in die Athletik. Nach einer langen Vorbereitung, mit einem Trainingslager in der S\u00fcdt\u00fcrkei, stand im M\u00e4rz das wichtige Heimspiel gegen Widnau an, das dann auch gewonnen wurde. Es war der ideale Start und der Lohn f\u00fcr die Arbeit w\u00e4hrend des Winters. Das Team machte sportlich nochmals einen Schritt nach vorne und steht aktuell bei 24 Punkten im Mittelfeld. Es heisst dranbleiben und Punkte sammeln, dass man nichts mehr mit einem Abstiegsplatz zu tun hat.<\/p>\n\n\n\n<p> Das zweite Frauenteam FFT2 hat sich nach der durchzogenen Vorrunde gefunden. Trainer Vitor hat das Team stabilisiert und gut auf die R\u00fcckrunde vorbereitet. Obwohl man mit einigen Verletzten zu k\u00e4mpfen hat, wurden die ersten drei R\u00fcckrundenspiele gewonnen. Das Team ist gefestigt und kann sich wieder auf den vorderen Teil der Tabelle konzentrieren.<\/p>\n\n\n\n<p>Das dritte Frauenteam FFT3 hat im Winter mit Michail Pimenidis einen neuen Assistenten zu Ramon Metzler bekommen. Die Vorbereitung lief konzentriert und das Team kann sich auf die R\u00fcckrunde freuen. In dieser sieht es erfreulicherweise besser mit den Absenzen bei den Spielen aus. Das Ziel ist, fussballerisch einen Schritt weiterzukommen und zahlreiche junge Spielerinnen an den Aktivfussball heranzuf\u00fchren. Da es in der Gruppe einen Mannschaftsr\u00fcckzug gab, geht es erst am 27.04.2025 los.<\/p>\n\n\n\n<h3><strong>Sportlicher Teil \u2013 Junioren<\/strong><\/h3>\n\n\n\n<p>Die Herbstrunde ist bei unseren Junioren positiv gestartet und bereits viele Punktgewinne konnten bejubelt werden. Im Trainerstaff gab es einige Rochaden. Unsere Kleinsten werden neu von Yoann Keller, Nathan Hasler und Michele Fust trainiert. Bei den F-Junioren stiess Christian Carinci dazu. David Helbling, Robin Hollenstein und Lionel Martin trainieren neu das Ea.<\/p>\n\n\n\n<p>Ebenfalls einige \u00c4nderungen gab es bei den D-Junioren. Mit Leandro Eberle und Noa Oberlin leiten zwei neue Gesichter die Geschicke im Dc. Pascal Z\u00e4hnler trainiert mit der Unterst\u00fctzung von D\u00e9sir\u00e9e Hug und Marco Holenstein unser Da. Besonders erfreulich ist die Neuanmeldung der zweiten C-Juniorenmannschaft. Claudio Bl\u00f6chlicher, Julian Gm\u00fcr und Marius R\u00fctsche leiten das neue Team. Im C1 sind mit Nils Artho und Mats Gm\u00fcr ebenfalls zwei letztj\u00e4hrige D-Trainer am Werk. Adrian Stillhart steht neu mit Fidel Fischbacher an der Seitenlinie der B-Junioren. Ebenfalls eine neue Rolle besetzt sein bisheriger Trainerkollege Daniel Gerig. Dani wird ab dieser Saison als technischer Leiter die Trainer- und Spielerausbildung begleiten und aktiv f\u00f6rdern. Mit diesem neuen Amt soll die Trainingsqualit\u00e4t bei unseren Juniorinnen und Junioren weiter verbessert werden, damit wir auch weiterhin sch\u00f6ne Erfolge auf der Breite feiern k\u00f6nnen.<\/p>\n\n\n\n<h3><strong>Sportlicher Teil \u2013 Juniorinnen<\/strong><\/h3>\n\n\n\n<p>In der Winterpause feilten nicht nur unsere Spieler fleissig an ihren Fertigkeiten, auch die Trainer unserer Juniorinnen und Junioren trafen sich diesen Fr\u00fchling zu einem internen Trainerkurs zum Thema Trainingsstruktur. Dani Gerig und Claudia Gm\u00fcr leiteten die Weiterbildung mit einem theoretischen und einem praktischen Teil auf dem Platz. Zum Abschluss durfte eine kleine, w\u00e4rmende Verpflegung bei dem noch etwas k\u00fchlen Wetter nat\u00fcrlich nicht fehlen.<\/p>\n\n\n\n<p> W\u00e4hrend sich unsere Kleinsten mit den \u201cPlay More Football\u201d-Turnieren noch etwas gedulden m\u00fcssen, haben die \u00e4lteren Junioren den Meisterschaftsbetrieb wieder aufgenommen. S\u00e4mtliche Teams ab den D-Junioren haben bereits die ersten Spiele in den Beinen. Erfreulicherweise durften auch schon alle ihren ersten Vollerfolg bejubeln. Nachdem in den Fr\u00fchlingsferien der Meisterschaftsbetrieb im Nachwuchs pausierte, geht es jetzt richtig los mit den Ernstk\u00e4mpfen.<\/p>\n\n\n\n<h3><strong>Schiedsrichter<\/strong><\/h3>\n\n\n\n<p>An der diesj\u00e4hrigen HV wurde nun offiziell bekannt, dass sich die zwei B- Junioren Shane R\u00fcthemann und Colin Holenstein zum Schiedsrichter Grundausbildungskurs angemeldet haben. Nachdem beide den ersten Teil des Kurses mit Bravour bestanden haben, stehen nun die ersten Spiele an. Wir w\u00fcnschen viel Erfolg und gutes Gelingen!<\/p>\n\n\n\n<p>Dank dem Einsatz von den zwei Neu-Schiedsrichter werden diesen Sommer keine Mannschaften zur\u00fcckgezogen. Wir d\u00fcrfen uns als Verein aber nicht auf diesen kleinen Erfolg ausruhen. Und sind daher weiterhin auf der Suche nach Personen, welchen den Grundausbildungskurs im Herbst 25 absolvieren.<\/p>\n\n\n\n<h3><strong>Anl\u00e4sse<\/strong><\/h3>\n\n\n\n<p>Die warmen Sommermonate mit dem herrlichen Gr\u00fcmpeli stehen vor der T\u00fcr. Bald k\u00f6nnen Teams f\u00fcr die spannenden Kategorien wie auch die bekannte Dorfolympiade angemeldet werden. Wir freuen uns auf zahlreiche Teilnehmer\/-innen und Besucher\/-innen, welchen wir vergn\u00fcgte und begeisterte Stunden bieten k\u00f6nnen.<\/p>\n\n\n\n<p><\/p>\n\n\n\n<h3>N\u00e4chste Anl\u00e4sse:<\/h3>\n\n\n\n<figure class=\"wp-block-table is-style-regular\"><table><tbody><tr><td><strong>Wann <\/strong><\/td><td><strong>Was<\/strong><\/td><\/tr><tr><td>Freitag und Samstag, 20. und 21. Juni 2025<\/td><td>Dorf- und Gr\u00fcmpelturnier<\/td><\/tr><tr><td>Samstag, 6. September 2025<\/td><td>Sponsorenlauf<\/td><\/tr><\/tbody><\/table><\/figure>\n\n\n\n<p>Zum Schluss dieses Newsletters w\u00fcnschen wir den Mannschaften eine erfolgreiche R\u00fcckrunde, den Fans spannende Momente auf den Fussballpl\u00e4tzen und bei den Sponsoren bedanken wir uns f\u00fcr die grossz\u00fcgige Unterst\u00fctzung.<\/p>\n\n\n\n<p><br>Der Vorstand des FC B\u00fctschwil<\/p>\n\n\n\n<div class=\"wp-block-file\"><object class=\"wp-block-file__embed\" data=\"https:\/\/fcbuetschwil.ch\/neu\/wp-content\/uploads\/2025\/05\/FCB-Newsletter-Rueckrunde-2024_2025_-Anhang-2-Leitbild.pdf\" type=\"application\/pdf\" style=\"width:100%;height:600px\" aria-label=\"Einbettung von FCB-Newsletter-Rueckrunde-2024_2025_-Anhang-2-Leitbild.\"><\/object><a id=\"wp-block-file--media-9ef4a5d5-5353-467b-937d-a1e6303fe1dc\" href=\"https:\/\/fcbuetschwil.ch\/neu\/wp-content\/uploads\/2025\/05\/FCB-Newsletter-Rueckrunde-2024_2025_-Anhang-2-Leitbild.pdf\">FCB-Newsletter-Rueckrunde-2024_2025_-Anhang-2-Leitbild<\/a><a href=\"https:\/\/fcbuetschwil.ch\/neu\/wp-content\/uploads\/2025\/05\/FCB-Newsletter-Rueckrunde-2024_2025_-Anhang-2-Leitbild.pdf\" class=\"wp-block-file__button\" download aria-describedby=\"wp-block-file--media-9ef4a5d5-5353-467b-937d-a1e6303fe1dc\">Herunterladen<\/a><\/div>\n\n\n\n<div class=\"wp-block-file\"><object class=\"wp-block-file__embed\" data=\"https:\/\/fcbuetschwil.ch\/neu\/wp-content\/uploads\/2025\/05\/FCB-Newsletter-Ru\u0308ckrunde-2024_2025_Anhang-1-Organigramm.pdf\" type=\"application\/pdf\" style=\"width:100%;height:600px\" aria-label=\"Einbettung von FCB-Newsletter-Ru\u0308ckrunde-2024_2025_Anhang-1-Organigramm.\"><\/object><a id=\"wp-block-file--media-5f8ec7a3-b2c9-4a61-b81f-185b62f3d4fd\" href=\"https:\/\/fcbuetschwil.ch\/neu\/wp-content\/uploads\/2025\/05\/FCB-Newsletter-Ru\u0308ckrunde-2024_2025_Anhang-1-Organigramm.pdf\">FCB-Newsletter-Ru\u0308ckrunde-2024_2025_Anhang-1-Organigramm<\/a><a href=\"https:\/\/fcbuetschwil.ch\/neu\/wp-content\/uploads\/2025\/05\/FCB-Newsletter-Ru\u0308ckrunde-2024_2025_Anhang-1-Organigramm.pdf\" class=\"wp-block-file__button\" download aria-describedby=\"wp-block-file--media-5f8ec7a3-b2c9-4a61-b81f-185b62f3d4fd\">Herunterladen<\/a><\/div>\n","protected":false},"excerpt":{"rendered":"<p>Liebe Mitglieder, Sponsoren, Fans und Unterst\u00fctzer des FC B\u00fctschwil. Danke dass du dir die Zeit nimmst und diesen Newsletter liest. Nach einer langen Winterpause ist wieder Leben eingekehrt auf der Breite. S\u00e4mtliche Teams haben sich auf die bevorstehenden Aufgaben vorbereitet und auch bereits die ersten Ernstk\u00e4mpfe bestritten. An der Hauptversammlung im M\u00e4rz wurde Melanie Thalmann&hellip;&nbsp;<a href=\"https:\/\/fcbuetschwil.ch\/neu\/fcb-newsletter-2\/\" class=\"\" rel=\"bookmark\">Weiterlesen &raquo;<span class=\"screen-reader-text\">FCB-Newsletter<\/span><\/a><\/p>\n","protected":false},"author":1,"featured_media":1632,"comment_status":"open","ping_status":"open","sticky":false,"template":"","format":"standard","meta":{"inline_featured_image":false,"_mi_skip_tracking":false,"kia_subtitle":"","neve_meta_sidebar":"","neve_meta_container":"","neve_meta_enable_content_width":"","neve_meta_content_width":0,"neve_meta_title_alignment":"","neve_meta_author_avatar":"","neve_post_elements_order":"","neve_meta_disable_header":"","neve_meta_disable_footer":"","neve_meta_disable_title":""},"categories":[34],"tags":[],"_links":{"self":[{"href":"https:\/\/fcbuetschwil.ch\/neu\/wp-json\/wp\/v2\/posts\/7805"}],"collection":[{"href":"https:\/\/fcbuetschwil.ch\/neu\/wp-json\/wp\/v2\/posts"}],"about":[{"href":"https:\/\/fcbuetschwil.ch\/neu\/wp-json\/wp\/v2\/types\/post"}],"author":[{"embeddable":true,"href":"https:\/\/fcbuetschwil.ch\/neu\/wp-json\/wp\/v2\/users\/1"}],"replies":[{"embeddable":true,"href":"https:\/\/fcbuetschwil.ch\/neu\/wp-json\/wp\/v2\/comments?post=7805"}],"version-history":[{"count":4,"href":"https:\/\/fcbuetschwil.ch\/neu\/wp-json\/wp\/v2\/posts\/7805\/revisions"}],"predecessor-version":[{"id":7814,"href":"https:\/\/fcbuetschwil.ch\/neu\/wp-json\/wp\/v2\/posts\/7805\/revisions\/7814"}],"wp:featuredmedia":[{"embeddable":true,"href":"https:\/\/fcbuetschwil.ch\/neu\/wp-json\/wp\/v2\/media\/1632"}],"wp:attachment":[{"href":"https:\/\/fcbuetschwil.ch\/neu\/wp-json\/wp\/v2\/media?parent=7805"}],"wp:term":[{"taxonomy":"category","embeddable":true,"href":"https:\/\/fcbuetschwil.ch\/neu\/wp-json\/wp\/v2\/categories?post=7805"},{"taxonomy":"post_tag","embeddable":true,"href":"https:\/\/fcbuetschwil.ch\/neu\/wp-json\/wp\/v2\/tags?post=7805"}],"curies":[{"name":"wp","href":"https:\/\/api.w.org\/{rel}","templated":true}]}}