{"id":7659,"date":"2025-02-23T22:03:49","date_gmt":"2025-02-23T20:03:49","guid":{"rendered":"https:\/\/fcbuetschwil.ch\/neu\/?p=7659"},"modified":"2025-02-23T22:19:31","modified_gmt":"2025-02-23T20:19:31","slug":"trainingslager-fft1-2025-tag-7","status":"publish","type":"post","link":"https:\/\/fcbuetschwil.ch\/neu\/trainingslager-fft1-2025-tag-7\/","title":{"rendered":"Trainingslager FFT1 2025 &#8211; Tag 7"},"content":{"rendered":"\n<p>Trainingslager 2025 \u2013 7. Tagebucheintrag&nbsp;<\/p>\n\n\n\n<p>Sonntag, 23. Februar 2025&nbsp;<\/p>\n\n\n\n<p><\/p>\n\n\n\n<p>Auch wenn es aus der letzten Nacht viel zu berichten g\u00e4be, halten wir uns an die vereinbarten Datenschutzrichtlinien nach dem Motto \u00abwas in Antalya passiert, bleibt in Antalya\u00bb. Viel geschlafen wurde jedenfalls nicht. #eimolischkeimol. Mit einem verfr\u00fchten, kurzen Happen begann der Abreisetag. Die Toggies-Hotties, geschm\u00fcckt mit ihren neuen, liebgewonnenen Gadgets, machten sich p\u00fcnktlich um 7:40 Uhr auf zum Flughafen. Die Spielerinnen wurden bei der Sicherheitskontrolle mit einem am\u00fcsierten Schmunzeln begr\u00fcsst. Ob es wohl am Fl\u00fcgeli-Schwumm durch den Scanner oder den farbenfrohen Schwimmbrillen und dem Haarschmuck lag? Schussel C.Hasi \u00fcbersah glatt beim Rolltreppen-Aufstieg den zuvorstehenden Pfosten und bliebt einen kurzen Moment stecken. Daraufhin zeigte sich das Flughafen-Personal gegen\u00fcber Trainer-Trio M.O., P.H., M.F., strenger \u2013 sie wurden gr\u00fcndlich mit Laser untersucht und abgetastet. P.H. musste sich in den raumschiffartigen R\u00f6ntgen-Kasten begeben. Bei unserer Bernhard-die-Nette B.H. wurde doch tats\u00e4chlich eine Schere entzogen.&nbsp;&nbsp;<\/p>\n\n\n\n<p>W\u00e4hrend sich die Mannschaft individuell mit Frass eindeckte, setzten wir uns ein letztes Mal zusammen f\u00fcr ein farbenfrohes F\u00f6teli mit unseren heissgeliebten Accessoires (man beachte A.B. im Schlummermodus).&nbsp;&nbsp;<\/p>\n\n\n\n<p>\u00c4 h\u00e4rzlichs Dankesch\u00f6n ah alli fliessige Brichtl\u00e4serinne und L\u00e4ser, ah \u00fcse Staff, ah \u00fcsi Physio und \u00fcses OK-Team. Bsunders w\u00f6mmer au de Redaktione Antalya Times und Side Flippers dank\u00e4 s\u00e4ge f\u00fcr eue tolle Ihsatz. Mer w\u00fcnschet eu en freudige Wuchestart und bis bald ide Breiti!&nbsp;<\/p>\n\n\n\n<p>G\u00fcle G\u00fcle!&nbsp;<\/p>\n\n\n\n<p>Redaktion Bindestrich-Fantastiker, S.B.\u2019s, M.H., M.O.&nbsp;<\/p>\n\n\n\n<p><\/p>\n\n\n\n<figure class=\"wp-block-image size-large\"><img loading=\"lazy\" width=\"768\" height=\"1024\" src=\"https:\/\/fcbuetschwil.ch\/neu\/wp-content\/uploads\/2025\/02\/WhatsApp-Bild-2025-02-23-um-08.52.27_432b8849-768x1024.jpg\" alt=\"\" class=\"wp-image-7644\" srcset=\"https:\/\/fcbuetschwil.ch\/neu\/wp-content\/uploads\/2025\/02\/WhatsApp-Bild-2025-02-23-um-08.52.27_432b8849-768x1024.jpg 768w, https:\/\/fcbuetschwil.ch\/neu\/wp-content\/uploads\/2025\/02\/WhatsApp-Bild-2025-02-23-um-08.52.27_432b8849-750x1000.jpg 750w, https:\/\/fcbuetschwil.ch\/neu\/wp-content\/uploads\/2025\/02\/WhatsApp-Bild-2025-02-23-um-08.52.27_432b8849-300x400.jpg 300w, https:\/\/fcbuetschwil.ch\/neu\/wp-content\/uploads\/2025\/02\/WhatsApp-Bild-2025-02-23-um-08.52.27_432b8849-1152x1536.jpg 1152w, https:\/\/fcbuetschwil.ch\/neu\/wp-content\/uploads\/2025\/02\/WhatsApp-Bild-2025-02-23-um-08.52.27_432b8849.jpg 1200w\" sizes=\"(max-width: 768px) 100vw, 768px\" \/><\/figure>\n\n\n\n<div class=\"wp-container-3 wp-block-group\"><div class=\"wp-block-group__inner-container\">\n<div class=\"wp-container-2 wp-block-columns\">\n<div class=\"wp-container-1 wp-block-column\" style=\"flex-basis:100%\"><\/div>\n<\/div>\n<\/div><\/div>\n\n\n\n<figure class=\"wp-container-5 wp-block-gallery-4 wp-block-gallery has-nested-images columns-default is-cropped\"><\/figure>\n\n\n\n<p><\/p>\n\n\n\n<p><\/p>\n\n\n\n<figure class=\"wp-container-7 wp-block-gallery-6 wp-block-gallery has-nested-images columns-default is-cropped\"><\/figure>\n\n\n\n<p><\/p>\n\n\n\n<figure class=\"wp-container-9 wp-block-gallery-8 wp-block-gallery has-nested-images columns-default is-cropped\"><\/figure>\n\n\n\n<p> <\/p>\n\n\n\n<figure class=\"wp-container-11 wp-block-gallery-10 wp-block-gallery has-nested-images columns-default is-cropped\"><\/figure>\n\n\n\n<p> <\/p>\n\n\n\n<figure class=\"wp-container-13 wp-block-gallery-12 wp-block-gallery has-nested-images columns-default is-cropped\"><\/figure>\n","protected":false},"excerpt":{"rendered":"<p>Trainingslager 2025 \u2013 7. Tagebucheintrag&nbsp; Sonntag, 23. Februar 2025&nbsp; Auch wenn es aus der letzten Nacht viel zu berichten g\u00e4be, halten wir uns an die vereinbarten Datenschutzrichtlinien nach dem Motto \u00abwas in Antalya passiert, bleibt in Antalya\u00bb. Viel geschlafen wurde jedenfalls nicht. #eimolischkeimol. Mit einem verfr\u00fchten, kurzen Happen begann der Abreisetag. Die Toggies-Hotties, geschm\u00fcckt mit&hellip;&nbsp;<a href=\"https:\/\/fcbuetschwil.ch\/neu\/trainingslager-fft1-2025-tag-7\/\" class=\"\" rel=\"bookmark\">Weiterlesen &raquo;<span class=\"screen-reader-text\">Trainingslager FFT1 2025 &#8211; Tag 7<\/span><\/a><\/p>\n","protected":false},"author":8,"featured_media":7642,"comment_status":"open","ping_status":"open","sticky":false,"template":"","format":"standard","meta":{"inline_featured_image":false,"_mi_skip_tracking":false,"kia_subtitle":"","neve_meta_sidebar":"","neve_meta_container":"","neve_meta_enable_content_width":"","neve_meta_content_width":0,"neve_meta_title_alignment":"","neve_meta_author_avatar":"","neve_post_elements_order":"","neve_meta_disable_header":"","neve_meta_disable_footer":"","neve_meta_disable_title":""},"categories":[56,34],"tags":[],"_links":{"self":[{"href":"https:\/\/fcbuetschwil.ch\/neu\/wp-json\/wp\/v2\/posts\/7659"}],"collection":[{"href":"https:\/\/fcbuetschwil.ch\/neu\/wp-json\/wp\/v2\/posts"}],"about":[{"href":"https:\/\/fcbuetschwil.ch\/neu\/wp-json\/wp\/v2\/types\/post"}],"author":[{"embeddable":true,"href":"https:\/\/fcbuetschwil.ch\/neu\/wp-json\/wp\/v2\/users\/8"}],"replies":[{"embeddable":true,"href":"https:\/\/fcbuetschwil.ch\/neu\/wp-json\/wp\/v2\/comments?post=7659"}],"version-history":[{"count":3,"href":"https:\/\/fcbuetschwil.ch\/neu\/wp-json\/wp\/v2\/posts\/7659\/revisions"}],"predecessor-version":[{"id":7662,"href":"https:\/\/fcbuetschwil.ch\/neu\/wp-json\/wp\/v2\/posts\/7659\/revisions\/7662"}],"wp:featuredmedia":[{"embeddable":true,"href":"https:\/\/fcbuetschwil.ch\/neu\/wp-json\/wp\/v2\/media\/7642"}],"wp:attachment":[{"href":"https:\/\/fcbuetschwil.ch\/neu\/wp-json\/wp\/v2\/media?parent=7659"}],"wp:term":[{"taxonomy":"category","embeddable":true,"href":"https:\/\/fcbuetschwil.ch\/neu\/wp-json\/wp\/v2\/categories?post=7659"},{"taxonomy":"post_tag","embeddable":true,"href":"https:\/\/fcbuetschwil.ch\/neu\/wp-json\/wp\/v2\/tags?post=7659"}],"curies":[{"name":"wp","href":"https:\/\/api.w.org\/{rel}","templated":true}]}}