{"id":7641,"date":"2025-02-23T16:50:28","date_gmt":"2025-02-23T14:50:28","guid":{"rendered":"https:\/\/fcbuetschwil.ch\/neu\/?p=7641"},"modified":"2025-02-23T21:58:06","modified_gmt":"2025-02-23T19:58:06","slug":"trainingslager-fft1-2025-tag-6-7","status":"publish","type":"post","link":"https:\/\/fcbuetschwil.ch\/neu\/trainingslager-fft1-2025-tag-6-7\/","title":{"rendered":"Trainingslager FFT1 2025 &#8211; Tag 6"},"content":{"rendered":"\n<p>Trainingslager 2025 \u2013 6. Tagebucheintrag&nbsp;<\/p>\n\n\n\n<p>Samstag, 22. Februar 2025&nbsp;<\/p>\n\n\n\n<p>Wie von der Redaktion Antalya Times angek\u00fcndigt, melden sich hier die neuen Federf\u00fchrer, die Bindestrich-Fantastiker, mit Bericht zum heutigen Trainingslagertag. Nach gestrigem Redaktionsschluss und unerwartet fr\u00fchem Schliessen der hauseigenen Discothek, fand sich die Toggenburger-Mannschaft zusammen mit anderen bereits bekannten Gummih\u00e4lsen in einem Sitzkreis wieder. C.H. liess sich nicht zweimal bitten, als die mitgebrachte Musikbox das Lied S.O.S. von ABBA spielte \u2013 ihre Showeinlage \u00fcberzeugte wie jedes Jahr nicht nur die eigene Crew, sondern auch die im Kreishockenden Brandenburger. Ihr oskarw\u00fcrdiger Mic-Drop sorgte f\u00fcr zus\u00e4tzliche Euphorie.&nbsp;<\/p>\n\n\n\n<p>Nach einer Nacht mit mehreren sauglatten Momenten: Herzhosenrutsch von S.W. ausgel\u00f6st durch Witzbold-Kellner, Erweiterung des Schweizer-Fluchw\u00f6rter-Wortschatzes von Russe Stefan durch M.S., Fanmarsch durch Lobby, Abgabe des Doppelfudi-Tshirts von M.O. an einen heimreisenden Tschuttibueb, kurzer Randalier-Anfall von C.H., neu erlerntes Kartenspiel namens \u00abanfi*ken\u00bb, Bauchklatscher von S.H., Chicken-Nuggets-Date von M.H. &#8211; schlenderten die Toggies-Hotties etwas verschlafen ans Fr\u00fchst\u00fccksbuffet. Unsere Tagtr\u00e4umerin N.W. steuerte direkt zum Kakao-Bohnen-Trunk, auch bekannt als Kaffiii. Bei t\u00e4glicher \u00dcberdosis hinterfragt man sich, ob dieses braune Ges\u00f6ff noch Wirkung von sich gibt?&nbsp;<\/p>\n\n\n\n<p>Wie Trainer P.H. fuxm\u00e4ssig bemerkte, gestaltete sich der Eintritt von Redaktionsmitglied und Ex-Geburtstagskind Marianne M.O. in das dritte Lebensjahrzehnt nicht so leicht wie gedacht. Aufgrund von sich bereits abzeichnenden Glieder-Wehwechen, verbrachte sie die n\u00e4chsten Stunden im Bett und wurde bei beiden Trainingseinheiten vermisst. Es wird allerdings gemunkelt, dass die Bettstunden eher eine Folge der anstrengenden Partynacht waren.&nbsp;<\/p>\n\n\n\n<p>Das Vormittagstraining beinhaltete Themen wie Angriffsausl\u00f6sung und Abschluss. F\u00fcr das letzte regul\u00e4re Training haben die noch Einsatzf\u00e4higen ihre letzten Energiereserven angezapft. Die dementsprechend gesuchten Kohlenhydrate wurden am reichhaltigen F\u00fcnfsterne-Mittagsbuffet gefunden.&nbsp;<\/p>\n\n\n\n<p>W\u00e4hrend unsere Physio A.H. ein letztes Mal unsere Muskeln durchknetete, trommelte das Trainer-Duo M.O. und P.H. ihr Team zum Feedbackgespr\u00e4ch des Trainingslagers ein. Nach den ausgetauschten Perspektiven stieg die Truppe (Zitat Trainer M.O. \u00abdie wo no einigermasse graad ch\u00f6nd laufe\u00bb sowie unsere Angeschlagenen) ein letztes Mal zur Hinfahrt in das fahrende Kr\u00f6nli-Fumoir. Auf dem Nachmittagsprogramm stand M\u00e4tschl\u00e4 \u2013 dabei hiess es \u00abJung und Jung-Blibeni g\u00e4g\u00e4 di Alt\u00e4\u00bb. Die angeschlagene Toggi-Fankurve sah sich gezwungen den mutig eingesprungenen Staff-Mitgliedern den Vorrang zu lassen. So standen die j\u00fcngsten Jahrg\u00e4nge, verst\u00e4rkt durch den fussballpensionierten Trainer P.H. sowie Physio A.H., den erfahreneren Spielerinnen inklusive Torwarttrainer M.F. und Trainer M.O. gegen\u00fcber.&nbsp;&nbsp;<\/p>\n\n\n\n<p>Das heimt\u00fcckische Duracell-H\u00e4sli S.B. war bereits vor Anpfiff fest entschlossen die gegnerischen Young-Stars zu schw\u00e4chen, indem sie unser braun-gebranntes Salzst\u00e4ngeli F.B. unbemerkt in der Garderobe einschloss. Nur durch die heldenhafte Befreiungsaktion von D.B. und L.G. konnte Schlimmeres verhindert und die unfreiwillig Festgehaltene rechtzeitig befreit werden. In einem exklusiven Interview mit der Bindestrich-Fantastiker-Redaktion beschrieb F.B. ausf\u00fchrlich und v\u00f6llig treffend, wie sie sich f\u00fchlte: \u00abuuusgschloss\u00e4\u00e4\u00bb.&nbsp;<\/p>\n\n\n\n<p>Eines der Highlights des Toggenburger Ausland-Derbys war der unerwartete und fehlgeschlagene brachiale Gewalt-Gingg von Celli im Luftkampf gegen S.H., welche zu Boden ging, kurz verharrte und scherzhaft meinte \u00abmis Chicken-Leg isch broken\u00bb. Celli bemerkte im Anschluss k\u00fchl: \u00abhetsch ja n\u00f6d m\u00fc\u00e4s\u00e4 drilaufe, i hett de ball s\u00fcsch gha\u00bb. Mittelst\u00fcrmer P.H. scheiterte in letzter Minute mit einem grandiosen Schussversuch an Torh\u00fcter Arielle M.F., der mit einer noch grandioseren Parade und schimmernden Flossen brillierte. Die Partie endete bei Sonnenuntergang mit fr\u00f6hlichen Gem\u00fctern und einem 2:0-Sieg der \u00e4lteren Garde.&nbsp;<\/p>\n\n\n\n<p>Nach dem letzten Abendmahl traf sich das Team im Dolmabah\u00e7e-Salon zur finalen Challenge-Rangverk\u00fcndigung. Mit breitestem Grinsen hat das OK die bei der morgigen Heimfahrt pflichtweise zu tragenden Gadgets verteilt. Nicht nur ausgefallene Sonnenbrillen und Haarklammern, auch Bade-Equipment wie Schwimmbrillen und Schw\u00fcmmfl\u00fcgeli wurden mit lautem Gel\u00e4chter entgegengenommen.&nbsp;<\/p>\n\n\n\n<p>Es folgten wohlverdiente Danksagungen und wertsch\u00e4tzende Worte vom Trainingslager-OK (D.B., M.T., A.B., M.O.), Torwarttrainer M.F., Physio A.H. sowie Trainer-Duo M.O. und P.H. Zur \u00dcberraschung war ein weiterer Programmpunkt vorgesehen. Im von den beiden S.B.\u2019s vorbereiteten Kahoot-Quiz stellten Spielerinnen und Staff ihr Wissen \u00fcber bleibende Lachflashs unter Beweis. Das Duo \u00abLampenfett\u00bb, bestehend aus L.G. und F.S., sicherte sich den Quiz-Sieg. Fertig. Schluss. Ah neei \u2013 da war ja noch was. A.B. erinnerte die Trainingslager-Neulinge an ihre Pflicht zum traditionellen Einstandssingen. \u00ab079 h\u00e4t sie gseit\u00bb lautete der Refrain des von M.O., S.W., S.G., S.B. und N.W. pr\u00e4sentierten Songs.&nbsp;&nbsp;<\/p>\n\n\n\n<p>T\u00fct-T\u00fct-T\u00fct. N\u00f6d mol tsch\u00fcss hemer gseit.&nbsp;<\/p>\n\n\n\n<p>Redaktion Bindestrich-Fantastiker, S.B.\u2019s, M.H., M.O.&nbsp;<\/p>\n\n\n\n<p><\/p>\n\n\n\n<figure class=\"wp-block-image size-large\"><img loading=\"lazy\" width=\"1024\" height=\"681\" src=\"https:\/\/fcbuetschwil.ch\/neu\/wp-content\/uploads\/2025\/02\/DSC_0542-1024x681.jpg\" alt=\"\" class=\"wp-image-7650\" srcset=\"https:\/\/fcbuetschwil.ch\/neu\/wp-content\/uploads\/2025\/02\/DSC_0542-1024x681.jpg 1024w, https:\/\/fcbuetschwil.ch\/neu\/wp-content\/uploads\/2025\/02\/DSC_0542-1000x665.jpg 1000w, https:\/\/fcbuetschwil.ch\/neu\/wp-content\/uploads\/2025\/02\/DSC_0542-768x511.jpg 768w, https:\/\/fcbuetschwil.ch\/neu\/wp-content\/uploads\/2025\/02\/DSC_0542-391x260.jpg 391w, https:\/\/fcbuetschwil.ch\/neu\/wp-content\/uploads\/2025\/02\/DSC_0542-1536x1021.jpg 1536w, https:\/\/fcbuetschwil.ch\/neu\/wp-content\/uploads\/2025\/02\/DSC_0542-2048x1362.jpg 2048w\" sizes=\"(max-width: 1024px) 100vw, 1024px\" \/><\/figure>\n\n\n\n<div class=\"wp-container-3 wp-block-group\"><div class=\"wp-block-group__inner-container\">\n<div class=\"wp-container-2 wp-block-columns\">\n<div class=\"wp-container-1 wp-block-column\" style=\"flex-basis:100%\">\n<figure class=\"wp-block-image size-large\"><img loading=\"lazy\" width=\"1024\" height=\"681\" src=\"https:\/\/fcbuetschwil.ch\/neu\/wp-content\/uploads\/2025\/02\/DSC_0557-1024x681.jpg\" alt=\"\" class=\"wp-image-7649\" srcset=\"https:\/\/fcbuetschwil.ch\/neu\/wp-content\/uploads\/2025\/02\/DSC_0557-1024x681.jpg 1024w, https:\/\/fcbuetschwil.ch\/neu\/wp-content\/uploads\/2025\/02\/DSC_0557-1000x665.jpg 1000w, https:\/\/fcbuetschwil.ch\/neu\/wp-content\/uploads\/2025\/02\/DSC_0557-768x511.jpg 768w, https:\/\/fcbuetschwil.ch\/neu\/wp-content\/uploads\/2025\/02\/DSC_0557-391x260.jpg 391w, https:\/\/fcbuetschwil.ch\/neu\/wp-content\/uploads\/2025\/02\/DSC_0557-1536x1021.jpg 1536w, https:\/\/fcbuetschwil.ch\/neu\/wp-content\/uploads\/2025\/02\/DSC_0557-2048x1362.jpg 2048w\" sizes=\"(max-width: 1024px) 100vw, 1024px\" \/><\/figure>\n<\/div>\n<\/div>\n<\/div><\/div>\n\n\n\n<figure class=\"wp-container-5 wp-block-gallery-4 wp-block-gallery has-nested-images columns-default is-cropped\">\n<figure class=\"wp-block-image size-large\"><img loading=\"lazy\" width=\"681\" height=\"1024\" data-id=\"7648\"  src=\"https:\/\/fcbuetschwil.ch\/neu\/wp-content\/uploads\/2025\/02\/DSC_0567-681x1024.jpg\" alt=\"\" class=\"wp-image-7648\" srcset=\"https:\/\/fcbuetschwil.ch\/neu\/wp-content\/uploads\/2025\/02\/DSC_0567-681x1024.jpg 681w, https:\/\/fcbuetschwil.ch\/neu\/wp-content\/uploads\/2025\/02\/DSC_0567-665x1000.jpg 665w, https:\/\/fcbuetschwil.ch\/neu\/wp-content\/uploads\/2025\/02\/DSC_0567-768x1155.jpg 768w, https:\/\/fcbuetschwil.ch\/neu\/wp-content\/uploads\/2025\/02\/DSC_0567-1021x1536.jpg 1021w, https:\/\/fcbuetschwil.ch\/neu\/wp-content\/uploads\/2025\/02\/DSC_0567-1362x2048.jpg 1362w, https:\/\/fcbuetschwil.ch\/neu\/wp-content\/uploads\/2025\/02\/DSC_0567-scaled.jpg 1702w\" sizes=\"(max-width: 681px) 100vw, 681px\" \/><\/figure>\n<\/figure>\n\n\n\n<p><\/p>\n\n\n\n<p><\/p>\n\n\n\n<figure class=\"wp-container-7 wp-block-gallery-6 wp-block-gallery has-nested-images columns-default is-cropped\">\n<figure class=\"wp-block-image size-large\"><img loading=\"lazy\" width=\"1024\" height=\"681\" data-id=\"7647\"  src=\"https:\/\/fcbuetschwil.ch\/neu\/wp-content\/uploads\/2025\/02\/DSC_0580-1024x681.jpg\" alt=\"\" class=\"wp-image-7647\" srcset=\"https:\/\/fcbuetschwil.ch\/neu\/wp-content\/uploads\/2025\/02\/DSC_0580-1024x681.jpg 1024w, https:\/\/fcbuetschwil.ch\/neu\/wp-content\/uploads\/2025\/02\/DSC_0580-1000x665.jpg 1000w, https:\/\/fcbuetschwil.ch\/neu\/wp-content\/uploads\/2025\/02\/DSC_0580-768x511.jpg 768w, https:\/\/fcbuetschwil.ch\/neu\/wp-content\/uploads\/2025\/02\/DSC_0580-391x260.jpg 391w, https:\/\/fcbuetschwil.ch\/neu\/wp-content\/uploads\/2025\/02\/DSC_0580-1536x1021.jpg 1536w, https:\/\/fcbuetschwil.ch\/neu\/wp-content\/uploads\/2025\/02\/DSC_0580-2048x1362.jpg 2048w\" sizes=\"(max-width: 1024px) 100vw, 1024px\" \/><\/figure>\n<\/figure>\n\n\n\n<p><\/p>\n\n\n\n<figure class=\"wp-container-9 wp-block-gallery-8 wp-block-gallery has-nested-images columns-default is-cropped\">\n<figure class=\"wp-block-image size-large\"><img loading=\"lazy\" width=\"1200\" height=\"1600\" data-id=\"7645\"  src=\"https:\/\/fcbuetschwil.ch\/neu\/wp-content\/uploads\/2025\/02\/WhatsApp-Bild-2025-02-22-um-22.32.25_99e12b75.jpg\" alt=\"\" class=\"wp-image-7645\" srcset=\"https:\/\/fcbuetschwil.ch\/neu\/wp-content\/uploads\/2025\/02\/WhatsApp-Bild-2025-02-22-um-22.32.25_99e12b75.jpg 1200w, https:\/\/fcbuetschwil.ch\/neu\/wp-content\/uploads\/2025\/02\/WhatsApp-Bild-2025-02-22-um-22.32.25_99e12b75-750x1000.jpg 750w, https:\/\/fcbuetschwil.ch\/neu\/wp-content\/uploads\/2025\/02\/WhatsApp-Bild-2025-02-22-um-22.32.25_99e12b75-768x1024.jpg 768w, https:\/\/fcbuetschwil.ch\/neu\/wp-content\/uploads\/2025\/02\/WhatsApp-Bild-2025-02-22-um-22.32.25_99e12b75-300x400.jpg 300w, https:\/\/fcbuetschwil.ch\/neu\/wp-content\/uploads\/2025\/02\/WhatsApp-Bild-2025-02-22-um-22.32.25_99e12b75-1152x1536.jpg 1152w\" sizes=\"(max-width: 1200px) 100vw, 1200px\" \/><\/figure>\n<\/figure>\n\n\n\n<p> <\/p>\n\n\n\n<figure class=\"wp-container-11 wp-block-gallery-10 wp-block-gallery has-nested-images columns-default is-cropped\"><\/figure>\n\n\n\n<p> <\/p>\n\n\n\n<figure class=\"wp-container-13 wp-block-gallery-12 wp-block-gallery has-nested-images columns-default is-cropped\"><\/figure>\n","protected":false},"excerpt":{"rendered":"<p>Trainingslager 2025 \u2013 6. Tagebucheintrag&nbsp; Samstag, 22. Februar 2025&nbsp; Wie von der Redaktion Antalya Times angek\u00fcndigt, melden sich hier die neuen Federf\u00fchrer, die Bindestrich-Fantastiker, mit Bericht zum heutigen Trainingslagertag. Nach gestrigem Redaktionsschluss und unerwartet fr\u00fchem Schliessen der hauseigenen Discothek, fand sich die Toggenburger-Mannschaft zusammen mit anderen bereits bekannten Gummih\u00e4lsen in einem Sitzkreis wieder. C.H. liess&hellip;&nbsp;<a href=\"https:\/\/fcbuetschwil.ch\/neu\/trainingslager-fft1-2025-tag-6-7\/\" class=\"\" rel=\"bookmark\">Weiterlesen &raquo;<span class=\"screen-reader-text\">Trainingslager FFT1 2025 &#8211; Tag 6<\/span><\/a><\/p>\n","protected":false},"author":8,"featured_media":7651,"comment_status":"open","ping_status":"open","sticky":false,"template":"","format":"standard","meta":{"inline_featured_image":false,"_mi_skip_tracking":false,"kia_subtitle":"","neve_meta_sidebar":"","neve_meta_container":"","neve_meta_enable_content_width":"","neve_meta_content_width":0,"neve_meta_title_alignment":"","neve_meta_author_avatar":"","neve_post_elements_order":"","neve_meta_disable_header":"","neve_meta_disable_footer":"","neve_meta_disable_title":""},"categories":[56,34],"tags":[],"_links":{"self":[{"href":"https:\/\/fcbuetschwil.ch\/neu\/wp-json\/wp\/v2\/posts\/7641"}],"collection":[{"href":"https:\/\/fcbuetschwil.ch\/neu\/wp-json\/wp\/v2\/posts"}],"about":[{"href":"https:\/\/fcbuetschwil.ch\/neu\/wp-json\/wp\/v2\/types\/post"}],"author":[{"embeddable":true,"href":"https:\/\/fcbuetschwil.ch\/neu\/wp-json\/wp\/v2\/users\/8"}],"replies":[{"embeddable":true,"href":"https:\/\/fcbuetschwil.ch\/neu\/wp-json\/wp\/v2\/comments?post=7641"}],"version-history":[{"count":7,"href":"https:\/\/fcbuetschwil.ch\/neu\/wp-json\/wp\/v2\/posts\/7641\/revisions"}],"predecessor-version":[{"id":7658,"href":"https:\/\/fcbuetschwil.ch\/neu\/wp-json\/wp\/v2\/posts\/7641\/revisions\/7658"}],"wp:featuredmedia":[{"embeddable":true,"href":"https:\/\/fcbuetschwil.ch\/neu\/wp-json\/wp\/v2\/media\/7651"}],"wp:attachment":[{"href":"https:\/\/fcbuetschwil.ch\/neu\/wp-json\/wp\/v2\/media?parent=7641"}],"wp:term":[{"taxonomy":"category","embeddable":true,"href":"https:\/\/fcbuetschwil.ch\/neu\/wp-json\/wp\/v2\/categories?post=7641"},{"taxonomy":"post_tag","embeddable":true,"href":"https:\/\/fcbuetschwil.ch\/neu\/wp-json\/wp\/v2\/tags?post=7641"}],"curies":[{"name":"wp","href":"https:\/\/api.w.org\/{rel}","templated":true}]}}