{"id":7632,"date":"2025-02-22T07:50:36","date_gmt":"2025-02-22T05:50:36","guid":{"rendered":"https:\/\/fcbuetschwil.ch\/neu\/?p=7632"},"modified":"2025-02-22T07:50:38","modified_gmt":"2025-02-22T05:50:38","slug":"trainingslager-fft1-2025-tag-5","status":"publish","type":"post","link":"https:\/\/fcbuetschwil.ch\/neu\/trainingslager-fft1-2025-tag-5\/","title":{"rendered":"Trainingslager FFT1 2025 &#8211; Tag 5"},"content":{"rendered":"\n<p><\/p>\n\n\n\n<p>Trainingslager 2025 \u2013 5. Tagebucheintrag&nbsp;<\/p>\n\n\n\n<p>Freitag, 21. Februar 2025&nbsp;<\/p>\n\n\n\n<p>Guess who\u2019s back! Liebe Leserinnen und Leser: Nach einer kurzen und intensiven Pause meldet sich die altbekannte Redaktion zur\u00fcck. Vielen Dank an die kleinen Side Flippers. Das war ein guter Start ins Autorenleben. Bleibt am Ball! W\u00e4hrend unsere Vertretung ihre Schreibarbeit erledigte, genossen wir mit dem Rest des Teams einen freien Abend mit Live-Musik auf der Tanzfl\u00e4che. Damit wir unsere Tanzk\u00fcnste richtig ausleben konnten, katapultierten wir unsere Papuces auf einen zentralen Haufen in der Mitte des Dance-Floors. Befl\u00fcgelt von ihren sackstarken Paraden gegen die russischen Babuschkas, ergriff B.H. abrupt das Zepter f\u00fcr einen Flash-Mob. Damit forderte sie die etwas verwirrte Hotelanimateurin zu einem Dance-Battle des Songs Jerusalema heraus. \u00dcbertrieben schwang sie die H\u00fcfte und schob die Instruktorin in s\u00e4mtliche andere Richtungen. Mit Bombastic-Side-Eyes versuchte diese zu reagieren, um an ihrer Choreo festzuhalten, scheiterte aber an dem strahlenden Gesicht unserer Torfrau. Nicht ganz so befreit bouncte unsere Primarschullehrerin S.W. \u00fcber das Tanzparkett. Zum Verh\u00e4ngnis wurde ihr eine sechsj\u00e4hrige herzige Engl\u00e4nderin, deren Pupillen gross wie Unterteller auf die normalerweise Kinderliebhaberin einstarrten. Die Aktion l\u00f6sten Erinnerungen an den Horrorfilm Annabelle in ihr aus. Dieser Schock musste um Mitternacht mit einem Teller Schnipo \u00fcberwunden werden.&nbsp;<\/p>\n\n\n\n<p>Am n\u00e4chsten Morgen \u00fcberraschte man das zweite Geburtstagskind Bsch\u00f6tters Marianne M.O. aus Moslig, mit einer wundersch\u00f6nen Per\u00fccke und einem zweiten Arsch f\u00fcr alle F\u00e4lle. Mutig und ohne Widerrede twerkte sie mit ihrem neuen Outfit in Richtung Fr\u00fchst\u00fccksbuffet. Zur gleichen Zeit traf man sich am hintersten Tisch f\u00fcr den Altweiberkaffee des 30er-Clubs. Unbemerkt schummelte sich unser Cambridge-C1-K\u00fcken M.H. ebenfalls in das Nest des Trash-Talks und dr\u00e4ngte C.H. zur\u00fcck in ihren Hasenbau.&nbsp;<\/p>\n\n\n\n<p>F\u00fcr den freien Vormittag wurde ein SIDE-Seeing im antiken \u00d6rtchen geplant. An der Besammlung blieben L.G. und F.S. vorerst vermisst. F.S. war \u00fcberzeugt, mit dem Zur\u00fccklassen der Zimmerkarte die entscheidenden Sekunden wettzumachen. Da sie bereits bekannt ist an der Rezeption, streckte ihr der Hotelmitarbeiter stillschweigend die neue Karte zu.&nbsp;&nbsp;<\/p>\n\n\n\n<p>Mit einer Nobel-Karosse eines Nichtraucher-Busses steuerte das Team Side an. Kaum angekommen und ausgestiegen begr\u00fcssten uns die vierbeinigen Locals Figo, Missy und Fatma f\u00fcr die Hotspots-Tour. Als Dankesch\u00f6n f\u00fcr die fellige Begleitung legten sich A.B. und M.H. f\u00fcr das Apportieren eines Holztr\u00e4mmels ins Zeug. Dabei imitierte M.H. die Rolle des Hundes derart \u00fcberzeugend, dass sich Figo nicht zweimal bitten liess, um das Gelernte umzusetzen.&nbsp;<\/p>\n\n\n\n<p>Nach dem Entlangbummeln der K\u00fcste begaben wir uns in eine Taverne mit windstiller, sonniger Terrasse mit Blick auf das Meer sowie \u00fcberzuckerte Berggipfel. Als vermeintlich alle Tische ihre Bestellungen vor sich hatten, spulte der Kellner noch einige Male an die hinterste Ecke. Dort b\u00e4umte sich mit Shakes, Bruschettas und Aperol ein halbes Schlaraffenland vor sich auf. Man bedenke, dass das Fr\u00fchst\u00fcck noch keine Stunde her war.&nbsp;<\/p>\n\n\n\n<p>Beim Lesen des gestrigen Berichts wunderte sich Organisationsmitglied D.B. \u00fcber den Redaktionsnamen \u00abSide Flippers\u00bb. In Gedanken an einen seitw\u00e4rtsspringenden Delfin kl\u00e4rte Verfasserin S.H. \u00fcber den aktuellen Standort unseres Trainingslagers in Side auf.&nbsp;<\/p>\n\n\n\n<p>Den Start in den Nachmittag investierten wir in ein gemeinsames Teambuilding mit dem Fokus Kommunikation. Ziel war es, die Spielkommunikation zu f\u00f6rdern und zu pr\u00e4zisieren. Im Nachmittagstraining \u00fcbten wir unter anderem mit dem potenziellen Fussballtalent A.H., den Schiebeprozess im Defensivverhalten. Mit Kamera und Sonnenhut entschied sie sich anschliessend wieder ihrer eigentlichen T\u00e4tigkeit als Physio nachzugehen.&nbsp;&nbsp;<\/p>\n\n\n\n<p>Vor der Heimfahrt hortete M.T. in der Garderobe eine kleine Minibar aus angetrunkenen Flaschen. Als D.B. sich mit ihrem All-inclusive-B\u00e4ndel eines W\u00e4sserlis f\u00fcr den Protein-Schoppen bedienen wollte, erkl\u00e4rte M.T. klar und deutlich diese seien schon in ihrem Besitz. W\u00e4hrend ihrem Statement schl\u00fcrfte sie gen\u00fcsslich an ihrer k\u00fchlen Cola. Hier wird wohl auch nur das Zimmer miteinander geteilt.&nbsp;<\/p>\n\n\n\n<p>Auch die heutige Jubilarin wurde von der Hotelk\u00fcche nicht entt\u00e4uscht. Mit einem euphorischen ungeplanten Geburtstagskanon pr\u00e4sentierte das routinierte Servicepersonal \u00abp\u00fcnktlich\u00bb zum kaum gestarteten Hauptgang, den mit Kerzen dekorierten, s\u00fcssen Happen.&nbsp;&nbsp;<\/p>\n\n\n\n<p>Wir m\u00fcssen euch an dieser Stelle mitteilen, dass die n\u00e4chsten beiden Tagebucheintr\u00e4ge nicht von dieser Redaktion geschrieben werden. Leider ist man als Host der Challenge nicht im Rennen um die Berichterstattung. Mit M.F. an Bord verf\u00fchrten wir die anderen Teams in die Welt der Torh\u00fcter. Mit Strobo-Brille (Stufe 4) und Ping-Pong Schl\u00e4ger in der Hand mussten m\u00f6glichst viel Jonglage-Punkte erzielt werden. Wir \u00fcbergeben nun unsere Feder f\u00fcr die Verfassung des Epilogs der letzten beiden Trainingslagertage an Team E um Geburtstags-Marianne. Au revoir et bonne chance!&nbsp;<\/p>\n\n\n\n<p>Redaktion Antalya Times in Rente alias M.F., B.H., L.G., D.B.&nbsp;<\/p>\n\n\n\n<figure class=\"wp-block-image size-large\"><img loading=\"lazy\" width=\"768\" height=\"1024\" src=\"https:\/\/fcbuetschwil.ch\/neu\/wp-content\/uploads\/2025\/02\/WhatsApp-Bild-2025-02-21-um-22.49.12_bc74c889-768x1024.jpg\" alt=\"\" class=\"wp-image-7633\" srcset=\"https:\/\/fcbuetschwil.ch\/neu\/wp-content\/uploads\/2025\/02\/WhatsApp-Bild-2025-02-21-um-22.49.12_bc74c889-768x1024.jpg 768w, https:\/\/fcbuetschwil.ch\/neu\/wp-content\/uploads\/2025\/02\/WhatsApp-Bild-2025-02-21-um-22.49.12_bc74c889-750x1000.jpg 750w, https:\/\/fcbuetschwil.ch\/neu\/wp-content\/uploads\/2025\/02\/WhatsApp-Bild-2025-02-21-um-22.49.12_bc74c889-300x400.jpg 300w, https:\/\/fcbuetschwil.ch\/neu\/wp-content\/uploads\/2025\/02\/WhatsApp-Bild-2025-02-21-um-22.49.12_bc74c889-1152x1536.jpg 1152w, https:\/\/fcbuetschwil.ch\/neu\/wp-content\/uploads\/2025\/02\/WhatsApp-Bild-2025-02-21-um-22.49.12_bc74c889.jpg 1536w\" sizes=\"(max-width: 768px) 100vw, 768px\" \/><\/figure>\n\n\n\n<div class=\"wp-container-3 wp-block-group\"><div class=\"wp-block-group__inner-container\">\n<div class=\"wp-container-2 wp-block-columns\">\n<div class=\"wp-container-1 wp-block-column\" style=\"flex-basis:100%\">\n<figure class=\"wp-block-image size-large\"><img loading=\"lazy\" width=\"768\" height=\"1024\" src=\"https:\/\/fcbuetschwil.ch\/neu\/wp-content\/uploads\/2025\/02\/WhatsApp-Bild-2025-02-21-um-22.48.17_1a8b61e4-768x1024.jpg\" alt=\"\" class=\"wp-image-7635\" srcset=\"https:\/\/fcbuetschwil.ch\/neu\/wp-content\/uploads\/2025\/02\/WhatsApp-Bild-2025-02-21-um-22.48.17_1a8b61e4-768x1024.jpg 768w, https:\/\/fcbuetschwil.ch\/neu\/wp-content\/uploads\/2025\/02\/WhatsApp-Bild-2025-02-21-um-22.48.17_1a8b61e4-750x1000.jpg 750w, https:\/\/fcbuetschwil.ch\/neu\/wp-content\/uploads\/2025\/02\/WhatsApp-Bild-2025-02-21-um-22.48.17_1a8b61e4-300x400.jpg 300w, https:\/\/fcbuetschwil.ch\/neu\/wp-content\/uploads\/2025\/02\/WhatsApp-Bild-2025-02-21-um-22.48.17_1a8b61e4-1152x1536.jpg 1152w, https:\/\/fcbuetschwil.ch\/neu\/wp-content\/uploads\/2025\/02\/WhatsApp-Bild-2025-02-21-um-22.48.17_1a8b61e4.jpg 1200w\" sizes=\"(max-width: 768px) 100vw, 768px\" \/><\/figure>\n<\/div>\n<\/div>\n<\/div><\/div>\n\n\n\n<figure class=\"wp-container-5 wp-block-gallery-4 wp-block-gallery has-nested-images columns-default is-cropped\">\n<figure class=\"wp-block-image size-large\"><img loading=\"lazy\" width=\"1024\" height=\"681\" data-id=\"7639\"  src=\"https:\/\/fcbuetschwil.ch\/neu\/wp-content\/uploads\/2025\/02\/DSC_0492-1024x681.jpg\" alt=\"\" class=\"wp-image-7639\" srcset=\"https:\/\/fcbuetschwil.ch\/neu\/wp-content\/uploads\/2025\/02\/DSC_0492-1024x681.jpg 1024w, https:\/\/fcbuetschwil.ch\/neu\/wp-content\/uploads\/2025\/02\/DSC_0492-1000x665.jpg 1000w, https:\/\/fcbuetschwil.ch\/neu\/wp-content\/uploads\/2025\/02\/DSC_0492-768x511.jpg 768w, https:\/\/fcbuetschwil.ch\/neu\/wp-content\/uploads\/2025\/02\/DSC_0492-391x260.jpg 391w, https:\/\/fcbuetschwil.ch\/neu\/wp-content\/uploads\/2025\/02\/DSC_0492-1536x1021.jpg 1536w, https:\/\/fcbuetschwil.ch\/neu\/wp-content\/uploads\/2025\/02\/DSC_0492-2048x1362.jpg 2048w\" sizes=\"(max-width: 1024px) 100vw, 1024px\" \/><\/figure>\n<\/figure>\n\n\n\n<p><\/p>\n\n\n\n<figure class=\"wp-container-7 wp-block-gallery-6 wp-block-gallery has-nested-images columns-default is-cropped\">\n<figure class=\"wp-block-image size-large\"><img loading=\"lazy\" width=\"1024\" height=\"681\" data-id=\"7638\"  src=\"https:\/\/fcbuetschwil.ch\/neu\/wp-content\/uploads\/2025\/02\/DSC_0498-1024x681.jpg\" alt=\"\" class=\"wp-image-7638\" srcset=\"https:\/\/fcbuetschwil.ch\/neu\/wp-content\/uploads\/2025\/02\/DSC_0498-1024x681.jpg 1024w, https:\/\/fcbuetschwil.ch\/neu\/wp-content\/uploads\/2025\/02\/DSC_0498-1000x665.jpg 1000w, https:\/\/fcbuetschwil.ch\/neu\/wp-content\/uploads\/2025\/02\/DSC_0498-768x511.jpg 768w, https:\/\/fcbuetschwil.ch\/neu\/wp-content\/uploads\/2025\/02\/DSC_0498-391x260.jpg 391w, https:\/\/fcbuetschwil.ch\/neu\/wp-content\/uploads\/2025\/02\/DSC_0498-1536x1021.jpg 1536w, https:\/\/fcbuetschwil.ch\/neu\/wp-content\/uploads\/2025\/02\/DSC_0498-2048x1362.jpg 2048w\" sizes=\"(max-width: 1024px) 100vw, 1024px\" \/><\/figure>\n<\/figure>\n\n\n\n<p><\/p>\n\n\n\n<figure class=\"wp-container-9 wp-block-gallery-8 wp-block-gallery has-nested-images columns-default is-cropped\">\n<figure class=\"wp-block-image size-large\"><img loading=\"lazy\" width=\"1024\" height=\"681\" data-id=\"7637\"  src=\"https:\/\/fcbuetschwil.ch\/neu\/wp-content\/uploads\/2025\/02\/DSC_0507-1024x681.jpg\" alt=\"\" class=\"wp-image-7637\" srcset=\"https:\/\/fcbuetschwil.ch\/neu\/wp-content\/uploads\/2025\/02\/DSC_0507-1024x681.jpg 1024w, https:\/\/fcbuetschwil.ch\/neu\/wp-content\/uploads\/2025\/02\/DSC_0507-1000x665.jpg 1000w, https:\/\/fcbuetschwil.ch\/neu\/wp-content\/uploads\/2025\/02\/DSC_0507-768x511.jpg 768w, https:\/\/fcbuetschwil.ch\/neu\/wp-content\/uploads\/2025\/02\/DSC_0507-391x260.jpg 391w, https:\/\/fcbuetschwil.ch\/neu\/wp-content\/uploads\/2025\/02\/DSC_0507-1536x1021.jpg 1536w, https:\/\/fcbuetschwil.ch\/neu\/wp-content\/uploads\/2025\/02\/DSC_0507-2048x1362.jpg 2048w\" sizes=\"(max-width: 1024px) 100vw, 1024px\" \/><\/figure>\n<\/figure>\n\n\n\n<figure class=\"wp-container-11 wp-block-gallery-10 wp-block-gallery has-nested-images columns-default is-cropped\">\n<figure class=\"wp-block-image size-large\"><img loading=\"lazy\" width=\"2560\" height=\"1702\" data-id=\"7636\"  src=\"https:\/\/fcbuetschwil.ch\/neu\/wp-content\/uploads\/2025\/02\/DSC_0533-scaled.jpg\" alt=\"\" class=\"wp-image-7636\" srcset=\"https:\/\/fcbuetschwil.ch\/neu\/wp-content\/uploads\/2025\/02\/DSC_0533-scaled.jpg 2560w, https:\/\/fcbuetschwil.ch\/neu\/wp-content\/uploads\/2025\/02\/DSC_0533-1000x665.jpg 1000w, https:\/\/fcbuetschwil.ch\/neu\/wp-content\/uploads\/2025\/02\/DSC_0533-1024x681.jpg 1024w, https:\/\/fcbuetschwil.ch\/neu\/wp-content\/uploads\/2025\/02\/DSC_0533-768x511.jpg 768w, https:\/\/fcbuetschwil.ch\/neu\/wp-content\/uploads\/2025\/02\/DSC_0533-391x260.jpg 391w, https:\/\/fcbuetschwil.ch\/neu\/wp-content\/uploads\/2025\/02\/DSC_0533-1536x1021.jpg 1536w, https:\/\/fcbuetschwil.ch\/neu\/wp-content\/uploads\/2025\/02\/DSC_0533-2048x1362.jpg 2048w\" sizes=\"(max-width: 2560px) 100vw, 2560px\" \/><\/figure>\n<\/figure>\n\n\n\n<figure class=\"wp-container-13 wp-block-gallery-12 wp-block-gallery has-nested-images columns-default is-cropped\"><\/figure>\n\n\n\n<figure class=\"wp-container-15 wp-block-gallery-14 wp-block-gallery has-nested-images columns-default is-cropped\"><\/figure>\n\n\n\n<figure class=\"wp-container-17 wp-block-gallery-16 wp-block-gallery has-nested-images columns-default is-cropped\"><\/figure>\n\n\n\n<figure class=\"wp-container-19 wp-block-gallery-18 wp-block-gallery has-nested-images columns-default is-cropped\"><\/figure>\n\n\n\n<figure class=\"wp-container-21 wp-block-gallery-20 wp-block-gallery has-nested-images columns-default is-cropped\"><\/figure>\n\n\n\n<figure class=\"wp-container-23 wp-block-gallery-22 wp-block-gallery has-nested-images columns-default is-cropped\"><\/figure>\n\n\n\n<figure class=\"wp-container-25 wp-block-gallery-24 wp-block-gallery has-nested-images columns-default is-cropped\"><\/figure>\n","protected":false},"excerpt":{"rendered":"<p>Trainingslager 2025 \u2013 5. Tagebucheintrag&nbsp; Freitag, 21. Februar 2025&nbsp; Guess who\u2019s back! Liebe Leserinnen und Leser: Nach einer kurzen und intensiven Pause meldet sich die altbekannte Redaktion zur\u00fcck. Vielen Dank an die kleinen Side Flippers. Das war ein guter Start ins Autorenleben. Bleibt am Ball! W\u00e4hrend unsere Vertretung ihre Schreibarbeit erledigte, genossen wir mit dem&hellip;&nbsp;<a href=\"https:\/\/fcbuetschwil.ch\/neu\/trainingslager-fft1-2025-tag-5\/\" class=\"\" rel=\"bookmark\">Weiterlesen &raquo;<span class=\"screen-reader-text\">Trainingslager FFT1 2025 &#8211; Tag 5<\/span><\/a><\/p>\n","protected":false},"author":8,"featured_media":7634,"comment_status":"open","ping_status":"open","sticky":false,"template":"","format":"standard","meta":{"inline_featured_image":false,"_mi_skip_tracking":false,"kia_subtitle":"","neve_meta_sidebar":"","neve_meta_container":"","neve_meta_enable_content_width":"","neve_meta_content_width":0,"neve_meta_title_alignment":"","neve_meta_author_avatar":"","neve_post_elements_order":"","neve_meta_disable_header":"","neve_meta_disable_footer":"","neve_meta_disable_title":""},"categories":[56,34],"tags":[],"_links":{"self":[{"href":"https:\/\/fcbuetschwil.ch\/neu\/wp-json\/wp\/v2\/posts\/7632"}],"collection":[{"href":"https:\/\/fcbuetschwil.ch\/neu\/wp-json\/wp\/v2\/posts"}],"about":[{"href":"https:\/\/fcbuetschwil.ch\/neu\/wp-json\/wp\/v2\/types\/post"}],"author":[{"embeddable":true,"href":"https:\/\/fcbuetschwil.ch\/neu\/wp-json\/wp\/v2\/users\/8"}],"replies":[{"embeddable":true,"href":"https:\/\/fcbuetschwil.ch\/neu\/wp-json\/wp\/v2\/comments?post=7632"}],"version-history":[{"count":1,"href":"https:\/\/fcbuetschwil.ch\/neu\/wp-json\/wp\/v2\/posts\/7632\/revisions"}],"predecessor-version":[{"id":7640,"href":"https:\/\/fcbuetschwil.ch\/neu\/wp-json\/wp\/v2\/posts\/7632\/revisions\/7640"}],"wp:featuredmedia":[{"embeddable":true,"href":"https:\/\/fcbuetschwil.ch\/neu\/wp-json\/wp\/v2\/media\/7634"}],"wp:attachment":[{"href":"https:\/\/fcbuetschwil.ch\/neu\/wp-json\/wp\/v2\/media?parent=7632"}],"wp:term":[{"taxonomy":"category","embeddable":true,"href":"https:\/\/fcbuetschwil.ch\/neu\/wp-json\/wp\/v2\/categories?post=7632"},{"taxonomy":"post_tag","embeddable":true,"href":"https:\/\/fcbuetschwil.ch\/neu\/wp-json\/wp\/v2\/tags?post=7632"}],"curies":[{"name":"wp","href":"https:\/\/api.w.org\/{rel}","templated":true}]}}