{"id":7622,"date":"2025-02-21T12:13:14","date_gmt":"2025-02-21T10:13:14","guid":{"rendered":"https:\/\/fcbuetschwil.ch\/neu\/?p=7622"},"modified":"2025-02-21T12:13:15","modified_gmt":"2025-02-21T10:13:15","slug":"trainingslager-fft1-2025-tag-4","status":"publish","type":"post","link":"https:\/\/fcbuetschwil.ch\/neu\/trainingslager-fft1-2025-tag-4\/","title":{"rendered":"Trainingslager FFT1 2025 &#8211; Tag 4"},"content":{"rendered":"\n<p>Trainingslager 2025 \u2013 4. Tagebucheintrag&nbsp;<\/p>\n\n\n\n<p>Donnerstag, 20. Februar 2025&nbsp;<\/p>\n\n\n\n<p>Heute Morgen wurde das Team des FF Toggenburg von der Sonne und einem n\u00f6rdigen Theresewind begr\u00fcsst. Herauszuheben ist, dass das Duo um B.H. und C.H. \u00fcberp\u00fcnktlich in der Lobby auf den Rest der Truppe wartete. Man munkelt, dass sie mindestens eine halbe Stunde vorher dort waren, um ja nicht eine zweite Busse zu riskieren. Die Hagmann-Schwestern bekamen am Abend vorher wohl zu wenig Fl\u00fcssiges, sodass sie die Rehydrierung beim Fr\u00fchst\u00fcck starten mussten. A. H. testete sich durch die Kaffevariationen des Hauses. Von vier getesteten Kaffes blieben jedoch zwei stehen. Auch unser K\u00fcken M. H. wusste sich nicht zu b\u00e4ndigen. Obwohl sie eigentlich nur eine Cola f\u00fcr die kranke V. K. bestellen wollte, fanden gleich f\u00fcnf 5dl Gl\u00e4ser den Weg an ihren Tisch. Als h\u00e4tte der Kellner bereits erahnt, dass auch M. H. eine Stunde sp\u00e4ter an der Sch\u00fcssel hangen w\u00fcrde.&nbsp;<\/p>\n\n\n\n<p>Nach dem Fr\u00fchst\u00fcck versammelte sich die krankheitsbedingt-reduzierte Mannschaft in der Lobby. Weiteres Personal wurde aufgrund von Verletzungen eingeb\u00fcsst. Die beiden Sorgenkinder M. T. und C. H. k\u00fcndigten ihr Krafttraining im hauseigenen Fitnessraum an. Interessanterweise erwischte man die zwei auf frischer Tat auf dem Weg in den Spabereich.&nbsp;&nbsp;<\/p>\n\n\n\n<p>Neuer Fahrer, neues Gl\u00fcck. Dachte man sich zumindest als das Team sich auf den Weg ins Training machte und zum neuen Fahrger\u00e4t aufbrach. Schon vor dem Einsteigen wurde der Fahrer bei geschlossenem Fenster beim gen\u00fcsslichen Fumieren mit Marlboro rot erwischt. Ihn schienen die vorwurfsvollen Blicke nicht zu st\u00f6ren. Somit nahm die Equipe wieder im altbekannten fahrenden Tabak-Etablissement platz.&nbsp;&nbsp;<\/p>\n\n\n\n<p>Auf dem saftigen Gr\u00fcn angekommen stand heute ein lockeres Passspiel mit viiiiiiiiiiiiiiel taktischem Input auf dem Programm. Die H\u00fchnerhaut war aufgrund des anhaltenden n\u00f6rdigen Windes allgegenw\u00e4rtig. Zur Abrundung des Trainings stand heute ausnahmsweise eine <strong>FAIRE<\/strong> Challenge des Teams E an. Unter solchen Bedingungen zelebrierte heute selbstverst\u00e4ndlich wieder das Team A den Sieg. Mit dem aussergew\u00f6hnlichen Klatsch- und Reaktionstalent von S. H. war dies ein Kinderspiel. Gl\u00fcckwunsch an uns, das Siegesteam! Woooopwoooop! Mit stolzer Haltung und einer grossen Portion Selbstvertrauen wurde das Mittagbuffet gest\u00fcrmt.&nbsp;&nbsp;<\/p>\n\n\n\n<p>Die mannschaftseigene Meerjungfrau Arielle alias Torwarttrainer M. F. konnte vor dem anstehenden Spiel mit seiner Powerpointpr\u00e4sentation mit weiteren Qualit\u00e4ten schimmern, gl\u00e4nzen und glitzern. Darauf folgte die Matchbesprechung die unter dem Motto \u00abin der K\u00fcrze liegt die W\u00fcrze\u00bb stehen sollte. Fehler. M. O., bitte zwei Karten aufnehmen.&nbsp;<\/p>\n\n\n\n<p>Im Stadion angekommen wurden die Fussballerinnen bereits von den harten Gegnerinnen der obersten russischen Liga (FC Krasnodar Women) empfangen. Auf den ersten Blick wirkten sie wie Tanks und konkurrierten mit der H\u00f6he der mannschaftsinternen Baumkrone A.B. Kurz darauf stellte sich heraus, dass dies zum Gl\u00fcck \u00abnur\u00bb die Torh\u00fcterinnen waren. Beim Eintreffen in der Fussballarena wurde die gesamte Crew von den neugewonnenen deutschen Fans aus dem Hotel lautstark bejubelt. Man kann fast sagen, dass sie mit den heimischen Fans auf der Breite rivalisieren oder ihnen sogar \u00fcberlegen sind. Der Ligenunterschied war sp\u00fcrbar, trotzdem konnten die Toggenburgerinnen eine gute Leistung auf den Platz bringen. Durch die umgesetzten Inputs von Arielle, welche durch unsere Torh\u00fcterin B. H. meisterhaft umgesetzt wurden, konnte man mit nur einem Tor R\u00fcckstand in die Pausenbanane beissen. Kurz vor dem Abpfiff konnte sich Speedy S. B. in Szene setzen und zum Endresultat von 1:3 verk\u00fcrzen. Man bedenke, dass die Gegnerinnen nicht nur eine Woche, sondern ganze zwei Monate in der T\u00fcrkei im Trainingslager weilen. Das Handshake war den meisten Gegenspielerinnen wohl nicht bekannt, somit blieb mehr Zeit f\u00fcr ein gemeinsames Foto mit den fantastischen mitgereisten deutschen Fans.&nbsp;&nbsp;<\/p>\n\n\n\n<p>Die heutige Torsch\u00fctzin S. B. war nach ihrem Glanztreffer wohl etwas durch den Wind. Das verschollene, \u00fcberdimensionale Schmuckk\u00e4stchen wurde nach dem Nachtessen und einer Suchaktion im Stadion schlussendlich im eigenen Hotelzimmer aufgefunden. H\u00e4tte das wohl ein Versicherungsschwindel werden sollen oder lag es am Chaos im Zimmer? Man wird es nie erfahren.&nbsp;<\/p>\n\n\n\n<p>Das Team liess den erfolgreichen Tag an der Bar ausklingen. Auch wir, Team A alias die kleinen Fische, verabschieden uns jetzt an den Hahnen und \u00fcbergeben das Zepter wieder zur\u00fcck an unser altbekanntes Redaktionsteam der Antalya Times.&nbsp;&nbsp;<\/p>\n\n\n\n<p>Redaktion Side Flippers, P. H., A. S., S. W., F. B., S. H.&nbsp;<\/p>\n\n\n\n<figure class=\"wp-block-image size-large\"><img loading=\"lazy\" width=\"1024\" height=\"681\" src=\"https:\/\/fcbuetschwil.ch\/neu\/wp-content\/uploads\/2025\/02\/DSC_0246-1024x681.jpg\" alt=\"\" class=\"wp-image-7627\" srcset=\"https:\/\/fcbuetschwil.ch\/neu\/wp-content\/uploads\/2025\/02\/DSC_0246-1024x681.jpg 1024w, https:\/\/fcbuetschwil.ch\/neu\/wp-content\/uploads\/2025\/02\/DSC_0246-1000x665.jpg 1000w, https:\/\/fcbuetschwil.ch\/neu\/wp-content\/uploads\/2025\/02\/DSC_0246-768x511.jpg 768w, https:\/\/fcbuetschwil.ch\/neu\/wp-content\/uploads\/2025\/02\/DSC_0246-391x260.jpg 391w, https:\/\/fcbuetschwil.ch\/neu\/wp-content\/uploads\/2025\/02\/DSC_0246-1536x1021.jpg 1536w, https:\/\/fcbuetschwil.ch\/neu\/wp-content\/uploads\/2025\/02\/DSC_0246-2048x1362.jpg 2048w\" sizes=\"(max-width: 1024px) 100vw, 1024px\" \/><\/figure>\n\n\n\n<div class=\"wp-container-3 wp-block-group\"><div class=\"wp-block-group__inner-container\">\n<div class=\"wp-container-2 wp-block-columns\">\n<div class=\"wp-container-1 wp-block-column\" style=\"flex-basis:100%\">\n<figure class=\"wp-block-image size-large\"><img loading=\"lazy\" width=\"1024\" height=\"681\" src=\"https:\/\/fcbuetschwil.ch\/neu\/wp-content\/uploads\/2025\/02\/DSC_0277-1024x681.jpg\" alt=\"\" class=\"wp-image-7626\" srcset=\"https:\/\/fcbuetschwil.ch\/neu\/wp-content\/uploads\/2025\/02\/DSC_0277-1024x681.jpg 1024w, https:\/\/fcbuetschwil.ch\/neu\/wp-content\/uploads\/2025\/02\/DSC_0277-1000x665.jpg 1000w, https:\/\/fcbuetschwil.ch\/neu\/wp-content\/uploads\/2025\/02\/DSC_0277-768x511.jpg 768w, https:\/\/fcbuetschwil.ch\/neu\/wp-content\/uploads\/2025\/02\/DSC_0277-391x260.jpg 391w, https:\/\/fcbuetschwil.ch\/neu\/wp-content\/uploads\/2025\/02\/DSC_0277-1536x1021.jpg 1536w, https:\/\/fcbuetschwil.ch\/neu\/wp-content\/uploads\/2025\/02\/DSC_0277-2048x1362.jpg 2048w\" sizes=\"(max-width: 1024px) 100vw, 1024px\" \/><\/figure>\n<\/div>\n<\/div>\n<\/div><\/div>\n\n\n\n<figure class=\"wp-container-5 wp-block-gallery-4 wp-block-gallery has-nested-images columns-default is-cropped\">\n<figure class=\"wp-block-image size-large\"><img loading=\"lazy\" width=\"1024\" height=\"681\" data-id=\"7625\"  src=\"https:\/\/fcbuetschwil.ch\/neu\/wp-content\/uploads\/2025\/02\/DSC_0279-1024x681.jpg\" alt=\"\" class=\"wp-image-7625\" srcset=\"https:\/\/fcbuetschwil.ch\/neu\/wp-content\/uploads\/2025\/02\/DSC_0279-1024x681.jpg 1024w, https:\/\/fcbuetschwil.ch\/neu\/wp-content\/uploads\/2025\/02\/DSC_0279-1000x665.jpg 1000w, https:\/\/fcbuetschwil.ch\/neu\/wp-content\/uploads\/2025\/02\/DSC_0279-768x511.jpg 768w, https:\/\/fcbuetschwil.ch\/neu\/wp-content\/uploads\/2025\/02\/DSC_0279-391x260.jpg 391w, https:\/\/fcbuetschwil.ch\/neu\/wp-content\/uploads\/2025\/02\/DSC_0279-1536x1021.jpg 1536w, https:\/\/fcbuetschwil.ch\/neu\/wp-content\/uploads\/2025\/02\/DSC_0279-2048x1362.jpg 2048w\" sizes=\"(max-width: 1024px) 100vw, 1024px\" \/><\/figure>\n<\/figure>\n\n\n\n<p><\/p>\n\n\n\n<figure class=\"wp-container-7 wp-block-gallery-6 wp-block-gallery has-nested-images columns-default is-cropped\">\n<figure class=\"wp-block-image size-large\"><img loading=\"lazy\" width=\"1024\" height=\"681\" data-id=\"7624\"  src=\"https:\/\/fcbuetschwil.ch\/neu\/wp-content\/uploads\/2025\/02\/DSC_0427-1024x681.jpg\" alt=\"\" class=\"wp-image-7624\" srcset=\"https:\/\/fcbuetschwil.ch\/neu\/wp-content\/uploads\/2025\/02\/DSC_0427-1024x681.jpg 1024w, https:\/\/fcbuetschwil.ch\/neu\/wp-content\/uploads\/2025\/02\/DSC_0427-1000x665.jpg 1000w, https:\/\/fcbuetschwil.ch\/neu\/wp-content\/uploads\/2025\/02\/DSC_0427-768x511.jpg 768w, https:\/\/fcbuetschwil.ch\/neu\/wp-content\/uploads\/2025\/02\/DSC_0427-391x260.jpg 391w, https:\/\/fcbuetschwil.ch\/neu\/wp-content\/uploads\/2025\/02\/DSC_0427-1536x1021.jpg 1536w, https:\/\/fcbuetschwil.ch\/neu\/wp-content\/uploads\/2025\/02\/DSC_0427-2048x1362.jpg 2048w\" sizes=\"(max-width: 1024px) 100vw, 1024px\" \/><\/figure>\n<\/figure>\n\n\n\n<p><\/p>\n\n\n\n<figure class=\"wp-container-9 wp-block-gallery-8 wp-block-gallery has-nested-images columns-default is-cropped\">\n<figure class=\"wp-block-image size-large\"><img loading=\"lazy\" width=\"1024\" height=\"681\" data-id=\"7623\"  src=\"https:\/\/fcbuetschwil.ch\/neu\/wp-content\/uploads\/2025\/02\/DSC_0459-1024x681.jpg\" alt=\"\" class=\"wp-image-7623\" srcset=\"https:\/\/fcbuetschwil.ch\/neu\/wp-content\/uploads\/2025\/02\/DSC_0459-1024x681.jpg 1024w, https:\/\/fcbuetschwil.ch\/neu\/wp-content\/uploads\/2025\/02\/DSC_0459-1000x665.jpg 1000w, https:\/\/fcbuetschwil.ch\/neu\/wp-content\/uploads\/2025\/02\/DSC_0459-768x511.jpg 768w, https:\/\/fcbuetschwil.ch\/neu\/wp-content\/uploads\/2025\/02\/DSC_0459-391x260.jpg 391w, https:\/\/fcbuetschwil.ch\/neu\/wp-content\/uploads\/2025\/02\/DSC_0459-1536x1021.jpg 1536w, https:\/\/fcbuetschwil.ch\/neu\/wp-content\/uploads\/2025\/02\/DSC_0459-2048x1362.jpg 2048w\" sizes=\"(max-width: 1024px) 100vw, 1024px\" \/><\/figure>\n<\/figure>\n\n\n\n<figure class=\"wp-container-11 wp-block-gallery-10 wp-block-gallery has-nested-images columns-default is-cropped\"><\/figure>\n\n\n\n<figure class=\"wp-container-13 wp-block-gallery-12 wp-block-gallery has-nested-images columns-default is-cropped\"><\/figure>\n\n\n\n<figure class=\"wp-container-15 wp-block-gallery-14 wp-block-gallery has-nested-images columns-default is-cropped\"><\/figure>\n\n\n\n<figure class=\"wp-container-17 wp-block-gallery-16 wp-block-gallery has-nested-images columns-default is-cropped\"><\/figure>\n\n\n\n<figure class=\"wp-container-19 wp-block-gallery-18 wp-block-gallery has-nested-images columns-default is-cropped\"><\/figure>\n\n\n\n<figure class=\"wp-container-21 wp-block-gallery-20 wp-block-gallery has-nested-images columns-default is-cropped\"><\/figure>\n\n\n\n<figure class=\"wp-container-23 wp-block-gallery-22 wp-block-gallery has-nested-images columns-default is-cropped\"><\/figure>\n\n\n\n<figure class=\"wp-container-25 wp-block-gallery-24 wp-block-gallery has-nested-images columns-default is-cropped\"><\/figure>\n","protected":false},"excerpt":{"rendered":"<p>Trainingslager 2025 \u2013 4. Tagebucheintrag&nbsp; Donnerstag, 20. Februar 2025&nbsp; Heute Morgen wurde das Team des FF Toggenburg von der Sonne und einem n\u00f6rdigen Theresewind begr\u00fcsst. Herauszuheben ist, dass das Duo um B.H. und C.H. \u00fcberp\u00fcnktlich in der Lobby auf den Rest der Truppe wartete. Man munkelt, dass sie mindestens eine halbe Stunde vorher dort waren,&hellip;&nbsp;<a href=\"https:\/\/fcbuetschwil.ch\/neu\/trainingslager-fft1-2025-tag-4\/\" class=\"\" rel=\"bookmark\">Weiterlesen &raquo;<span class=\"screen-reader-text\">Trainingslager FFT1 2025 &#8211; Tag 4<\/span><\/a><\/p>\n","protected":false},"author":8,"featured_media":7628,"comment_status":"open","ping_status":"open","sticky":false,"template":"","format":"standard","meta":{"inline_featured_image":false,"_mi_skip_tracking":false,"kia_subtitle":"","neve_meta_sidebar":"","neve_meta_container":"","neve_meta_enable_content_width":"","neve_meta_content_width":0,"neve_meta_title_alignment":"","neve_meta_author_avatar":"","neve_post_elements_order":"","neve_meta_disable_header":"","neve_meta_disable_footer":"","neve_meta_disable_title":""},"categories":[56,34],"tags":[],"_links":{"self":[{"href":"https:\/\/fcbuetschwil.ch\/neu\/wp-json\/wp\/v2\/posts\/7622"}],"collection":[{"href":"https:\/\/fcbuetschwil.ch\/neu\/wp-json\/wp\/v2\/posts"}],"about":[{"href":"https:\/\/fcbuetschwil.ch\/neu\/wp-json\/wp\/v2\/types\/post"}],"author":[{"embeddable":true,"href":"https:\/\/fcbuetschwil.ch\/neu\/wp-json\/wp\/v2\/users\/8"}],"replies":[{"embeddable":true,"href":"https:\/\/fcbuetschwil.ch\/neu\/wp-json\/wp\/v2\/comments?post=7622"}],"version-history":[{"count":2,"href":"https:\/\/fcbuetschwil.ch\/neu\/wp-json\/wp\/v2\/posts\/7622\/revisions"}],"predecessor-version":[{"id":7630,"href":"https:\/\/fcbuetschwil.ch\/neu\/wp-json\/wp\/v2\/posts\/7622\/revisions\/7630"}],"wp:featuredmedia":[{"embeddable":true,"href":"https:\/\/fcbuetschwil.ch\/neu\/wp-json\/wp\/v2\/media\/7628"}],"wp:attachment":[{"href":"https:\/\/fcbuetschwil.ch\/neu\/wp-json\/wp\/v2\/media?parent=7622"}],"wp:term":[{"taxonomy":"category","embeddable":true,"href":"https:\/\/fcbuetschwil.ch\/neu\/wp-json\/wp\/v2\/categories?post=7622"},{"taxonomy":"post_tag","embeddable":true,"href":"https:\/\/fcbuetschwil.ch\/neu\/wp-json\/wp\/v2\/tags?post=7622"}],"curies":[{"name":"wp","href":"https:\/\/api.w.org\/{rel}","templated":true}]}}