{"id":7618,"date":"2025-03-08T22:03:20","date_gmt":"2025-03-08T20:03:20","guid":{"rendered":"https:\/\/fcbuetschwil.ch\/neu\/?p=7618"},"modified":"2025-03-08T22:04:19","modified_gmt":"2025-03-08T20:04:19","slug":"trainingslager-aeaes-tag-6","status":"publish","type":"post","link":"https:\/\/fcbuetschwil.ch\/neu\/trainingslager-aeaes-tag-6\/","title":{"rendered":"Trainingslager \u00c4\u00e4s &#8211; Tag 6"},"content":{"rendered":"\n<p>Am 6. Tag fand ein morgendlicher Appell bez\u00fcglich der Trainingspr\u00e4senz statt, um herauszufinden, wer von den Kr\u00e4nkelnden und dem Verletzungs-Lazarett doch im Training mitmachen kann. Fabian B. wollte sich trotz seiner Blessuren unter die Spielberechtigten mogeln. Er konnte letztlich jedoch nicht re\u00fcssieren, und seine Eigen-Nomination f\u00fcrs Training wurde vom Medical Staff r\u00fccksichtslos abgeschmettert.<\/p>\n\n\n\n<p>W\u00e4hrend beim darauffolgenden Training auf dem Platz Umschaltmomente trainiert wurden, versuchten sich die Rekonvaleszenten an diversen Physio-\u00dcbungen. Die im gleichen Raum trainierenden Profis aus Norwegen beeindruckten mit ihren Herkules-K\u00f6rpern. Besonders beeindruckt zeigte sich Physio Sarah und w\u00fcrdigte die Leistung der norwegischen Urgewalten mit einem anerkennenden \u201eDas sind Endgegner\u201c, woraus sich schlie\u00dfen l\u00e4sst, dass die t\u00e4gliche Konfrontation mit den jugendsprachaffinen Leandro B. und Cludi B. ihre Wirkung zeigt.<\/p>\n\n\n\n<p>Am Nachmittag zog es die B\u00fctschwiler Ballk\u00fcnstler zur Inspiration in die Geburtsstadt von Pablo Picasso nach Malaga. Erste kreative Ans\u00e4tze waren sodann gefragt, denn es ging bei einer weiteren Zimmer-Challenge darum, einen Papierflieger zu basteln. Trotz erheblicher physischer Einschr\u00e4nkungen durch seine verletzte Hand schaffte es Gian P., seinen Flieger am weitesten zu werfen. Er \u00fcberzeugte mit einer Wurftechnik, die der Anglerszene entspringt. Viel erwartet wurde zudem vom angehenden Aviatik-Experten Nico R., der mit seiner entt\u00e4uschenden Vorstellung den hohen Wettquoten \u00fcberhaupt nicht gerecht wurde.<\/p>\n\n\n\n<p>Beim gemeinsamen Dinner nagte Janis R. gen\u00fcsslich an ein paar Erdn\u00fcssen. Auch wenn der Geschmack f\u00fcr ihn etwas speziell schien, staunte er nicht schlecht, als sich herausstellte, dass es sich dabei um die abgenagten Olivenkerne der bereits verspeisten Oliven handelte. Stilsicherer ging Sommeli-Pe bei der Weinverkostung ans Werk. Da die zweite Flasche Wein nicht seine Qualit\u00e4tskontrolle durchlief, stellte sich erst beim letzten Schluck heraus, dass dieser Wein wohl Zapfen hatte. Man sollte sich eben auf die bew\u00e4hrten Experten verlassen.<\/p>\n\n\n\n<p>Eine weitere Zimmer-Challenge verwandelte eine ruhige Nebenstrasse in Malaga zum Hotspot der lokalen, nationalen und internationalen M\u00fcnzwurf-Szene. Immer mehr Zuschauer fanden sich ein, um dieses hochstehende Spektakel zu verfolgen. Bei der Challenge geht es darum, eine M\u00fcnze so nah wie m\u00f6glich an eine Wand zu werfen, ohne diese zu ber\u00fchren. Aus dem internationalen Fanlager entsprang die Forderung, ebenfalls eine Mannschaft stellen zu d\u00fcrfen. Ausgedr\u00fcckt wurde diese Forderung in: \u201eHungary versus Switzerland\u201c. Die vorhandenen Sprachbarrieren zeigten sich sogleich in der Reaktion von M\u00e4tty, der bloss meinte: \u201eYes, I\u2019m hungry.\u201c<\/p>\n\n\n\n<p>Bei der anschliessenden obligaten Karaoke-Einlage aller Neuank\u00f6mmlinge brillierte Gian S. mit seiner Songauswahl. Wir hoffen, dass die von ihm installierten Lampen nicht so viele Wackelkontakte haben wie besungen. Nach weiteren beeindruckenden Gesangseinlagen von Leandro B., Marc O., Nico R. und Janis R. fanden alle fr\u00fcher oder sp\u00e4ter den Weg zur\u00fcck ins Hotel.<\/p>\n\n\n\n<figure class=\"wp-block-image size-large\"><img loading=\"lazy\" width=\"1024\" height=\"576\" src=\"https:\/\/fcbuetschwil.ch\/neu\/wp-content\/uploads\/2025\/03\/d58c286b-51d3-4e40-bc62-fbc9a774762a-1024x576.jpg\" alt=\"\" class=\"wp-image-7733\" srcset=\"https:\/\/fcbuetschwil.ch\/neu\/wp-content\/uploads\/2025\/03\/d58c286b-51d3-4e40-bc62-fbc9a774762a-1024x576.jpg 1024w, https:\/\/fcbuetschwil.ch\/neu\/wp-content\/uploads\/2025\/03\/d58c286b-51d3-4e40-bc62-fbc9a774762a-1000x563.jpg 1000w, https:\/\/fcbuetschwil.ch\/neu\/wp-content\/uploads\/2025\/03\/d58c286b-51d3-4e40-bc62-fbc9a774762a-768x432.jpg 768w, https:\/\/fcbuetschwil.ch\/neu\/wp-content\/uploads\/2025\/03\/d58c286b-51d3-4e40-bc62-fbc9a774762a-1536x864.jpg 1536w, https:\/\/fcbuetschwil.ch\/neu\/wp-content\/uploads\/2025\/03\/d58c286b-51d3-4e40-bc62-fbc9a774762a.jpg 2048w\" sizes=\"(max-width: 1024px) 100vw, 1024px\" \/><\/figure>\n\n\n\n<figure class=\"wp-block-image size-large\"><img loading=\"lazy\" width=\"1024\" height=\"768\" src=\"https:\/\/fcbuetschwil.ch\/neu\/wp-content\/uploads\/2025\/03\/c1588acd-dd69-49f8-88e6-804d6976404a-1024x768.jpg\" alt=\"\" class=\"wp-image-7734\" srcset=\"https:\/\/fcbuetschwil.ch\/neu\/wp-content\/uploads\/2025\/03\/c1588acd-dd69-49f8-88e6-804d6976404a-1024x768.jpg 1024w, https:\/\/fcbuetschwil.ch\/neu\/wp-content\/uploads\/2025\/03\/c1588acd-dd69-49f8-88e6-804d6976404a-1000x750.jpg 1000w, https:\/\/fcbuetschwil.ch\/neu\/wp-content\/uploads\/2025\/03\/c1588acd-dd69-49f8-88e6-804d6976404a-768x576.jpg 768w, https:\/\/fcbuetschwil.ch\/neu\/wp-content\/uploads\/2025\/03\/c1588acd-dd69-49f8-88e6-804d6976404a-1536x1152.jpg 1536w, https:\/\/fcbuetschwil.ch\/neu\/wp-content\/uploads\/2025\/03\/c1588acd-dd69-49f8-88e6-804d6976404a.jpg 2048w\" sizes=\"(max-width: 1024px) 100vw, 1024px\" \/><\/figure>\n\n\n\n<figure class=\"wp-block-image size-large\"><img loading=\"lazy\" width=\"1024\" height=\"768\" src=\"https:\/\/fcbuetschwil.ch\/neu\/wp-content\/uploads\/2025\/03\/a6ce37ba-a4a0-4cc3-91a9-2375c4b08093-1024x768.jpg\" alt=\"\" class=\"wp-image-7735\" srcset=\"https:\/\/fcbuetschwil.ch\/neu\/wp-content\/uploads\/2025\/03\/a6ce37ba-a4a0-4cc3-91a9-2375c4b08093-1024x768.jpg 1024w, https:\/\/fcbuetschwil.ch\/neu\/wp-content\/uploads\/2025\/03\/a6ce37ba-a4a0-4cc3-91a9-2375c4b08093-1000x750.jpg 1000w, https:\/\/fcbuetschwil.ch\/neu\/wp-content\/uploads\/2025\/03\/a6ce37ba-a4a0-4cc3-91a9-2375c4b08093-768x576.jpg 768w, https:\/\/fcbuetschwil.ch\/neu\/wp-content\/uploads\/2025\/03\/a6ce37ba-a4a0-4cc3-91a9-2375c4b08093-1536x1152.jpg 1536w, https:\/\/fcbuetschwil.ch\/neu\/wp-content\/uploads\/2025\/03\/a6ce37ba-a4a0-4cc3-91a9-2375c4b08093.jpg 1600w\" sizes=\"(max-width: 1024px) 100vw, 1024px\" \/><\/figure>\n\n\n\n<figure class=\"wp-block-image size-large\"><img loading=\"lazy\" width=\"1024\" height=\"576\" src=\"https:\/\/fcbuetschwil.ch\/neu\/wp-content\/uploads\/2025\/03\/b65fbe39-c4b4-4d5e-b1c2-4b315bc11729-1024x576.jpg\" alt=\"\" class=\"wp-image-7736\" srcset=\"https:\/\/fcbuetschwil.ch\/neu\/wp-content\/uploads\/2025\/03\/b65fbe39-c4b4-4d5e-b1c2-4b315bc11729-1024x576.jpg 1024w, https:\/\/fcbuetschwil.ch\/neu\/wp-content\/uploads\/2025\/03\/b65fbe39-c4b4-4d5e-b1c2-4b315bc11729-1000x563.jpg 1000w, https:\/\/fcbuetschwil.ch\/neu\/wp-content\/uploads\/2025\/03\/b65fbe39-c4b4-4d5e-b1c2-4b315bc11729-768x432.jpg 768w, https:\/\/fcbuetschwil.ch\/neu\/wp-content\/uploads\/2025\/03\/b65fbe39-c4b4-4d5e-b1c2-4b315bc11729-1536x864.jpg 1536w, https:\/\/fcbuetschwil.ch\/neu\/wp-content\/uploads\/2025\/03\/b65fbe39-c4b4-4d5e-b1c2-4b315bc11729.jpg 1600w\" sizes=\"(max-width: 1024px) 100vw, 1024px\" \/><\/figure>\n\n\n\n<figure class=\"wp-container-2 wp-block-gallery-1 wp-block-gallery has-nested-images columns-default is-cropped\">\n<figure class=\"wp-block-image size-large\"><img loading=\"lazy\" width=\"1024\" height=\"768\" data-id=\"7737\"  src=\"https:\/\/fcbuetschwil.ch\/neu\/wp-content\/uploads\/2025\/03\/e711f6fa-7134-43b8-b106-e632678d2d10-1024x768.jpg\" alt=\"\" class=\"wp-image-7737\" srcset=\"https:\/\/fcbuetschwil.ch\/neu\/wp-content\/uploads\/2025\/03\/e711f6fa-7134-43b8-b106-e632678d2d10-1024x768.jpg 1024w, https:\/\/fcbuetschwil.ch\/neu\/wp-content\/uploads\/2025\/03\/e711f6fa-7134-43b8-b106-e632678d2d10-1000x750.jpg 1000w, https:\/\/fcbuetschwil.ch\/neu\/wp-content\/uploads\/2025\/03\/e711f6fa-7134-43b8-b106-e632678d2d10-768x576.jpg 768w, https:\/\/fcbuetschwil.ch\/neu\/wp-content\/uploads\/2025\/03\/e711f6fa-7134-43b8-b106-e632678d2d10-1536x1152.jpg 1536w, https:\/\/fcbuetschwil.ch\/neu\/wp-content\/uploads\/2025\/03\/e711f6fa-7134-43b8-b106-e632678d2d10.jpg 2048w\" sizes=\"(max-width: 1024px) 100vw, 1024px\" \/><\/figure>\n<\/figure>\n\n\n\n<figure class=\"wp-block-image size-large\"><img loading=\"lazy\" width=\"1024\" height=\"768\" src=\"https:\/\/fcbuetschwil.ch\/neu\/wp-content\/uploads\/2025\/03\/136f1d06-0a75-4389-b856-a60f62d9dc6b-1024x768.jpg\" alt=\"\" class=\"wp-image-7738\" srcset=\"https:\/\/fcbuetschwil.ch\/neu\/wp-content\/uploads\/2025\/03\/136f1d06-0a75-4389-b856-a60f62d9dc6b-1024x768.jpg 1024w, https:\/\/fcbuetschwil.ch\/neu\/wp-content\/uploads\/2025\/03\/136f1d06-0a75-4389-b856-a60f62d9dc6b-1000x750.jpg 1000w, https:\/\/fcbuetschwil.ch\/neu\/wp-content\/uploads\/2025\/03\/136f1d06-0a75-4389-b856-a60f62d9dc6b-768x576.jpg 768w, https:\/\/fcbuetschwil.ch\/neu\/wp-content\/uploads\/2025\/03\/136f1d06-0a75-4389-b856-a60f62d9dc6b-1536x1152.jpg 1536w, https:\/\/fcbuetschwil.ch\/neu\/wp-content\/uploads\/2025\/03\/136f1d06-0a75-4389-b856-a60f62d9dc6b.jpg 2048w\" sizes=\"(max-width: 1024px) 100vw, 1024px\" \/><\/figure>\n","protected":false},"excerpt":{"rendered":"<p>Am 6. Tag fand ein morgendlicher Appell bez\u00fcglich der Trainingspr\u00e4senz statt, um herauszufinden, wer von den Kr\u00e4nkelnden und dem Verletzungs-Lazarett doch im Training mitmachen kann. Fabian B. wollte sich trotz seiner Blessuren unter die Spielberechtigten mogeln. Er konnte letztlich jedoch nicht re\u00fcssieren, und seine Eigen-Nomination f\u00fcrs Training wurde vom Medical Staff r\u00fccksichtslos abgeschmettert. W\u00e4hrend beim&hellip;&nbsp;<a href=\"https:\/\/fcbuetschwil.ch\/neu\/trainingslager-aeaes-tag-6\/\" class=\"\" rel=\"bookmark\">Weiterlesen &raquo;<span class=\"screen-reader-text\">Trainingslager \u00c4\u00e4s &#8211; Tag 6<\/span><\/a><\/p>\n","protected":false},"author":7,"featured_media":7734,"comment_status":"open","ping_status":"open","sticky":false,"template":"","format":"standard","meta":{"inline_featured_image":false,"_mi_skip_tracking":false,"kia_subtitle":"Marbella 2025 - 6. Tagebucheintrag","neve_meta_sidebar":"","neve_meta_container":"","neve_meta_enable_content_width":"","neve_meta_content_width":0,"neve_meta_title_alignment":"","neve_meta_author_avatar":"","neve_post_elements_order":"","neve_meta_disable_header":"","neve_meta_disable_footer":"","neve_meta_disable_title":""},"categories":[55,34],"tags":[],"_links":{"self":[{"href":"https:\/\/fcbuetschwil.ch\/neu\/wp-json\/wp\/v2\/posts\/7618"}],"collection":[{"href":"https:\/\/fcbuetschwil.ch\/neu\/wp-json\/wp\/v2\/posts"}],"about":[{"href":"https:\/\/fcbuetschwil.ch\/neu\/wp-json\/wp\/v2\/types\/post"}],"author":[{"embeddable":true,"href":"https:\/\/fcbuetschwil.ch\/neu\/wp-json\/wp\/v2\/users\/7"}],"replies":[{"embeddable":true,"href":"https:\/\/fcbuetschwil.ch\/neu\/wp-json\/wp\/v2\/comments?post=7618"}],"version-history":[{"count":2,"href":"https:\/\/fcbuetschwil.ch\/neu\/wp-json\/wp\/v2\/posts\/7618\/revisions"}],"predecessor-version":[{"id":7739,"href":"https:\/\/fcbuetschwil.ch\/neu\/wp-json\/wp\/v2\/posts\/7618\/revisions\/7739"}],"wp:featuredmedia":[{"embeddable":true,"href":"https:\/\/fcbuetschwil.ch\/neu\/wp-json\/wp\/v2\/media\/7734"}],"wp:attachment":[{"href":"https:\/\/fcbuetschwil.ch\/neu\/wp-json\/wp\/v2\/media?parent=7618"}],"wp:term":[{"taxonomy":"category","embeddable":true,"href":"https:\/\/fcbuetschwil.ch\/neu\/wp-json\/wp\/v2\/categories?post=7618"},{"taxonomy":"post_tag","embeddable":true,"href":"https:\/\/fcbuetschwil.ch\/neu\/wp-json\/wp\/v2\/tags?post=7618"}],"curies":[{"name":"wp","href":"https:\/\/api.w.org\/{rel}","templated":true}]}}