{"id":7614,"date":"2025-03-06T20:52:44","date_gmt":"2025-03-06T18:52:44","guid":{"rendered":"https:\/\/fcbuetschwil.ch\/neu\/?p=7614"},"modified":"2025-03-06T20:52:47","modified_gmt":"2025-03-06T18:52:47","slug":"trainingslager-aeaes-tag-4","status":"publish","type":"post","link":"https:\/\/fcbuetschwil.ch\/neu\/trainingslager-aeaes-tag-4\/","title":{"rendered":"Trainingslager \u00c4\u00e4s &#8211; Tag 4"},"content":{"rendered":"\n<p>Der vierte Tag unseres Trainingslagers begann mit einer hitzigen Debatte um die Vergabe der ber\u00fcchtigten Per\u00fccke. In einer Diskussion, die an eine politische Talkshow erinnerte, musste sich Sevi G. letztlich gegen seinen Willen mit dem modischen Kopfschmuck abfinden. Trotz der aufkl\u00e4renden Bem\u00fchungen von nicht eidgen\u00f6ssisch anerkannten Schlichtungsexperten Noah O. unter g\u00fctiger Mithilfe von Lokalpolitiker Elias K. flog die Per\u00fccke am Ende quer durch den Raum &#8211; ein Ausdruck von Sevis Frust, der sich in einem eleganten Wurf manifestierte.<\/p>\n\n\n\n<p>Das morgendliche Training stand im Zeichen der Regeneration, wobei sich einige regenscheue Spieler lieber im Gym-Zelt mit Velofahren vergn\u00fcgten. Dieses Zelt hatte jedoch ein Loch, und es wurde ernsthaft in Erw\u00e4gung gezogen, den Zeltbauer und Sponsoren aus Moslig mit dem Motto \u201ewir lassen sie nicht im Regen stehen\u201c einzufliegen. Schliesslich ist ein Zelt ohne Dach wie ein Fussballspiel ohne Ball &#8211; irgendwie sinnlos.<\/p>\n\n\n\n<p>Nach dem Training stand der Rest des Tages zur freien Verf\u00fcgung. Der erfahrenere und finanziell besser betuchte Teil der Mannschaft rund um Raphi F. g\u00f6nnte sich ein Mittagessen ausw\u00e4rts, w\u00e4hrend die anderen im Hotel blieben. Diese Investition in einen vollen Magen wird sich in Zukunft noch auszahlen &#8211; morgen mehr dazu.&nbsp;<\/p>\n\n\n\n<p>Am Nachmittag teilte sich die Mannschaft in die Gruppe Jass und die Gruppe Uno auf, um Marbella zu erkunden. Die Gruppe Jass, bestehend aus routinierten Spielern, schmiedete bereits Pl\u00e4ne, um beim internen Spiel Jung gegen Alt am Ende der Woche als Sieger hervorzugehen und als erste Massnahme wurden gleich mal alle Physio-Termine in Beschlag genommen. Die Gruppe Uno hingegen versuchte, in einem sch\u00f6nen Villenviertel von Marbella eine Bleibe f\u00fcr k\u00fcnftige Aufenthalte zu begutachten. Finanziell liegen die mit 10 Millionen ausgeschriebenen Villen ja im Rahmen, hatte man doch beim Mittagessen gespart. Dieser Mission machte dann jedoch ein W\u00e4rter inklusive Schranke einen Strich durch die Rechnung. So blieb der Truppe rund um Fahrer F. Br\u00e4ndle, der behauptete einen alten Freund aus der Schweiz besuchen zu wollen, nur die wortw\u00f6rtliche Flucht nach hinten.&nbsp;<\/p>\n\n\n\n<p>In der malerischen Altstadt von Marbella, mit ihren verwinkelten G\u00e4sschen angekommen, stellte sich David B. gegen die ungesunde Ern\u00e4hrung seiner Kollegen, die sich mit Glace eindeckten. \u201eMy body is my temple\u201c, lautet sein Motto und so versuchte er, eine Mandarine vom Baum zu r\u00fctteln. Nach mehrfachen Fehlversuchen fiel eine Frucht vom Baum &#8211; diese fand den Weg zum Boden jedoch \u00fcber eine Frontalkollision mit seinem eigenen Kopf. Zur Aufheiterung vom Angeknockten verhalf Leandro E. mit einem eleganten Sprung, der ihm beim Hobby-Horsing Wettkampf wohl Gold einbringen w\u00fcrde. Das Resultat dieser Einlage war eine Frucht, die David B. mit verzerrtem Gesicht verspeiste und anmerkte: \u201eisch glaub doch nochli z\u2019fr\u00fceh\u201c. Mit dem Wissen der Redaktion, dass es sich bei der vermeindlichen Mandarine um eine Andalusische Bitterorangen handelte die grunds\u00e4tzlich immer bitter sind wohl auch kein Wunder.<\/p>\n\n\n\n<p>Nach dem Stadtrundgang traf man sich zu Tapas in einem Restaurant. Hier schaffte es Janis R. dreimal in Folge die Uno-Karten falsch auszuteilen. Beim dritten Mal wurde aus R\u00fccksicht davor, dass der Schuldige beruflich wenig mit Zahlen zu tun hat, der Faux-pas akzeptiert. Der ausgebildete Banker bedankte sich, indem er Minuten sp\u00e4ter die Hopfenkaltschale von Silvan F. aussch\u00fcttete. Gl\u00fccklicherweise war Silvan an diesem Tag ausnahmsweise in einer sehr ruhigen Stimmung. H\u00e4tte er sich wie auch schon zum Aggressivleader entwickelt, h\u00e4tte man in den Folgeberichten wohl nicht mehr von diesem Janis gelesen.&nbsp;<\/p>\n\n\n\n<p>Der Abend endete in einem Steakhouse &#8211; ein Dankesch\u00f6n an dieser Stelle an unseren Food-Manager Silvio und den Mannschaftskassier Dani. Mit Ausnahme von der Bedienung, die nach der 20. Bestellung versehentlich die aufgenommenen Bestellungen l\u00f6schte und nochmals von vorne begann, war es ein hervorragendes Erlebnis \u2013 das Steak war das Warten definitiv wert.<\/p>\n\n\n\n<figure class=\"wp-block-image size-large is-resized\"><img loading=\"lazy\" src=\"https:\/\/fcbuetschwil.ch\/neu\/wp-content\/uploads\/2025\/03\/8fc93d5c-3028-4b45-98c1-ce17eaa037c9-1024x768.jpg\" alt=\"\" class=\"wp-image-7715\" width=\"819\" height=\"614\" srcset=\"https:\/\/fcbuetschwil.ch\/neu\/wp-content\/uploads\/2025\/03\/8fc93d5c-3028-4b45-98c1-ce17eaa037c9-1024x768.jpg 1024w, https:\/\/fcbuetschwil.ch\/neu\/wp-content\/uploads\/2025\/03\/8fc93d5c-3028-4b45-98c1-ce17eaa037c9-1000x750.jpg 1000w, https:\/\/fcbuetschwil.ch\/neu\/wp-content\/uploads\/2025\/03\/8fc93d5c-3028-4b45-98c1-ce17eaa037c9-768x576.jpg 768w, https:\/\/fcbuetschwil.ch\/neu\/wp-content\/uploads\/2025\/03\/8fc93d5c-3028-4b45-98c1-ce17eaa037c9-1536x1152.jpg 1536w, https:\/\/fcbuetschwil.ch\/neu\/wp-content\/uploads\/2025\/03\/8fc93d5c-3028-4b45-98c1-ce17eaa037c9.jpg 2048w\" sizes=\"(max-width: 819px) 100vw, 819px\" \/><\/figure>\n\n\n\n<figure class=\"wp-block-image size-large\"><img loading=\"lazy\" width=\"1024\" height=\"768\" src=\"https:\/\/fcbuetschwil.ch\/neu\/wp-content\/uploads\/2025\/03\/bbe410a3-56ad-4e85-8d25-dc1dd8749ba6-1024x768.jpg\" alt=\"\" class=\"wp-image-7716\" srcset=\"https:\/\/fcbuetschwil.ch\/neu\/wp-content\/uploads\/2025\/03\/bbe410a3-56ad-4e85-8d25-dc1dd8749ba6-1024x768.jpg 1024w, https:\/\/fcbuetschwil.ch\/neu\/wp-content\/uploads\/2025\/03\/bbe410a3-56ad-4e85-8d25-dc1dd8749ba6-1000x750.jpg 1000w, https:\/\/fcbuetschwil.ch\/neu\/wp-content\/uploads\/2025\/03\/bbe410a3-56ad-4e85-8d25-dc1dd8749ba6-768x576.jpg 768w, https:\/\/fcbuetschwil.ch\/neu\/wp-content\/uploads\/2025\/03\/bbe410a3-56ad-4e85-8d25-dc1dd8749ba6-1536x1152.jpg 1536w, https:\/\/fcbuetschwil.ch\/neu\/wp-content\/uploads\/2025\/03\/bbe410a3-56ad-4e85-8d25-dc1dd8749ba6.jpg 2048w\" sizes=\"(max-width: 1024px) 100vw, 1024px\" \/><\/figure>\n\n\n\n<figure class=\"wp-block-image size-large\"><img loading=\"lazy\" width=\"1024\" height=\"768\" src=\"https:\/\/fcbuetschwil.ch\/neu\/wp-content\/uploads\/2025\/03\/0db74724-177f-4311-8724-8ca1201d6b40-1024x768.jpg\" alt=\"\" class=\"wp-image-7713\" srcset=\"https:\/\/fcbuetschwil.ch\/neu\/wp-content\/uploads\/2025\/03\/0db74724-177f-4311-8724-8ca1201d6b40-1024x768.jpg 1024w, https:\/\/fcbuetschwil.ch\/neu\/wp-content\/uploads\/2025\/03\/0db74724-177f-4311-8724-8ca1201d6b40-1000x750.jpg 1000w, https:\/\/fcbuetschwil.ch\/neu\/wp-content\/uploads\/2025\/03\/0db74724-177f-4311-8724-8ca1201d6b40-768x576.jpg 768w, https:\/\/fcbuetschwil.ch\/neu\/wp-content\/uploads\/2025\/03\/0db74724-177f-4311-8724-8ca1201d6b40-1536x1152.jpg 1536w, https:\/\/fcbuetschwil.ch\/neu\/wp-content\/uploads\/2025\/03\/0db74724-177f-4311-8724-8ca1201d6b40.jpg 1600w\" sizes=\"(max-width: 1024px) 100vw, 1024px\" \/><\/figure>\n\n\n\n<figure class=\"wp-block-image size-large\"><img loading=\"lazy\" width=\"1024\" height=\"768\" src=\"https:\/\/fcbuetschwil.ch\/neu\/wp-content\/uploads\/2025\/03\/2d388f61-cf00-40e8-af28-0ae286a770b7-1024x768.jpg\" alt=\"\" class=\"wp-image-7714\" srcset=\"https:\/\/fcbuetschwil.ch\/neu\/wp-content\/uploads\/2025\/03\/2d388f61-cf00-40e8-af28-0ae286a770b7-1024x768.jpg 1024w, https:\/\/fcbuetschwil.ch\/neu\/wp-content\/uploads\/2025\/03\/2d388f61-cf00-40e8-af28-0ae286a770b7-1000x750.jpg 1000w, https:\/\/fcbuetschwil.ch\/neu\/wp-content\/uploads\/2025\/03\/2d388f61-cf00-40e8-af28-0ae286a770b7-768x576.jpg 768w, https:\/\/fcbuetschwil.ch\/neu\/wp-content\/uploads\/2025\/03\/2d388f61-cf00-40e8-af28-0ae286a770b7-1536x1152.jpg 1536w, https:\/\/fcbuetschwil.ch\/neu\/wp-content\/uploads\/2025\/03\/2d388f61-cf00-40e8-af28-0ae286a770b7.jpg 1600w\" sizes=\"(max-width: 1024px) 100vw, 1024px\" \/><\/figure>\n\n\n\n<figure class=\"wp-block-image size-large\"><img loading=\"lazy\" width=\"768\" height=\"1024\" src=\"https:\/\/fcbuetschwil.ch\/neu\/wp-content\/uploads\/2025\/03\/e5dad61d-7f45-40ea-9631-9472a214be8f-768x1024.jpg\" alt=\"\" class=\"wp-image-7717\" srcset=\"https:\/\/fcbuetschwil.ch\/neu\/wp-content\/uploads\/2025\/03\/e5dad61d-7f45-40ea-9631-9472a214be8f-768x1024.jpg 768w, https:\/\/fcbuetschwil.ch\/neu\/wp-content\/uploads\/2025\/03\/e5dad61d-7f45-40ea-9631-9472a214be8f-750x1000.jpg 750w, https:\/\/fcbuetschwil.ch\/neu\/wp-content\/uploads\/2025\/03\/e5dad61d-7f45-40ea-9631-9472a214be8f-300x400.jpg 300w, https:\/\/fcbuetschwil.ch\/neu\/wp-content\/uploads\/2025\/03\/e5dad61d-7f45-40ea-9631-9472a214be8f-1152x1536.jpg 1152w, https:\/\/fcbuetschwil.ch\/neu\/wp-content\/uploads\/2025\/03\/e5dad61d-7f45-40ea-9631-9472a214be8f.jpg 1200w\" sizes=\"(max-width: 768px) 100vw, 768px\" \/><\/figure>\n","protected":false},"excerpt":{"rendered":"<p>Der vierte Tag unseres Trainingslagers begann mit einer hitzigen Debatte um die Vergabe der ber\u00fcchtigten Per\u00fccke. In einer Diskussion, die an eine politische Talkshow erinnerte, musste sich Sevi G. letztlich gegen seinen Willen mit dem modischen Kopfschmuck abfinden. Trotz der aufkl\u00e4renden Bem\u00fchungen von nicht eidgen\u00f6ssisch anerkannten Schlichtungsexperten Noah O. unter g\u00fctiger Mithilfe von Lokalpolitiker Elias&hellip;&nbsp;<a href=\"https:\/\/fcbuetschwil.ch\/neu\/trainingslager-aeaes-tag-4\/\" class=\"\" rel=\"bookmark\">Weiterlesen &raquo;<span class=\"screen-reader-text\">Trainingslager \u00c4\u00e4s &#8211; Tag 4<\/span><\/a><\/p>\n","protected":false},"author":7,"featured_media":7713,"comment_status":"open","ping_status":"open","sticky":false,"template":"","format":"standard","meta":{"inline_featured_image":false,"_mi_skip_tracking":false,"kia_subtitle":"Marbella 2025 - 4. Tagebucheintrag","neve_meta_sidebar":"","neve_meta_container":"","neve_meta_enable_content_width":"","neve_meta_content_width":0,"neve_meta_title_alignment":"","neve_meta_author_avatar":"","neve_post_elements_order":"","neve_meta_disable_header":"","neve_meta_disable_footer":"","neve_meta_disable_title":""},"categories":[55,34],"tags":[],"_links":{"self":[{"href":"https:\/\/fcbuetschwil.ch\/neu\/wp-json\/wp\/v2\/posts\/7614"}],"collection":[{"href":"https:\/\/fcbuetschwil.ch\/neu\/wp-json\/wp\/v2\/posts"}],"about":[{"href":"https:\/\/fcbuetschwil.ch\/neu\/wp-json\/wp\/v2\/types\/post"}],"author":[{"embeddable":true,"href":"https:\/\/fcbuetschwil.ch\/neu\/wp-json\/wp\/v2\/users\/7"}],"replies":[{"embeddable":true,"href":"https:\/\/fcbuetschwil.ch\/neu\/wp-json\/wp\/v2\/comments?post=7614"}],"version-history":[{"count":2,"href":"https:\/\/fcbuetschwil.ch\/neu\/wp-json\/wp\/v2\/posts\/7614\/revisions"}],"predecessor-version":[{"id":7718,"href":"https:\/\/fcbuetschwil.ch\/neu\/wp-json\/wp\/v2\/posts\/7614\/revisions\/7718"}],"wp:featuredmedia":[{"embeddable":true,"href":"https:\/\/fcbuetschwil.ch\/neu\/wp-json\/wp\/v2\/media\/7713"}],"wp:attachment":[{"href":"https:\/\/fcbuetschwil.ch\/neu\/wp-json\/wp\/v2\/media?parent=7614"}],"wp:term":[{"taxonomy":"category","embeddable":true,"href":"https:\/\/fcbuetschwil.ch\/neu\/wp-json\/wp\/v2\/categories?post=7614"},{"taxonomy":"post_tag","embeddable":true,"href":"https:\/\/fcbuetschwil.ch\/neu\/wp-json\/wp\/v2\/tags?post=7614"}],"curies":[{"name":"wp","href":"https:\/\/api.w.org\/{rel}","templated":true}]}}