{"id":7612,"date":"2025-03-05T17:03:47","date_gmt":"2025-03-05T15:03:47","guid":{"rendered":"https:\/\/fcbuetschwil.ch\/neu\/?p=7612"},"modified":"2025-03-05T17:13:50","modified_gmt":"2025-03-05T15:13:50","slug":"trainingslager-aeaes-tag-3","status":"publish","type":"post","link":"https:\/\/fcbuetschwil.ch\/neu\/trainingslager-aeaes-tag-3\/","title":{"rendered":"Trainingslager \u00c4\u00e4s &#8211; Tag 3"},"content":{"rendered":"\n<p>Am Tag 3 durften wir im Hotel den besser abgeschotteten Essbereich der abgereisten norwegischen Profis \u00fcbernehmen. Uns kommt das gelegen, so k\u00f6nnen wir uns k\u00fcnftig auch etwas vor den neugierigen Blicken des P\u00f6bels sch\u00fctzen und bei Bedarf geheime Fr\u00fchst\u00fccksvarianten einstudieren. Nach den Fr\u00fchst\u00fccksvarianten ging es wieder aufs Feld, um dort defensive und offensive Eckballvarianten einzu\u00fcben.&nbsp;<\/p>\n\n\n\n<p>Mehr lag fussballerisch am Vormittag nicht drin, da am Nachmittag das Testspiel gegen den FC Greifensee stattfand. Um diesem Anlass einen w\u00fcrdigen Rahmen zu geben, wurde auf ein noch gr\u00fcneres Gr\u00fcn im Viertel \u201eLa Quinta\u201c gewechselt. Der schreibende Oldie muss zugeben, \u201eminerlebtig\u201c noch nie auf einem solch perfekten Teppich gespielt zu haben. W\u00e4hrend sich die beiden angeschlagenen Cludi und Dave wie junge K\u00e4tzchen auf dem Platz herumschmiegten, w\u00e4rmte sich der Rest auf dem vermutlich sch\u00f6nsten \u201eZw\u00fcschewisli\u201c der Welt auf.<\/p>\n\n\n\n<p>Die Partie war sehr ansprechend und ausgeglichen. Auch die Energielevel waren ebenb\u00fcrtig, da Greifensee im gleichen Flieger angereist war wie wir. Das Highlight der Partie war unbestritten die Einwechslung von Capitano F\u00e4h, der nach einer monatelangen Verletzungspause endlich wieder auf dem Platz stand. Goalie Oswald war deswegen so aus dem H\u00e4uschen, dass er daraufhin um jeden Preis nur noch seinen Capitano anspielen wollte. Die Gegner hatten das irgendwann durchschaut und nutzten das kurz vor Schluss aus, um das einzige Tor der Partie zu erzielen.&nbsp;<\/p>\n\n\n\n<p>Zur\u00fcck im Hotel dann die n\u00e4chste Freudenbotschaft. Der rekonvaleszente Pe meldete sich beim Abendessen ebenfalls zur\u00fcck. Eilig wurde der Zapfhahn in Betrieb genommen, um auf die beiden Comebacks anzustossen. Den Abend liess man dann zusammen im Irish Pub ausklingen. Champions League, Molotov, Uno und Billiard, damit l\u00e4sst sichs leben. Unbedingt zu erw\u00e4hnen sei die geschichtstr\u00e4chtige Molotov-Runde mit rekordverd\u00e4chtigen acht 100er-Wys in sieben Runden und einer neuen Regel, welche das \u201eVorspielen\u201c erlaubt, sofern die Karte verdeckt gelegt wird. Zu sp\u00e4ter Stunde wurde dann noch die Diskussion von einem Teamevent in Stuttgart wieder aufgenommen. W\u00e4hrend dem damaligen Zoo-Rundgang fand vor jedem Gatter eine Einsch\u00e4tzung statt, ob man das jeweilige Tier in einem Kampf um Leben und Tod niederringen k\u00f6nnte. W\u00e4hrend sich G\u00fcbeli selbstbewusst einen Wolf zutraut, w\u00fcrde es Schmucki nicht einmal mit 5 wilden Hauskatzen aufnehmen und erst recht nicht mit 20 thail\u00e4ndischen Kampfh\u00fchnern. Dem Capitano wurde dieses Geschw\u00e4tz irgendwann zu dumm und zettelte deshalb auf der Tanzfl\u00e4che einen Limbo-Battle an, den er wie gewohnt auch gleich selbst gewann. Die anschliessende Nachtruhe wurde individuell angetreten.<\/p>\n\n\n\n<p><\/p>\n\n\n\n<figure class=\"wp-container-2 wp-block-gallery-1 wp-block-gallery has-nested-images columns-default is-cropped\">\n<figure class=\"wp-block-image size-large\"><img loading=\"lazy\" width=\"2048\" height=\"1536\" data-id=\"7701\"  src=\"https:\/\/fcbuetschwil.ch\/neu\/wp-content\/uploads\/2025\/03\/PHOTO-2025-03-05-14-52-37-2.jpg\" alt=\"\" class=\"wp-image-7701\" srcset=\"https:\/\/fcbuetschwil.ch\/neu\/wp-content\/uploads\/2025\/03\/PHOTO-2025-03-05-14-52-37-2.jpg 2048w, https:\/\/fcbuetschwil.ch\/neu\/wp-content\/uploads\/2025\/03\/PHOTO-2025-03-05-14-52-37-2-1000x750.jpg 1000w, https:\/\/fcbuetschwil.ch\/neu\/wp-content\/uploads\/2025\/03\/PHOTO-2025-03-05-14-52-37-2-1024x768.jpg 1024w, https:\/\/fcbuetschwil.ch\/neu\/wp-content\/uploads\/2025\/03\/PHOTO-2025-03-05-14-52-37-2-768x576.jpg 768w, https:\/\/fcbuetschwil.ch\/neu\/wp-content\/uploads\/2025\/03\/PHOTO-2025-03-05-14-52-37-2-1536x1152.jpg 1536w\" sizes=\"(max-width: 2048px) 100vw, 2048px\" \/><\/figure>\n\n\n\n<figure class=\"wp-block-image size-large\"><img loading=\"lazy\" width=\"2048\" height=\"1536\" data-id=\"7704\"  src=\"https:\/\/fcbuetschwil.ch\/neu\/wp-content\/uploads\/2025\/03\/PHOTO-2025-03-05-14-52-37-5.jpg\" alt=\"\" class=\"wp-image-7704\" srcset=\"https:\/\/fcbuetschwil.ch\/neu\/wp-content\/uploads\/2025\/03\/PHOTO-2025-03-05-14-52-37-5.jpg 2048w, https:\/\/fcbuetschwil.ch\/neu\/wp-content\/uploads\/2025\/03\/PHOTO-2025-03-05-14-52-37-5-1000x750.jpg 1000w, https:\/\/fcbuetschwil.ch\/neu\/wp-content\/uploads\/2025\/03\/PHOTO-2025-03-05-14-52-37-5-1024x768.jpg 1024w, https:\/\/fcbuetschwil.ch\/neu\/wp-content\/uploads\/2025\/03\/PHOTO-2025-03-05-14-52-37-5-768x576.jpg 768w, https:\/\/fcbuetschwil.ch\/neu\/wp-content\/uploads\/2025\/03\/PHOTO-2025-03-05-14-52-37-5-1536x1152.jpg 1536w\" sizes=\"(max-width: 2048px) 100vw, 2048px\" \/><\/figure>\n\n\n\n<figure class=\"wp-block-image size-large\"><img loading=\"lazy\" width=\"2048\" height=\"1536\" data-id=\"7706\"  src=\"https:\/\/fcbuetschwil.ch\/neu\/wp-content\/uploads\/2025\/03\/PHOTO-2025-03-05-14-52-37-7.jpg\" alt=\"\" class=\"wp-image-7706\" srcset=\"https:\/\/fcbuetschwil.ch\/neu\/wp-content\/uploads\/2025\/03\/PHOTO-2025-03-05-14-52-37-7.jpg 2048w, https:\/\/fcbuetschwil.ch\/neu\/wp-content\/uploads\/2025\/03\/PHOTO-2025-03-05-14-52-37-7-1000x750.jpg 1000w, https:\/\/fcbuetschwil.ch\/neu\/wp-content\/uploads\/2025\/03\/PHOTO-2025-03-05-14-52-37-7-1024x768.jpg 1024w, https:\/\/fcbuetschwil.ch\/neu\/wp-content\/uploads\/2025\/03\/PHOTO-2025-03-05-14-52-37-7-768x576.jpg 768w, https:\/\/fcbuetschwil.ch\/neu\/wp-content\/uploads\/2025\/03\/PHOTO-2025-03-05-14-52-37-7-1536x1152.jpg 1536w\" sizes=\"(max-width: 2048px) 100vw, 2048px\" \/><\/figure>\n\n\n\n<figure class=\"wp-block-image size-large\"><img loading=\"lazy\" width=\"2048\" height=\"1152\" data-id=\"7700\"  src=\"https:\/\/fcbuetschwil.ch\/neu\/wp-content\/uploads\/2025\/03\/PHOTO-2025-03-05-14-52-36.jpg\" alt=\"\" class=\"wp-image-7700\" srcset=\"https:\/\/fcbuetschwil.ch\/neu\/wp-content\/uploads\/2025\/03\/PHOTO-2025-03-05-14-52-36.jpg 2048w, https:\/\/fcbuetschwil.ch\/neu\/wp-content\/uploads\/2025\/03\/PHOTO-2025-03-05-14-52-36-1000x563.jpg 1000w, https:\/\/fcbuetschwil.ch\/neu\/wp-content\/uploads\/2025\/03\/PHOTO-2025-03-05-14-52-36-1024x576.jpg 1024w, https:\/\/fcbuetschwil.ch\/neu\/wp-content\/uploads\/2025\/03\/PHOTO-2025-03-05-14-52-36-768x432.jpg 768w, https:\/\/fcbuetschwil.ch\/neu\/wp-content\/uploads\/2025\/03\/PHOTO-2025-03-05-14-52-36-1536x864.jpg 1536w\" sizes=\"(max-width: 2048px) 100vw, 2048px\" \/><\/figure>\n\n\n\n<figure class=\"wp-block-image size-large\"><img loading=\"lazy\" width=\"1152\" height=\"2048\" data-id=\"7699\"  src=\"https:\/\/fcbuetschwil.ch\/neu\/wp-content\/uploads\/2025\/03\/PHOTO-2025-03-05-14-52-36-2.jpg\" alt=\"\" class=\"wp-image-7699\" srcset=\"https:\/\/fcbuetschwil.ch\/neu\/wp-content\/uploads\/2025\/03\/PHOTO-2025-03-05-14-52-36-2.jpg 1152w, https:\/\/fcbuetschwil.ch\/neu\/wp-content\/uploads\/2025\/03\/PHOTO-2025-03-05-14-52-36-2-563x1000.jpg 563w, https:\/\/fcbuetschwil.ch\/neu\/wp-content\/uploads\/2025\/03\/PHOTO-2025-03-05-14-52-36-2-576x1024.jpg 576w, https:\/\/fcbuetschwil.ch\/neu\/wp-content\/uploads\/2025\/03\/PHOTO-2025-03-05-14-52-36-2-768x1365.jpg 768w, https:\/\/fcbuetschwil.ch\/neu\/wp-content\/uploads\/2025\/03\/PHOTO-2025-03-05-14-52-36-2-864x1536.jpg 864w\" sizes=\"(max-width: 1152px) 100vw, 1152px\" \/><\/figure>\n\n\n\n<figure class=\"wp-block-image size-large\"><img loading=\"lazy\" width=\"1536\" height=\"2048\" data-id=\"7703\"  src=\"https:\/\/fcbuetschwil.ch\/neu\/wp-content\/uploads\/2025\/03\/PHOTO-2025-03-05-14-52-37-4.jpg\" alt=\"\" class=\"wp-image-7703\" srcset=\"https:\/\/fcbuetschwil.ch\/neu\/wp-content\/uploads\/2025\/03\/PHOTO-2025-03-05-14-52-37-4.jpg 1536w, https:\/\/fcbuetschwil.ch\/neu\/wp-content\/uploads\/2025\/03\/PHOTO-2025-03-05-14-52-37-4-750x1000.jpg 750w, https:\/\/fcbuetschwil.ch\/neu\/wp-content\/uploads\/2025\/03\/PHOTO-2025-03-05-14-52-37-4-768x1024.jpg 768w, https:\/\/fcbuetschwil.ch\/neu\/wp-content\/uploads\/2025\/03\/PHOTO-2025-03-05-14-52-37-4-300x400.jpg 300w, https:\/\/fcbuetschwil.ch\/neu\/wp-content\/uploads\/2025\/03\/PHOTO-2025-03-05-14-52-37-4-1152x1536.jpg 1152w\" sizes=\"(max-width: 1536px) 100vw, 1536px\" \/><\/figure>\n\n\n\n<figure class=\"wp-block-image size-large\"><img loading=\"lazy\" width=\"2048\" height=\"1536\" data-id=\"7705\"  src=\"https:\/\/fcbuetschwil.ch\/neu\/wp-content\/uploads\/2025\/03\/PHOTO-2025-03-05-14-52-37-6.jpg\" alt=\"\" class=\"wp-image-7705\" srcset=\"https:\/\/fcbuetschwil.ch\/neu\/wp-content\/uploads\/2025\/03\/PHOTO-2025-03-05-14-52-37-6.jpg 2048w, https:\/\/fcbuetschwil.ch\/neu\/wp-content\/uploads\/2025\/03\/PHOTO-2025-03-05-14-52-37-6-1000x750.jpg 1000w, https:\/\/fcbuetschwil.ch\/neu\/wp-content\/uploads\/2025\/03\/PHOTO-2025-03-05-14-52-37-6-1024x768.jpg 1024w, https:\/\/fcbuetschwil.ch\/neu\/wp-content\/uploads\/2025\/03\/PHOTO-2025-03-05-14-52-37-6-768x576.jpg 768w, https:\/\/fcbuetschwil.ch\/neu\/wp-content\/uploads\/2025\/03\/PHOTO-2025-03-05-14-52-37-6-1536x1152.jpg 1536w\" sizes=\"(max-width: 2048px) 100vw, 2048px\" \/><\/figure>\n\n\n\n<figure class=\"wp-block-image size-large\"><img loading=\"lazy\" width=\"2048\" height=\"1536\" data-id=\"7702\"  src=\"https:\/\/fcbuetschwil.ch\/neu\/wp-content\/uploads\/2025\/03\/PHOTO-2025-03-05-14-52-37-3.jpg\" alt=\"\" class=\"wp-image-7702\" srcset=\"https:\/\/fcbuetschwil.ch\/neu\/wp-content\/uploads\/2025\/03\/PHOTO-2025-03-05-14-52-37-3.jpg 2048w, https:\/\/fcbuetschwil.ch\/neu\/wp-content\/uploads\/2025\/03\/PHOTO-2025-03-05-14-52-37-3-1000x750.jpg 1000w, https:\/\/fcbuetschwil.ch\/neu\/wp-content\/uploads\/2025\/03\/PHOTO-2025-03-05-14-52-37-3-1024x768.jpg 1024w, https:\/\/fcbuetschwil.ch\/neu\/wp-content\/uploads\/2025\/03\/PHOTO-2025-03-05-14-52-37-3-768x576.jpg 768w, https:\/\/fcbuetschwil.ch\/neu\/wp-content\/uploads\/2025\/03\/PHOTO-2025-03-05-14-52-37-3-1536x1152.jpg 1536w\" sizes=\"(max-width: 2048px) 100vw, 2048px\" \/><\/figure>\n\n\n\n<figure class=\"wp-block-image size-large\"><img loading=\"lazy\" width=\"1152\" height=\"2048\" data-id=\"7707\"  src=\"https:\/\/fcbuetschwil.ch\/neu\/wp-content\/uploads\/2025\/03\/PHOTO-2025-03-05-14-52-37.jpg\" alt=\"\" class=\"wp-image-7707\" srcset=\"https:\/\/fcbuetschwil.ch\/neu\/wp-content\/uploads\/2025\/03\/PHOTO-2025-03-05-14-52-37.jpg 1152w, https:\/\/fcbuetschwil.ch\/neu\/wp-content\/uploads\/2025\/03\/PHOTO-2025-03-05-14-52-37-563x1000.jpg 563w, https:\/\/fcbuetschwil.ch\/neu\/wp-content\/uploads\/2025\/03\/PHOTO-2025-03-05-14-52-37-576x1024.jpg 576w, https:\/\/fcbuetschwil.ch\/neu\/wp-content\/uploads\/2025\/03\/PHOTO-2025-03-05-14-52-37-768x1365.jpg 768w, https:\/\/fcbuetschwil.ch\/neu\/wp-content\/uploads\/2025\/03\/PHOTO-2025-03-05-14-52-37-864x1536.jpg 864w\" sizes=\"(max-width: 1152px) 100vw, 1152px\" \/><\/figure>\n<\/figure>\n","protected":false},"excerpt":{"rendered":"<p>Am Tag 3 durften wir im Hotel den besser abgeschotteten Essbereich der abgereisten norwegischen Profis \u00fcbernehmen. Uns kommt das gelegen, so k\u00f6nnen wir uns k\u00fcnftig auch etwas vor den neugierigen Blicken des P\u00f6bels sch\u00fctzen und bei Bedarf geheime Fr\u00fchst\u00fccksvarianten einstudieren. Nach den Fr\u00fchst\u00fccksvarianten ging es wieder aufs Feld, um dort defensive und offensive Eckballvarianten einzu\u00fcben.&nbsp;&hellip;&nbsp;<a href=\"https:\/\/fcbuetschwil.ch\/neu\/trainingslager-aeaes-tag-3\/\" class=\"\" rel=\"bookmark\">Weiterlesen &raquo;<span class=\"screen-reader-text\">Trainingslager \u00c4\u00e4s &#8211; Tag 3<\/span><\/a><\/p>\n","protected":false},"author":7,"featured_media":7700,"comment_status":"open","ping_status":"open","sticky":false,"template":"","format":"standard","meta":{"inline_featured_image":false,"_mi_skip_tracking":false,"kia_subtitle":"Marbella 2025 - 3. Tagebucheintrag","neve_meta_sidebar":"","neve_meta_container":"","neve_meta_enable_content_width":"","neve_meta_content_width":0,"neve_meta_title_alignment":"","neve_meta_author_avatar":"","neve_post_elements_order":"","neve_meta_disable_header":"","neve_meta_disable_footer":"","neve_meta_disable_title":""},"categories":[55,34],"tags":[],"_links":{"self":[{"href":"https:\/\/fcbuetschwil.ch\/neu\/wp-json\/wp\/v2\/posts\/7612"}],"collection":[{"href":"https:\/\/fcbuetschwil.ch\/neu\/wp-json\/wp\/v2\/posts"}],"about":[{"href":"https:\/\/fcbuetschwil.ch\/neu\/wp-json\/wp\/v2\/types\/post"}],"author":[{"embeddable":true,"href":"https:\/\/fcbuetschwil.ch\/neu\/wp-json\/wp\/v2\/users\/7"}],"replies":[{"embeddable":true,"href":"https:\/\/fcbuetschwil.ch\/neu\/wp-json\/wp\/v2\/comments?post=7612"}],"version-history":[{"count":6,"href":"https:\/\/fcbuetschwil.ch\/neu\/wp-json\/wp\/v2\/posts\/7612\/revisions"}],"predecessor-version":[{"id":7712,"href":"https:\/\/fcbuetschwil.ch\/neu\/wp-json\/wp\/v2\/posts\/7612\/revisions\/7712"}],"wp:featuredmedia":[{"embeddable":true,"href":"https:\/\/fcbuetschwil.ch\/neu\/wp-json\/wp\/v2\/media\/7700"}],"wp:attachment":[{"href":"https:\/\/fcbuetschwil.ch\/neu\/wp-json\/wp\/v2\/media?parent=7612"}],"wp:term":[{"taxonomy":"category","embeddable":true,"href":"https:\/\/fcbuetschwil.ch\/neu\/wp-json\/wp\/v2\/categories?post=7612"},{"taxonomy":"post_tag","embeddable":true,"href":"https:\/\/fcbuetschwil.ch\/neu\/wp-json\/wp\/v2\/tags?post=7612"}],"curies":[{"name":"wp","href":"https:\/\/api.w.org\/{rel}","templated":true}]}}