{"id":7608,"date":"2025-03-04T20:56:44","date_gmt":"2025-03-04T18:56:44","guid":{"rendered":"https:\/\/fcbuetschwil.ch\/neu\/?p=7608"},"modified":"2025-03-04T20:56:47","modified_gmt":"2025-03-04T18:56:47","slug":"trainingslager-aeaes-tag-2","status":"publish","type":"post","link":"https:\/\/fcbuetschwil.ch\/neu\/trainingslager-aeaes-tag-2\/","title":{"rendered":"Trainingslager \u00c4\u00e4s &#8211; Tag 2"},"content":{"rendered":"\n<p>Der zweite Tag unseres Trainingslagers begann mit einer frischen Brise, die selbst Mittelfeldabr\u00e4umer Sevi aus dem windgesch\u00fctzten Dreien zu der poetischen Feststellung verleitete: \u201eDo loftets de Rege sch\u00f6 weg!\u201c \u2013 eine charmante Umschreibung f\u00fcr den Wind, der uns den Regen vom Leib hielt. Dieser Wind war wohl auch der Grund, warum ein Ball auf dem Gym-Zelt landete, wo unsere \u201eUpdate Fitness\u201c-Truppe rund um Kurzhantelfanatiker Marc O. und Chestday-Gian ihre Muskeln aufw\u00e4rmte. Unsere Torh\u00fcter, die bereits im Training mit Paraden gl\u00e4nzten, sahen keinen Grund, den Ball zu retten \u2013 das \u00fcbernahm dann Rapha F., mit einem zirkusw\u00fcrdigen Auftritt.<\/p>\n\n\n\n<p>Zum Mittagessen gab es wieder ein k\u00f6stliches Buffet, das jedoch unserem Assistenten, der sich mit einer Grippe im Quarant\u00e4nezimmer befindet, vorenthalten blieb. Die Redewendung \u201een chalte Schluck Pe\u201c fand so ihre humorvolle Neuinterpretation. Wir w\u00fcnschen ihm von der Redaktion aus gute Besserung \u2013 w\u00e4hrend er letzes Jahr beim Bus-Inferno noch knapp um einen Gef\u00e4ngnisaufenthalt herumkam, wird ihm daf\u00fcr nun das Essen wie im Gef\u00e4ngnis geliefert. Wir hoffen, dass es zumindest schmeckt!<\/p>\n\n\n\n<p>Unsere Physio-Expertin Sarah, normalerweise eine Koryph\u00e4e in ihrem Bereich, war sichtlich nerv\u00f6s vor ihrem Nachmittags-Vortrag \u00fcber Physis und Psyche. Der Haupttrainer, der versehentlich die linke Pfeiltaste mit Backspace verwechselte, trug nicht zur Beruhigung bei. Doch am Ende waren alle Spieler erleichtert zu erfahren, dass beim Skifahren ein grosser Unterschied sp\u00fcrbar sei, ob man Wasser trinke oder nicht \u2013 eine subtile Anspielung auf die Vorz\u00fcge von weniger alkoholischen Getr\u00e4nken.<\/p>\n\n\n\n<p>Der Nachmittag stand im Zeichen der Zimmerchallenge, und die Mannschaft fand sich auf dem Platz zu einer Runde Fussballgolf wieder. Gruppe 1 triumphierte in einem packenden Duell. Dabei war die halbe Mannschaft fasziniert von Silvan F.s abgerissenem Muskelb\u00fcndel im Oberschenkel, das sich wie ein ungebetener Gast an einem ungewohnten Ort eingenistet hat \u2013 es bewegt sich ein wenig, n\u00fctzt keinem, schadet aber auch nicht. Aus dem Gemurmel der Beibachtenden heraus entstand die Theorie, dass Silvio \u201eWadenwunder\u201c T.s genetischer Wadenvorteil vielleicht auch durch ein solches Muskelb\u00fcndel entstanden ist, das den Weg bis unters Knie gefunden hat.<\/p>\n\n\n\n<p>Nach dem Abendessen erlebte Claudio B. sein erstes Mal \u2013 und das war nicht zu \u00fcberh\u00f6ren. Seine Brunstrufe lockten immer mehr Spieler in das Zimmer des Geschehens. Als die Hosen wieder hochgezogen waren, war die Behandlung abgeschlossen. Der arme Kerl musste sich vor neun Schaulustigen das erste Mal eine Nadel in den Oberschenkel stecken lassen, um die Regeneration anzuregen. Wir hoffen, es hat geholfen. Ruedi kommentierte trocken: \u201eSarah sei wie ein Appenzeller Bless: loht n\u00fcmme los.\u201c<\/p>\n\n\n\n<p>So endete ein weiterer ereignisreicher Tag in Marbella!<\/p>\n\n\n\n<figure class=\"wp-block-image size-large\"><img loading=\"lazy\" width=\"1024\" height=\"576\" src=\"https:\/\/fcbuetschwil.ch\/neu\/wp-content\/uploads\/2025\/03\/39f95bfe-742a-40ef-8d1a-522cd6045595-1024x576.jpg\" alt=\"\" class=\"wp-image-7692\" srcset=\"https:\/\/fcbuetschwil.ch\/neu\/wp-content\/uploads\/2025\/03\/39f95bfe-742a-40ef-8d1a-522cd6045595-1024x576.jpg 1024w, https:\/\/fcbuetschwil.ch\/neu\/wp-content\/uploads\/2025\/03\/39f95bfe-742a-40ef-8d1a-522cd6045595-1000x563.jpg 1000w, https:\/\/fcbuetschwil.ch\/neu\/wp-content\/uploads\/2025\/03\/39f95bfe-742a-40ef-8d1a-522cd6045595-768x432.jpg 768w, https:\/\/fcbuetschwil.ch\/neu\/wp-content\/uploads\/2025\/03\/39f95bfe-742a-40ef-8d1a-522cd6045595-1536x864.jpg 1536w, https:\/\/fcbuetschwil.ch\/neu\/wp-content\/uploads\/2025\/03\/39f95bfe-742a-40ef-8d1a-522cd6045595.jpg 2048w\" sizes=\"(max-width: 1024px) 100vw, 1024px\" \/><\/figure>\n\n\n\n<figure class=\"wp-block-image size-large\"><img loading=\"lazy\" width=\"1024\" height=\"768\" src=\"https:\/\/fcbuetschwil.ch\/neu\/wp-content\/uploads\/2025\/03\/37f9ca93-4244-4a6d-b569-f78957e2d00c-1024x768.jpg\" alt=\"\" class=\"wp-image-7693\" srcset=\"https:\/\/fcbuetschwil.ch\/neu\/wp-content\/uploads\/2025\/03\/37f9ca93-4244-4a6d-b569-f78957e2d00c-1024x768.jpg 1024w, https:\/\/fcbuetschwil.ch\/neu\/wp-content\/uploads\/2025\/03\/37f9ca93-4244-4a6d-b569-f78957e2d00c-1000x750.jpg 1000w, https:\/\/fcbuetschwil.ch\/neu\/wp-content\/uploads\/2025\/03\/37f9ca93-4244-4a6d-b569-f78957e2d00c-768x576.jpg 768w, https:\/\/fcbuetschwil.ch\/neu\/wp-content\/uploads\/2025\/03\/37f9ca93-4244-4a6d-b569-f78957e2d00c-1536x1152.jpg 1536w, https:\/\/fcbuetschwil.ch\/neu\/wp-content\/uploads\/2025\/03\/37f9ca93-4244-4a6d-b569-f78957e2d00c.jpg 1600w\" sizes=\"(max-width: 1024px) 100vw, 1024px\" \/><\/figure>\n\n\n\n<figure class=\"wp-container-2 wp-block-gallery-1 wp-block-gallery has-nested-images columns-default is-cropped\">\n<figure class=\"wp-block-image size-large\"><img loading=\"lazy\" width=\"1024\" height=\"768\" data-id=\"7694\"  src=\"https:\/\/fcbuetschwil.ch\/neu\/wp-content\/uploads\/2025\/03\/5392a25c-e891-4201-bdc3-dc86bf566746-1024x768.jpg\" alt=\"\" class=\"wp-image-7694\" srcset=\"https:\/\/fcbuetschwil.ch\/neu\/wp-content\/uploads\/2025\/03\/5392a25c-e891-4201-bdc3-dc86bf566746-1024x768.jpg 1024w, https:\/\/fcbuetschwil.ch\/neu\/wp-content\/uploads\/2025\/03\/5392a25c-e891-4201-bdc3-dc86bf566746-1000x750.jpg 1000w, https:\/\/fcbuetschwil.ch\/neu\/wp-content\/uploads\/2025\/03\/5392a25c-e891-4201-bdc3-dc86bf566746-768x576.jpg 768w, https:\/\/fcbuetschwil.ch\/neu\/wp-content\/uploads\/2025\/03\/5392a25c-e891-4201-bdc3-dc86bf566746.jpg 1536w\" sizes=\"(max-width: 1024px) 100vw, 1024px\" \/><\/figure>\n<\/figure>\n\n\n\n<figure class=\"wp-block-image size-large\"><img loading=\"lazy\" width=\"1024\" height=\"768\" src=\"https:\/\/fcbuetschwil.ch\/neu\/wp-content\/uploads\/2025\/03\/a116f0e0-39b7-413f-a1af-cbf0b7b0eb26-1024x768.jpg\" alt=\"\" class=\"wp-image-7695\" srcset=\"https:\/\/fcbuetschwil.ch\/neu\/wp-content\/uploads\/2025\/03\/a116f0e0-39b7-413f-a1af-cbf0b7b0eb26-1024x768.jpg 1024w, https:\/\/fcbuetschwil.ch\/neu\/wp-content\/uploads\/2025\/03\/a116f0e0-39b7-413f-a1af-cbf0b7b0eb26-1000x750.jpg 1000w, https:\/\/fcbuetschwil.ch\/neu\/wp-content\/uploads\/2025\/03\/a116f0e0-39b7-413f-a1af-cbf0b7b0eb26-768x576.jpg 768w, https:\/\/fcbuetschwil.ch\/neu\/wp-content\/uploads\/2025\/03\/a116f0e0-39b7-413f-a1af-cbf0b7b0eb26-1536x1152.jpg 1536w, https:\/\/fcbuetschwil.ch\/neu\/wp-content\/uploads\/2025\/03\/a116f0e0-39b7-413f-a1af-cbf0b7b0eb26.jpg 1600w\" sizes=\"(max-width: 1024px) 100vw, 1024px\" \/><\/figure>\n\n\n\n<figure class=\"wp-block-image size-large\"><img loading=\"lazy\" width=\"1024\" height=\"768\" src=\"https:\/\/fcbuetschwil.ch\/neu\/wp-content\/uploads\/2025\/03\/fdc78b18-081f-4cb0-ab33-5a5661094360-1024x768.jpg\" alt=\"\" class=\"wp-image-7696\" srcset=\"https:\/\/fcbuetschwil.ch\/neu\/wp-content\/uploads\/2025\/03\/fdc78b18-081f-4cb0-ab33-5a5661094360-1024x768.jpg 1024w, https:\/\/fcbuetschwil.ch\/neu\/wp-content\/uploads\/2025\/03\/fdc78b18-081f-4cb0-ab33-5a5661094360-1000x750.jpg 1000w, https:\/\/fcbuetschwil.ch\/neu\/wp-content\/uploads\/2025\/03\/fdc78b18-081f-4cb0-ab33-5a5661094360-768x576.jpg 768w, https:\/\/fcbuetschwil.ch\/neu\/wp-content\/uploads\/2025\/03\/fdc78b18-081f-4cb0-ab33-5a5661094360-1536x1152.jpg 1536w, https:\/\/fcbuetschwil.ch\/neu\/wp-content\/uploads\/2025\/03\/fdc78b18-081f-4cb0-ab33-5a5661094360.jpg 2048w\" sizes=\"(max-width: 1024px) 100vw, 1024px\" \/><\/figure>\n","protected":false},"excerpt":{"rendered":"<p>Der zweite Tag unseres Trainingslagers begann mit einer frischen Brise, die selbst Mittelfeldabr\u00e4umer Sevi aus dem windgesch\u00fctzten Dreien zu der poetischen Feststellung verleitete: \u201eDo loftets de Rege sch\u00f6 weg!\u201c \u2013 eine charmante Umschreibung f\u00fcr den Wind, der uns den Regen vom Leib hielt. Dieser Wind war wohl auch der Grund, warum ein Ball auf dem&hellip;&nbsp;<a href=\"https:\/\/fcbuetschwil.ch\/neu\/trainingslager-aeaes-tag-2\/\" class=\"\" rel=\"bookmark\">Weiterlesen &raquo;<span class=\"screen-reader-text\">Trainingslager \u00c4\u00e4s &#8211; Tag 2<\/span><\/a><\/p>\n","protected":false},"author":7,"featured_media":7692,"comment_status":"open","ping_status":"open","sticky":false,"template":"","format":"standard","meta":{"inline_featured_image":false,"_mi_skip_tracking":false,"kia_subtitle":"Marbella 2025 - 2. Tagebucheintrag","neve_meta_sidebar":"","neve_meta_container":"","neve_meta_enable_content_width":"","neve_meta_content_width":0,"neve_meta_title_alignment":"","neve_meta_author_avatar":"","neve_post_elements_order":"","neve_meta_disable_header":"","neve_meta_disable_footer":"","neve_meta_disable_title":""},"categories":[55,34],"tags":[],"_links":{"self":[{"href":"https:\/\/fcbuetschwil.ch\/neu\/wp-json\/wp\/v2\/posts\/7608"}],"collection":[{"href":"https:\/\/fcbuetschwil.ch\/neu\/wp-json\/wp\/v2\/posts"}],"about":[{"href":"https:\/\/fcbuetschwil.ch\/neu\/wp-json\/wp\/v2\/types\/post"}],"author":[{"embeddable":true,"href":"https:\/\/fcbuetschwil.ch\/neu\/wp-json\/wp\/v2\/users\/7"}],"replies":[{"embeddable":true,"href":"https:\/\/fcbuetschwil.ch\/neu\/wp-json\/wp\/v2\/comments?post=7608"}],"version-history":[{"count":3,"href":"https:\/\/fcbuetschwil.ch\/neu\/wp-json\/wp\/v2\/posts\/7608\/revisions"}],"predecessor-version":[{"id":7697,"href":"https:\/\/fcbuetschwil.ch\/neu\/wp-json\/wp\/v2\/posts\/7608\/revisions\/7697"}],"wp:featuredmedia":[{"embeddable":true,"href":"https:\/\/fcbuetschwil.ch\/neu\/wp-json\/wp\/v2\/media\/7692"}],"wp:attachment":[{"href":"https:\/\/fcbuetschwil.ch\/neu\/wp-json\/wp\/v2\/media?parent=7608"}],"wp:term":[{"taxonomy":"category","embeddable":true,"href":"https:\/\/fcbuetschwil.ch\/neu\/wp-json\/wp\/v2\/categories?post=7608"},{"taxonomy":"post_tag","embeddable":true,"href":"https:\/\/fcbuetschwil.ch\/neu\/wp-json\/wp\/v2\/tags?post=7608"}],"curies":[{"name":"wp","href":"https:\/\/api.w.org\/{rel}","templated":true}]}}