{"id":7606,"date":"2025-03-03T16:04:59","date_gmt":"2025-03-03T14:04:59","guid":{"rendered":"https:\/\/fcbuetschwil.ch\/neu\/?p=7606"},"modified":"2025-03-03T16:09:54","modified_gmt":"2025-03-03T14:09:54","slug":"trainingslager-aeaes-tag-1","status":"publish","type":"post","link":"https:\/\/fcbuetschwil.ch\/neu\/trainingslager-aeaes-tag-1\/","title":{"rendered":"Trainingslager \u00c4\u00e4s &#8211; Tag 1"},"content":{"rendered":"\n<p>Ein \u201eHola\u201c aus dem S\u00fcden Spaniens an unsere lieben Leser zu Hause!&nbsp;<\/p>\n\n\n\n<p>Am Sonntag machten sich 24 Herren und eine Dame Richtung Flughafen auf. Alle mit einem g\u00fcltigen Zugbillet &#8211; ausser Leandro der Graue, dessen Lampenschirm noch etwas \u201eWackelkontakt\u201c von der Mosliger Fasnacht hatte. Capitano F\u00e4h wollte uns vor Abflug mit einem Video von den prek\u00e4ren Landeanfl\u00fcgen in Madeira Angst einjagen um dann zu erfahren, dass wir aber nach Marbella reisen &#8211; Madeira oder Marbella, Hauptsache Italien. Die Anreise nach \u201eAGP\u201c &#8211; Stammgast Claudio nennt den Flughafen Malaga nur noch im Flughafen-Fachjargon &#8211; verlief ansonsten reibungslos. Der Flughafen Malaga verwendet offenbar nicht die gleiche Delivery Software wie wir am Spaghettiplausch, weshalb die Kofferausgabe deutlich l\u00e4nger brauchte als gew\u00f6hnlich. Am Ende waren aber alle Gep\u00e4ckst\u00fccke da. Mit Raphaels \u201eTutti completo\u201c-Ruf zum Busfahrer startete die einst\u00fcndige Fahrt zu unserer famosen Residenz.<\/p>\n\n\n\n<p>Im gleichen Hotel sind auch zwei Norwegische Teams aus der h\u00f6chsten Liga, der V\u00e5lerenga Fotball Elite und SK Brann. Im Gegensatz zu den Profis k\u00f6nnen wir keinen eigenen Materialwart vorweisen, was den Organisator kurz irritierte. \u201eBi \u00fcs mached da alli achli\u201c meinte Noah mit Verweis auf die \u00c4mtliliste.&nbsp;<\/p>\n\n\n\n<p>Nach einem kurzen Mittagessen, bei dem man an Buffet versuchte, keinem millionenschweren Norweger auf den Fuss zu treten, machte man sich zum Trainingsplatz auf. Daf\u00fcr stehen unserem Team drei Minibusse und ein PW zu Verf\u00fcgung, die wir selbst fahren d\u00fcrfen\/m\u00fcssen. Das B\u00fcssli \u201eEberle Express\u201c hatte leichte Startschwierigkeiten, da der gem\u00e4ss eigener Aussage sehr ge\u00fcbte Fahrer, die Bremse mit der Kupplung verwechselte. Den R\u00fcckstand wollte Leandro, der seinerzeit in den Top3 der Welt bei MarioKart war (Aussage des Spielers, Fakt nicht gepr\u00fcft) mit Videogame \u00e4hnlichem Fahrstil aufholen. Wegen einem leichten Verfahrer gelang das nur teilweise, daf\u00fcr f\u00fchlten sich die Insassen mit ersten Schweissperlen auf der Stirn, bereits aufgew\u00e4rmt bei der Ankunft.\u00a0<\/p>\n\n\n\n<p>Empfangen wurden wir von einem saftiggr\u00fcnen Fussballplatz. Auf dem Feld nebenan fand gleichzeitig ein Testspiel zwischen Rosenborg Trondheim und Skeid Oslo statt, das torlos endete. Auch bei uns wurde getestet &#8211; als Einstieg ins Traingslager fand ein M\u00e4tschli statt &#8211; Team A gegen Team B. Trainer Ruedi agierte in der 1. HZ in der l\u00f6chrigen Abwehr von Team B, um dann gekonnt in der 2. HZ zu Team A, dem Gewinnerteam, zu wechseln.&nbsp;<\/p>\n\n\n\n<p>Hungrig von der intensiven Partie wurde das Abendessen in Angriff genommen. Und nach einem Infoteil seitens Trainerteam fand die erste traditionelle Per\u00fcckenwahl statt. \u00dcber das Buschtelefon hatte sich bereits herumgesprochen, dass Chef Oswald die altgediente Per\u00fccke zu Hause vergessen hatte. Noah kreuzte schliesslich mit der neuen Version auf, welche er sich im China-L\u00e4deli erworben hatte. F\u00fcr dieses Vergehen wurde er sogleich nominiert. Zudem wurde Kupplungsspezialist Leandro als weiteren Scheinkandidat nominiert, um den Schein der Demokratie zu wahren. Haarscharf an einer Nominierung vorbei kam ein Trainingslager-Deb\u00fctant, der f\u00fcr die acht Tage mit lediglich sieben Paar Unterhosen anreiste, davon aber zwei zu klein sind. Schlussendlich alles ohne Belang, Noah durfte seine neue Per\u00fccke gleich selbst einweihen.<\/p>\n\n\n\n<figure class=\"wp-container-2 wp-block-gallery-1 wp-block-gallery has-nested-images columns-default is-cropped\">\n<figure class=\"wp-block-image size-large\"><img loading=\"lazy\" width=\"2048\" height=\"1536\" data-id=\"7680\"  src=\"https:\/\/fcbuetschwil.ch\/neu\/wp-content\/uploads\/2025\/03\/PHOTO-2025-03-03-14-49-51.jpg\" alt=\"\" class=\"wp-image-7680\" srcset=\"https:\/\/fcbuetschwil.ch\/neu\/wp-content\/uploads\/2025\/03\/PHOTO-2025-03-03-14-49-51.jpg 2048w, https:\/\/fcbuetschwil.ch\/neu\/wp-content\/uploads\/2025\/03\/PHOTO-2025-03-03-14-49-51-1000x750.jpg 1000w, https:\/\/fcbuetschwil.ch\/neu\/wp-content\/uploads\/2025\/03\/PHOTO-2025-03-03-14-49-51-1024x768.jpg 1024w, https:\/\/fcbuetschwil.ch\/neu\/wp-content\/uploads\/2025\/03\/PHOTO-2025-03-03-14-49-51-768x576.jpg 768w, https:\/\/fcbuetschwil.ch\/neu\/wp-content\/uploads\/2025\/03\/PHOTO-2025-03-03-14-49-51-1536x1152.jpg 1536w\" sizes=\"(max-width: 2048px) 100vw, 2048px\" \/><\/figure>\n\n\n\n<figure class=\"wp-block-image size-large\"><img loading=\"lazy\" width=\"2048\" height=\"1536\" data-id=\"7684\"  src=\"https:\/\/fcbuetschwil.ch\/neu\/wp-content\/uploads\/2025\/03\/PHOTO-2025-03-03-14-49-52-2.jpg\" alt=\"\" class=\"wp-image-7684\" srcset=\"https:\/\/fcbuetschwil.ch\/neu\/wp-content\/uploads\/2025\/03\/PHOTO-2025-03-03-14-49-52-2.jpg 2048w, https:\/\/fcbuetschwil.ch\/neu\/wp-content\/uploads\/2025\/03\/PHOTO-2025-03-03-14-49-52-2-1000x750.jpg 1000w, https:\/\/fcbuetschwil.ch\/neu\/wp-content\/uploads\/2025\/03\/PHOTO-2025-03-03-14-49-52-2-1024x768.jpg 1024w, https:\/\/fcbuetschwil.ch\/neu\/wp-content\/uploads\/2025\/03\/PHOTO-2025-03-03-14-49-52-2-768x576.jpg 768w, https:\/\/fcbuetschwil.ch\/neu\/wp-content\/uploads\/2025\/03\/PHOTO-2025-03-03-14-49-52-2-1536x1152.jpg 1536w\" sizes=\"(max-width: 2048px) 100vw, 2048px\" \/><\/figure>\n\n\n\n<figure class=\"wp-block-image size-large\"><img loading=\"lazy\" width=\"2048\" height=\"1536\" data-id=\"7685\"  src=\"https:\/\/fcbuetschwil.ch\/neu\/wp-content\/uploads\/2025\/03\/PHOTO-2025-03-03-14-49-52-3.jpg\" alt=\"\" class=\"wp-image-7685\" srcset=\"https:\/\/fcbuetschwil.ch\/neu\/wp-content\/uploads\/2025\/03\/PHOTO-2025-03-03-14-49-52-3.jpg 2048w, https:\/\/fcbuetschwil.ch\/neu\/wp-content\/uploads\/2025\/03\/PHOTO-2025-03-03-14-49-52-3-1000x750.jpg 1000w, https:\/\/fcbuetschwil.ch\/neu\/wp-content\/uploads\/2025\/03\/PHOTO-2025-03-03-14-49-52-3-1024x768.jpg 1024w, https:\/\/fcbuetschwil.ch\/neu\/wp-content\/uploads\/2025\/03\/PHOTO-2025-03-03-14-49-52-3-768x576.jpg 768w, https:\/\/fcbuetschwil.ch\/neu\/wp-content\/uploads\/2025\/03\/PHOTO-2025-03-03-14-49-52-3-1536x1152.jpg 1536w\" sizes=\"(max-width: 2048px) 100vw, 2048px\" \/><\/figure>\n\n\n\n<figure class=\"wp-block-image size-large\"><img loading=\"lazy\" width=\"2048\" height=\"1536\" data-id=\"7686\"  src=\"https:\/\/fcbuetschwil.ch\/neu\/wp-content\/uploads\/2025\/03\/57827898-1c40-473c-a830-88c1f0476695.jpg\" alt=\"\" class=\"wp-image-7686\" srcset=\"https:\/\/fcbuetschwil.ch\/neu\/wp-content\/uploads\/2025\/03\/57827898-1c40-473c-a830-88c1f0476695.jpg 2048w, https:\/\/fcbuetschwil.ch\/neu\/wp-content\/uploads\/2025\/03\/57827898-1c40-473c-a830-88c1f0476695-1000x750.jpg 1000w, https:\/\/fcbuetschwil.ch\/neu\/wp-content\/uploads\/2025\/03\/57827898-1c40-473c-a830-88c1f0476695-1024x768.jpg 1024w, https:\/\/fcbuetschwil.ch\/neu\/wp-content\/uploads\/2025\/03\/57827898-1c40-473c-a830-88c1f0476695-768x576.jpg 768w, https:\/\/fcbuetschwil.ch\/neu\/wp-content\/uploads\/2025\/03\/57827898-1c40-473c-a830-88c1f0476695-1536x1152.jpg 1536w\" sizes=\"(max-width: 2048px) 100vw, 2048px\" \/><\/figure>\n\n\n\n<figure class=\"wp-block-image size-large\"><img loading=\"lazy\" width=\"1200\" height=\"1600\" data-id=\"7687\"  src=\"https:\/\/fcbuetschwil.ch\/neu\/wp-content\/uploads\/2025\/03\/bc3c1980-1dc8-4674-8235-c2b6cab90801.jpg\" alt=\"\" class=\"wp-image-7687\" srcset=\"https:\/\/fcbuetschwil.ch\/neu\/wp-content\/uploads\/2025\/03\/bc3c1980-1dc8-4674-8235-c2b6cab90801.jpg 1200w, https:\/\/fcbuetschwil.ch\/neu\/wp-content\/uploads\/2025\/03\/bc3c1980-1dc8-4674-8235-c2b6cab90801-750x1000.jpg 750w, https:\/\/fcbuetschwil.ch\/neu\/wp-content\/uploads\/2025\/03\/bc3c1980-1dc8-4674-8235-c2b6cab90801-768x1024.jpg 768w, https:\/\/fcbuetschwil.ch\/neu\/wp-content\/uploads\/2025\/03\/bc3c1980-1dc8-4674-8235-c2b6cab90801-300x400.jpg 300w, https:\/\/fcbuetschwil.ch\/neu\/wp-content\/uploads\/2025\/03\/bc3c1980-1dc8-4674-8235-c2b6cab90801-1152x1536.jpg 1152w\" sizes=\"(max-width: 1200px) 100vw, 1200px\" \/><\/figure>\n\n\n\n<figure class=\"wp-block-image size-large\"><img loading=\"lazy\" width=\"2048\" height=\"1536\" data-id=\"7682\"  src=\"https:\/\/fcbuetschwil.ch\/neu\/wp-content\/uploads\/2025\/03\/PHOTO-2025-03-03-14-49-52-4.jpg\" alt=\"\" class=\"wp-image-7682\" srcset=\"https:\/\/fcbuetschwil.ch\/neu\/wp-content\/uploads\/2025\/03\/PHOTO-2025-03-03-14-49-52-4.jpg 2048w, https:\/\/fcbuetschwil.ch\/neu\/wp-content\/uploads\/2025\/03\/PHOTO-2025-03-03-14-49-52-4-1000x750.jpg 1000w, https:\/\/fcbuetschwil.ch\/neu\/wp-content\/uploads\/2025\/03\/PHOTO-2025-03-03-14-49-52-4-1024x768.jpg 1024w, https:\/\/fcbuetschwil.ch\/neu\/wp-content\/uploads\/2025\/03\/PHOTO-2025-03-03-14-49-52-4-768x576.jpg 768w, https:\/\/fcbuetschwil.ch\/neu\/wp-content\/uploads\/2025\/03\/PHOTO-2025-03-03-14-49-52-4-1536x1152.jpg 1536w\" sizes=\"(max-width: 2048px) 100vw, 2048px\" \/><\/figure>\n\n\n\n<figure class=\"wp-block-image size-large\"><img loading=\"lazy\" width=\"1344\" height=\"756\" data-id=\"7681\"  src=\"https:\/\/fcbuetschwil.ch\/neu\/wp-content\/uploads\/2025\/03\/PHOTO-2025-03-03-14-49-52.jpg\" alt=\"\" class=\"wp-image-7681\" srcset=\"https:\/\/fcbuetschwil.ch\/neu\/wp-content\/uploads\/2025\/03\/PHOTO-2025-03-03-14-49-52.jpg 1344w, https:\/\/fcbuetschwil.ch\/neu\/wp-content\/uploads\/2025\/03\/PHOTO-2025-03-03-14-49-52-1000x563.jpg 1000w, https:\/\/fcbuetschwil.ch\/neu\/wp-content\/uploads\/2025\/03\/PHOTO-2025-03-03-14-49-52-1024x576.jpg 1024w, https:\/\/fcbuetschwil.ch\/neu\/wp-content\/uploads\/2025\/03\/PHOTO-2025-03-03-14-49-52-768x432.jpg 768w\" sizes=\"(max-width: 1344px) 100vw, 1344px\" \/><\/figure>\n<\/figure>\n","protected":false},"excerpt":{"rendered":"<p>Ein \u201eHola\u201c aus dem S\u00fcden Spaniens an unsere lieben Leser zu Hause!&nbsp; Am Sonntag machten sich 24 Herren und eine Dame Richtung Flughafen auf. Alle mit einem g\u00fcltigen Zugbillet &#8211; ausser Leandro der Graue, dessen Lampenschirm noch etwas \u201eWackelkontakt\u201c von der Mosliger Fasnacht hatte. Capitano F\u00e4h wollte uns vor Abflug mit einem Video von den&hellip;&nbsp;<a href=\"https:\/\/fcbuetschwil.ch\/neu\/trainingslager-aeaes-tag-1\/\" class=\"\" rel=\"bookmark\">Weiterlesen &raquo;<span class=\"screen-reader-text\">Trainingslager \u00c4\u00e4s &#8211; Tag 1<\/span><\/a><\/p>\n","protected":false},"author":7,"featured_media":7680,"comment_status":"open","ping_status":"open","sticky":false,"template":"","format":"standard","meta":{"inline_featured_image":false,"_mi_skip_tracking":false,"kia_subtitle":"Marbella 2025 - 1. Tagebucheintrag","neve_meta_sidebar":"","neve_meta_container":"","neve_meta_enable_content_width":"","neve_meta_content_width":0,"neve_meta_title_alignment":"","neve_meta_author_avatar":"","neve_post_elements_order":"","neve_meta_disable_header":"","neve_meta_disable_footer":"","neve_meta_disable_title":""},"categories":[55,34],"tags":[],"_links":{"self":[{"href":"https:\/\/fcbuetschwil.ch\/neu\/wp-json\/wp\/v2\/posts\/7606"}],"collection":[{"href":"https:\/\/fcbuetschwil.ch\/neu\/wp-json\/wp\/v2\/posts"}],"about":[{"href":"https:\/\/fcbuetschwil.ch\/neu\/wp-json\/wp\/v2\/types\/post"}],"author":[{"embeddable":true,"href":"https:\/\/fcbuetschwil.ch\/neu\/wp-json\/wp\/v2\/users\/7"}],"replies":[{"embeddable":true,"href":"https:\/\/fcbuetschwil.ch\/neu\/wp-json\/wp\/v2\/comments?post=7606"}],"version-history":[{"count":5,"href":"https:\/\/fcbuetschwil.ch\/neu\/wp-json\/wp\/v2\/posts\/7606\/revisions"}],"predecessor-version":[{"id":7691,"href":"https:\/\/fcbuetschwil.ch\/neu\/wp-json\/wp\/v2\/posts\/7606\/revisions\/7691"}],"wp:featuredmedia":[{"embeddable":true,"href":"https:\/\/fcbuetschwil.ch\/neu\/wp-json\/wp\/v2\/media\/7680"}],"wp:attachment":[{"href":"https:\/\/fcbuetschwil.ch\/neu\/wp-json\/wp\/v2\/media?parent=7606"}],"wp:term":[{"taxonomy":"category","embeddable":true,"href":"https:\/\/fcbuetschwil.ch\/neu\/wp-json\/wp\/v2\/categories?post=7606"},{"taxonomy":"post_tag","embeddable":true,"href":"https:\/\/fcbuetschwil.ch\/neu\/wp-json\/wp\/v2\/tags?post=7606"}],"curies":[{"name":"wp","href":"https:\/\/api.w.org\/{rel}","templated":true}]}}