{"id":7581,"date":"2025-02-20T11:25:20","date_gmt":"2025-02-20T09:25:20","guid":{"rendered":"https:\/\/fcbuetschwil.ch\/neu\/?p=7581"},"modified":"2025-02-20T11:25:23","modified_gmt":"2025-02-20T09:25:23","slug":"trainingslager-fft1-2025-tag-3","status":"publish","type":"post","link":"https:\/\/fcbuetschwil.ch\/neu\/trainingslager-fft1-2025-tag-3\/","title":{"rendered":"Trainingslager FFT1 2025 &#8211; Tag 3"},"content":{"rendered":"\n<p>Trainingslager 2025 \u2013 3. Tagebucheintrag&nbsp;<\/p>\n\n\n\n<p>Mittwoch, 19. Februar 2025&nbsp;<\/p>\n\n\n\n<p>Die Nacht war kurz, der Schlaf sehr tief und die Sonne rief! Nach ausf\u00fchrlichen und etwas \u00fcberdezibellierten Late Night Talks in den G\u00e4ngen tiefer Teppichlandschaften k\u00e4mpfte man sich aus dem Nest. Noch etwas verdr\u00fcckt stieg uns beim \u00d6ffnen der Zimmert\u00fcre ein Schwall frisch-feuchter Fussballschuhessenz in die Nase. Beim Buffet wurde trotz den kleinen Augen gross gebiegen.&nbsp;<\/p>\n\n\n\n<p>Mit Sonne im Gesicht startete der Kader das intensive 3. Training im Zeichen des Positionswechsels. Im Tunnelblick f\u00fcr die Basics und Organisiertheit auf dem Platz, brannten neben dem Platz die Rebellinen in uns in Sachen Ordnung durch. Die Sauornig wurde heimlifeiss von Coach M.O. erfasst. Auch Torwarttrainer M.F. kam ihm vor die Linse, als dieser sich ebenfalls als Fotograf ins Zeug legte und eine elegante Meerjungfrauenposition einnahm. Aus Datenschutztechnischen Gr\u00fcnden wird diese Aufnahme hier nicht publiziert. Bei der Torabschluss\u00fcbung lautete die einzige Regel wie folgt: Wer den Ball \u00fcber das Geh\u00e4use h\u00e4mmert, unterst\u00fctzt die kleine Meerjungfrau M.F. bei ihrem ersten Schwumm im Pool. Dieser ist n\u00e4mlich noch geschuldet, da es sich um den letzten Koffer auf dem Band bei der Anreise handelte. Unsere Brownie F.B., die integrierte Z\u00fcrcherin S.B., das neu gek\u00fcrte Cambridge C1-Girl M.H. sowie die Kleinste mit dem ebenso schweren Koffer S.B. konnten dem Drang nicht widerstehen, das Runde \u00fcber die Querlatte zu t\u00fcpfieren. Strafe folgt.&nbsp;<\/p>\n\n\n\n<p>Gemeinsam begaben wir uns zum sehr \u00fcberhitzten Fumoir-Mobil inkl. dem in Daunen gekleideten Chauffeur. Die R\u00fcckfahrt dauerte heute extra lang, so dass unsere DJane S.H. fast schon \u00fcberfordert wurde und einen zweiten Song auflegen musste. Um vor ihrer Aufregung abzulenken, verwies sie auf die aussergew\u00f6hnliche H\u00fcgellandschaft zu unserer Rechten. Angekommen im Komplex leitete Trainer M.O. s\u00e4mtliche Passagiere direkt in Richtung Poolanlage um. Harmlos knipsten wir das allj\u00e4hrliche Teamfoto vor dem Pool und der Badegspass konnte beginnen. Fast unbemerkt und sehr pflichtbewusst setzte Arielle eine Arschbombe ins k\u00fchle Nass. Die Aufmerksamkeit der anderen Hotelg\u00e4ste galt somit der Toggenburger Fraktion. Danke daf\u00fcr. Die Schulden des oben erw\u00e4hnten Quartetts wurden wohl oder \u00fcbel ebenfalls beglichen. Weil die vorherigen Waschg\u00e4nge noch Flecken aufwiesen, wird gemunkelt, dass die W\u00e4sche aufgrund des gestrigen Regens nur im Tumbler aufbereitet wurde. Deshalb nutzten nun auch weitere Spielerinnen die Gelegenheit den Vorwaschgang zu starten und sprangen freiwillig oder unfreiwillig in das 13.5\u00b0 temperierte Becken. Nach dem Spektakel sammelten unsere W\u00f6schfrauen F.B., V.K. und M.H. die pflotschnassen Tenues ein und h\u00e4ndigten die saubere Charge wieder aus. Unabgeholt blieb lediglich eine unidentifizierbare, mysteri\u00f6se Unterhose. Die Zimmerkumpanin von B.H. packte aus Sicherheitsgr\u00fcnden wohl mehr Dreckw\u00e4sche ein als erlaubt. Sauberkeit geht vor \u2013 ganz klar. Danke an C.H. von Redaktionsmitglied B.H.!&nbsp;<\/p>\n\n\n\n<p>F\u00fcr Unordnung sorgte Coach P.H. bei der Platzwahl zum Mittagessen. Absichtlich manipulierte er die mit Handys vorreservierte Sitzordnung der Spielerinnen. Wahrscheinlich war dieser immer noch in das Thema des Positionswechsels vertieft.&nbsp;<\/p>\n\n\n\n<p>Der Nachmittag konnte der Regeneration freier Wahl gewidmet werden. Alle genossen das sch\u00f6ne Wetter, ob beim Volleyballspiel, auf dem Bazar oder am Pool. Speziell erw\u00e4hnen m\u00f6chten wir unseren Gfr\u00f6\u00f6hrli S.B. aus dem Gschnetzlets-Gebiet ZH. Unverst\u00e4ndlich trainierte sie heute bei windstillen 20\u00b0 in langen Trainerhosen und entschied sich am Nachmittag aufgrund des ungeplanten Saunagangs am Morgen, ohne Thermoleibchen unter ihrem Bikini an den z\u00fcchigen Pool. W\u00e4hrenddessen funktionierte unsere C.H. ihr Lymphtape zu einer improvisierten Variante eines m\u00f6glichen Fastnachtskost\u00fcms um, bis sie bemerkte, dass die Kaffee-Stube an der B\u00fctschwiler Fastnacht traurigerweise dieses Jahr ohne sie auskommen muss.&nbsp;&nbsp;<\/p>\n\n\n\n<p>Mit vollgestopften Hosentaschen \u00fcberraschten uns die bekannten Shopping-Queens V.K. und F.B. mit einem Haufen gratis Pr\u00e4senten vom Bazar. Dank den beiden Bazar-Chicks ist das Team inkl. Staff nun mit geschm\u00fcckten Handgelenkten unterwegs.&nbsp;<\/p>\n\n\n\n<p>Am Morgen noch auf den letzten Dr\u00fccker aufgetaucht, blieb das Zimmer B.H. und C.H. am Abend ganz weg. F\u00fcr das massiv versp\u00e4tete Auftauchen zur n\u00e4chsten Challenge-Runde, stellte sich die Bussenchefin gleich selbst einen Strafzettel aus. Wegen diesem Fauxpas blieb der versuchte Abzweiger der Ebnat-Kapplerin S.B. in Richtung Buffet anstatt Sitzungszimmer beinahe unbemerkt. Als endlich alle verlorenen Seelen vor Ort waren, startete Team C mit der Stadt-Land-Fluss Challenge par excellence. Gesucht wurden unter anderem aussergew\u00f6hnliche Hobbys, Todesursachen und K\u00fcndigungsgr\u00fcnde. Die Diskussionen waren vorprogrammiert und endeten mit der Zeit zum Abendessen. Ihr seid sicher gespannt, ob wir euch am n\u00e4chsten Tag wieder mit unseren Texten erfreuen. Nein, wir sagen Dankesch\u00f6n, verabschieden uns und machen Platz f\u00fcr kleinere Fische.&nbsp;<\/p>\n\n\n\n<p>Redaktion Antalya Times alias M.F., B.H., L.G., D.B.&nbsp;<\/p>\n\n\n\n<div class=\"wp-container-3 wp-block-columns\">\n<div class=\"wp-container-1 wp-block-column\"><\/div>\n\n\n\n<div class=\"wp-container-2 wp-block-column\"><\/div>\n<\/div>\n\n\n\n<p><\/p>\n\n\n\n<figure class=\"wp-block-image size-large\"><img loading=\"lazy\" width=\"1024\" height=\"768\" src=\"https:\/\/fcbuetschwil.ch\/neu\/wp-content\/uploads\/2025\/02\/WhatsApp-Bild-2025-02-19-um-19.08.41_cfe96924-1024x768.jpg\" alt=\"\" class=\"wp-image-7587\" srcset=\"https:\/\/fcbuetschwil.ch\/neu\/wp-content\/uploads\/2025\/02\/WhatsApp-Bild-2025-02-19-um-19.08.41_cfe96924-1024x768.jpg 1024w, https:\/\/fcbuetschwil.ch\/neu\/wp-content\/uploads\/2025\/02\/WhatsApp-Bild-2025-02-19-um-19.08.41_cfe96924-1000x750.jpg 1000w, https:\/\/fcbuetschwil.ch\/neu\/wp-content\/uploads\/2025\/02\/WhatsApp-Bild-2025-02-19-um-19.08.41_cfe96924-768x576.jpg 768w, https:\/\/fcbuetschwil.ch\/neu\/wp-content\/uploads\/2025\/02\/WhatsApp-Bild-2025-02-19-um-19.08.41_cfe96924-1536x1152.jpg 1536w, https:\/\/fcbuetschwil.ch\/neu\/wp-content\/uploads\/2025\/02\/WhatsApp-Bild-2025-02-19-um-19.08.41_cfe96924.jpg 1600w\" sizes=\"(max-width: 1024px) 100vw, 1024px\" \/><\/figure>\n\n\n\n<div class=\"wp-container-6 wp-block-group\"><div class=\"wp-block-group__inner-container\">\n<div class=\"wp-container-5 wp-block-columns\">\n<div class=\"wp-container-4 wp-block-column\" style=\"flex-basis:100%\">\n<figure class=\"wp-block-image size-large\"><img loading=\"lazy\" width=\"1024\" height=\"681\" src=\"https:\/\/fcbuetschwil.ch\/neu\/wp-content\/uploads\/2025\/02\/DSC_0152-1024x681.jpg\" alt=\"\" class=\"wp-image-7594\" srcset=\"https:\/\/fcbuetschwil.ch\/neu\/wp-content\/uploads\/2025\/02\/DSC_0152-1024x681.jpg 1024w, https:\/\/fcbuetschwil.ch\/neu\/wp-content\/uploads\/2025\/02\/DSC_0152-1000x665.jpg 1000w, https:\/\/fcbuetschwil.ch\/neu\/wp-content\/uploads\/2025\/02\/DSC_0152-768x511.jpg 768w, https:\/\/fcbuetschwil.ch\/neu\/wp-content\/uploads\/2025\/02\/DSC_0152-391x260.jpg 391w, https:\/\/fcbuetschwil.ch\/neu\/wp-content\/uploads\/2025\/02\/DSC_0152-1536x1021.jpg 1536w, https:\/\/fcbuetschwil.ch\/neu\/wp-content\/uploads\/2025\/02\/DSC_0152-2048x1362.jpg 2048w\" sizes=\"(max-width: 1024px) 100vw, 1024px\" \/><\/figure>\n<\/div>\n<\/div>\n<\/div><\/div>\n\n\n\n<figure class=\"wp-container-8 wp-block-gallery-7 wp-block-gallery has-nested-images columns-default is-cropped\">\n<figure class=\"wp-block-image size-large\"><img loading=\"lazy\" width=\"1024\" height=\"681\" data-id=\"7593\"  src=\"https:\/\/fcbuetschwil.ch\/neu\/wp-content\/uploads\/2025\/02\/DSC_0177-1024x681.jpg\" alt=\"\" class=\"wp-image-7593\" srcset=\"https:\/\/fcbuetschwil.ch\/neu\/wp-content\/uploads\/2025\/02\/DSC_0177-1024x681.jpg 1024w, https:\/\/fcbuetschwil.ch\/neu\/wp-content\/uploads\/2025\/02\/DSC_0177-1000x665.jpg 1000w, https:\/\/fcbuetschwil.ch\/neu\/wp-content\/uploads\/2025\/02\/DSC_0177-768x511.jpg 768w, https:\/\/fcbuetschwil.ch\/neu\/wp-content\/uploads\/2025\/02\/DSC_0177-391x260.jpg 391w, https:\/\/fcbuetschwil.ch\/neu\/wp-content\/uploads\/2025\/02\/DSC_0177-1536x1021.jpg 1536w, https:\/\/fcbuetschwil.ch\/neu\/wp-content\/uploads\/2025\/02\/DSC_0177-2048x1361.jpg 2048w\" sizes=\"(max-width: 1024px) 100vw, 1024px\" \/><\/figure>\n<\/figure>\n\n\n\n<figure class=\"wp-container-10 wp-block-gallery-9 wp-block-gallery has-nested-images columns-default is-cropped\">\n<figure class=\"wp-block-image size-large\"><img loading=\"lazy\" width=\"1024\" height=\"681\" data-id=\"7592\"  src=\"https:\/\/fcbuetschwil.ch\/neu\/wp-content\/uploads\/2025\/02\/DSC_0189-1024x681.jpg\" alt=\"\" class=\"wp-image-7592\" srcset=\"https:\/\/fcbuetschwil.ch\/neu\/wp-content\/uploads\/2025\/02\/DSC_0189-1024x681.jpg 1024w, https:\/\/fcbuetschwil.ch\/neu\/wp-content\/uploads\/2025\/02\/DSC_0189-1000x665.jpg 1000w, https:\/\/fcbuetschwil.ch\/neu\/wp-content\/uploads\/2025\/02\/DSC_0189-768x511.jpg 768w, https:\/\/fcbuetschwil.ch\/neu\/wp-content\/uploads\/2025\/02\/DSC_0189-391x260.jpg 391w, https:\/\/fcbuetschwil.ch\/neu\/wp-content\/uploads\/2025\/02\/DSC_0189-1536x1021.jpg 1536w, https:\/\/fcbuetschwil.ch\/neu\/wp-content\/uploads\/2025\/02\/DSC_0189-2048x1362.jpg 2048w\" sizes=\"(max-width: 1024px) 100vw, 1024px\" \/><\/figure>\n<\/figure>\n\n\n\n<figure class=\"wp-container-12 wp-block-gallery-11 wp-block-gallery has-nested-images columns-default is-cropped\">\n<figure class=\"wp-block-image size-large\"><img loading=\"lazy\" width=\"1024\" height=\"681\" data-id=\"7595\"  src=\"https:\/\/fcbuetschwil.ch\/neu\/wp-content\/uploads\/2025\/02\/DSC_0194-1024x681.jpg\" alt=\"\" class=\"wp-image-7595\" srcset=\"https:\/\/fcbuetschwil.ch\/neu\/wp-content\/uploads\/2025\/02\/DSC_0194-1024x681.jpg 1024w, https:\/\/fcbuetschwil.ch\/neu\/wp-content\/uploads\/2025\/02\/DSC_0194-1000x665.jpg 1000w, https:\/\/fcbuetschwil.ch\/neu\/wp-content\/uploads\/2025\/02\/DSC_0194-768x511.jpg 768w, https:\/\/fcbuetschwil.ch\/neu\/wp-content\/uploads\/2025\/02\/DSC_0194-391x260.jpg 391w, https:\/\/fcbuetschwil.ch\/neu\/wp-content\/uploads\/2025\/02\/DSC_0194-1536x1021.jpg 1536w, https:\/\/fcbuetschwil.ch\/neu\/wp-content\/uploads\/2025\/02\/DSC_0194-2048x1362.jpg 2048w\" sizes=\"(max-width: 1024px) 100vw, 1024px\" \/><\/figure>\n<\/figure>\n\n\n\n<figure class=\"wp-container-14 wp-block-gallery-13 wp-block-gallery has-nested-images columns-default is-cropped\">\n<figure class=\"wp-block-image size-large\"><img loading=\"lazy\" width=\"1024\" height=\"681\" data-id=\"7591\"  src=\"https:\/\/fcbuetschwil.ch\/neu\/wp-content\/uploads\/2025\/02\/DSC_0200-1-1024x681.jpg\" alt=\"\" class=\"wp-image-7591\" srcset=\"https:\/\/fcbuetschwil.ch\/neu\/wp-content\/uploads\/2025\/02\/DSC_0200-1-1024x681.jpg 1024w, https:\/\/fcbuetschwil.ch\/neu\/wp-content\/uploads\/2025\/02\/DSC_0200-1-1000x665.jpg 1000w, https:\/\/fcbuetschwil.ch\/neu\/wp-content\/uploads\/2025\/02\/DSC_0200-1-768x511.jpg 768w, https:\/\/fcbuetschwil.ch\/neu\/wp-content\/uploads\/2025\/02\/DSC_0200-1-391x260.jpg 391w, https:\/\/fcbuetschwil.ch\/neu\/wp-content\/uploads\/2025\/02\/DSC_0200-1-1536x1021.jpg 1536w, https:\/\/fcbuetschwil.ch\/neu\/wp-content\/uploads\/2025\/02\/DSC_0200-1-2048x1362.jpg 2048w\" sizes=\"(max-width: 1024px) 100vw, 1024px\" \/><\/figure>\n<\/figure>\n\n\n\n<figure class=\"wp-container-16 wp-block-gallery-15 wp-block-gallery has-nested-images columns-default is-cropped\">\n<figure class=\"wp-block-image size-large\"><img loading=\"lazy\" width=\"1024\" height=\"851\" data-id=\"7589\"  src=\"https:\/\/fcbuetschwil.ch\/neu\/wp-content\/uploads\/2025\/02\/DSC_0202-1024x851.jpg\" alt=\"\" class=\"wp-image-7589\" srcset=\"https:\/\/fcbuetschwil.ch\/neu\/wp-content\/uploads\/2025\/02\/DSC_0202-1024x851.jpg 1024w, https:\/\/fcbuetschwil.ch\/neu\/wp-content\/uploads\/2025\/02\/DSC_0202-1000x831.jpg 1000w, https:\/\/fcbuetschwil.ch\/neu\/wp-content\/uploads\/2025\/02\/DSC_0202-768x638.jpg 768w, https:\/\/fcbuetschwil.ch\/neu\/wp-content\/uploads\/2025\/02\/DSC_0202-1536x1276.jpg 1536w, https:\/\/fcbuetschwil.ch\/neu\/wp-content\/uploads\/2025\/02\/DSC_0202.jpg 1874w\" sizes=\"(max-width: 1024px) 100vw, 1024px\" \/><\/figure>\n<\/figure>\n\n\n\n<figure class=\"wp-container-18 wp-block-gallery-17 wp-block-gallery has-nested-images columns-default is-cropped\">\n<figure class=\"wp-block-image size-large\"><img loading=\"lazy\" width=\"768\" height=\"1024\" data-id=\"7588\"  src=\"https:\/\/fcbuetschwil.ch\/neu\/wp-content\/uploads\/2025\/02\/WhatsApp-Bild-2025-02-19-um-19.06.50_3df791a4-768x1024.jpg\" alt=\"\" class=\"wp-image-7588\" srcset=\"https:\/\/fcbuetschwil.ch\/neu\/wp-content\/uploads\/2025\/02\/WhatsApp-Bild-2025-02-19-um-19.06.50_3df791a4-768x1024.jpg 768w, https:\/\/fcbuetschwil.ch\/neu\/wp-content\/uploads\/2025\/02\/WhatsApp-Bild-2025-02-19-um-19.06.50_3df791a4-750x1000.jpg 750w, https:\/\/fcbuetschwil.ch\/neu\/wp-content\/uploads\/2025\/02\/WhatsApp-Bild-2025-02-19-um-19.06.50_3df791a4-300x400.jpg 300w, https:\/\/fcbuetschwil.ch\/neu\/wp-content\/uploads\/2025\/02\/WhatsApp-Bild-2025-02-19-um-19.06.50_3df791a4-1152x1536.jpg 1152w, https:\/\/fcbuetschwil.ch\/neu\/wp-content\/uploads\/2025\/02\/WhatsApp-Bild-2025-02-19-um-19.06.50_3df791a4-1536x2048.jpg 1536w, https:\/\/fcbuetschwil.ch\/neu\/wp-content\/uploads\/2025\/02\/WhatsApp-Bild-2025-02-19-um-19.06.50_3df791a4-scaled.jpg 1920w\" sizes=\"(max-width: 768px) 100vw, 768px\" \/><\/figure>\n<\/figure>\n\n\n\n<figure class=\"wp-container-20 wp-block-gallery-19 wp-block-gallery has-nested-images columns-default is-cropped\">\n<figure class=\"wp-block-image size-large\"><img loading=\"lazy\" width=\"1536\" height=\"2048\" data-id=\"7585\"  src=\"https:\/\/fcbuetschwil.ch\/neu\/wp-content\/uploads\/2025\/02\/WhatsApp-Bild-2025-02-19-um-19.14.21_057f9fb5.jpg\" alt=\"\" class=\"wp-image-7585\" srcset=\"https:\/\/fcbuetschwil.ch\/neu\/wp-content\/uploads\/2025\/02\/WhatsApp-Bild-2025-02-19-um-19.14.21_057f9fb5.jpg 1536w, https:\/\/fcbuetschwil.ch\/neu\/wp-content\/uploads\/2025\/02\/WhatsApp-Bild-2025-02-19-um-19.14.21_057f9fb5-750x1000.jpg 750w, https:\/\/fcbuetschwil.ch\/neu\/wp-content\/uploads\/2025\/02\/WhatsApp-Bild-2025-02-19-um-19.14.21_057f9fb5-768x1024.jpg 768w, https:\/\/fcbuetschwil.ch\/neu\/wp-content\/uploads\/2025\/02\/WhatsApp-Bild-2025-02-19-um-19.14.21_057f9fb5-300x400.jpg 300w, https:\/\/fcbuetschwil.ch\/neu\/wp-content\/uploads\/2025\/02\/WhatsApp-Bild-2025-02-19-um-19.14.21_057f9fb5-1152x1536.jpg 1152w\" sizes=\"(max-width: 1536px) 100vw, 1536px\" \/><\/figure>\n<\/figure>\n\n\n\n<figure class=\"wp-container-22 wp-block-gallery-21 wp-block-gallery has-nested-images columns-default is-cropped\">\n<figure class=\"wp-block-image size-large\"><img loading=\"lazy\" width=\"1536\" height=\"2048\" data-id=\"7584\"  src=\"https:\/\/fcbuetschwil.ch\/neu\/wp-content\/uploads\/2025\/02\/WhatsApp-Bild-2025-02-19-um-19.14.22_8809ebfc.jpg\" alt=\"\" class=\"wp-image-7584\" srcset=\"https:\/\/fcbuetschwil.ch\/neu\/wp-content\/uploads\/2025\/02\/WhatsApp-Bild-2025-02-19-um-19.14.22_8809ebfc.jpg 1536w, https:\/\/fcbuetschwil.ch\/neu\/wp-content\/uploads\/2025\/02\/WhatsApp-Bild-2025-02-19-um-19.14.22_8809ebfc-750x1000.jpg 750w, https:\/\/fcbuetschwil.ch\/neu\/wp-content\/uploads\/2025\/02\/WhatsApp-Bild-2025-02-19-um-19.14.22_8809ebfc-768x1024.jpg 768w, https:\/\/fcbuetschwil.ch\/neu\/wp-content\/uploads\/2025\/02\/WhatsApp-Bild-2025-02-19-um-19.14.22_8809ebfc-300x400.jpg 300w, https:\/\/fcbuetschwil.ch\/neu\/wp-content\/uploads\/2025\/02\/WhatsApp-Bild-2025-02-19-um-19.14.22_8809ebfc-1152x1536.jpg 1152w\" sizes=\"(max-width: 1536px) 100vw, 1536px\" \/><\/figure>\n<\/figure>\n\n\n\n<figure class=\"wp-container-24 wp-block-gallery-23 wp-block-gallery has-nested-images columns-default is-cropped\">\n<figure class=\"wp-block-image size-large\"><img loading=\"lazy\" width=\"1600\" height=\"1200\" data-id=\"7586\"  src=\"https:\/\/fcbuetschwil.ch\/neu\/wp-content\/uploads\/2025\/02\/WhatsApp-Bild-2025-02-19-um-19.08.41_06f298af.jpg\" alt=\"\" class=\"wp-image-7586\" srcset=\"https:\/\/fcbuetschwil.ch\/neu\/wp-content\/uploads\/2025\/02\/WhatsApp-Bild-2025-02-19-um-19.08.41_06f298af.jpg 1600w, https:\/\/fcbuetschwil.ch\/neu\/wp-content\/uploads\/2025\/02\/WhatsApp-Bild-2025-02-19-um-19.08.41_06f298af-1000x750.jpg 1000w, https:\/\/fcbuetschwil.ch\/neu\/wp-content\/uploads\/2025\/02\/WhatsApp-Bild-2025-02-19-um-19.08.41_06f298af-1024x768.jpg 1024w, https:\/\/fcbuetschwil.ch\/neu\/wp-content\/uploads\/2025\/02\/WhatsApp-Bild-2025-02-19-um-19.08.41_06f298af-768x576.jpg 768w, https:\/\/fcbuetschwil.ch\/neu\/wp-content\/uploads\/2025\/02\/WhatsApp-Bild-2025-02-19-um-19.08.41_06f298af-1536x1152.jpg 1536w\" sizes=\"(max-width: 1600px) 100vw, 1600px\" \/><\/figure>\n<\/figure>\n\n\n\n<figure class=\"wp-container-26 wp-block-gallery-25 wp-block-gallery has-nested-images columns-default is-cropped\">\n<figure class=\"wp-block-image size-large\"><img loading=\"lazy\" width=\"1536\" height=\"2048\" data-id=\"7583\"  src=\"https:\/\/fcbuetschwil.ch\/neu\/wp-content\/uploads\/2025\/02\/WhatsApp-Bild-2025-02-19-um-19.14.23_05392330.jpg\" alt=\"\" class=\"wp-image-7583\" srcset=\"https:\/\/fcbuetschwil.ch\/neu\/wp-content\/uploads\/2025\/02\/WhatsApp-Bild-2025-02-19-um-19.14.23_05392330.jpg 1536w, https:\/\/fcbuetschwil.ch\/neu\/wp-content\/uploads\/2025\/02\/WhatsApp-Bild-2025-02-19-um-19.14.23_05392330-750x1000.jpg 750w, https:\/\/fcbuetschwil.ch\/neu\/wp-content\/uploads\/2025\/02\/WhatsApp-Bild-2025-02-19-um-19.14.23_05392330-768x1024.jpg 768w, https:\/\/fcbuetschwil.ch\/neu\/wp-content\/uploads\/2025\/02\/WhatsApp-Bild-2025-02-19-um-19.14.23_05392330-300x400.jpg 300w, https:\/\/fcbuetschwil.ch\/neu\/wp-content\/uploads\/2025\/02\/WhatsApp-Bild-2025-02-19-um-19.14.23_05392330-1152x1536.jpg 1152w\" sizes=\"(max-width: 1536px) 100vw, 1536px\" \/><\/figure>\n<\/figure>\n\n\n\n<figure class=\"wp-container-28 wp-block-gallery-27 wp-block-gallery has-nested-images columns-default is-cropped\">\n<figure class=\"wp-block-image size-large\"><img loading=\"lazy\" width=\"1200\" height=\"1600\" data-id=\"7582\"  src=\"https:\/\/fcbuetschwil.ch\/neu\/wp-content\/uploads\/2025\/02\/WhatsApp-Bild-2025-02-19-um-19.50.28_0ea23022.jpg\" alt=\"\" class=\"wp-image-7582\" srcset=\"https:\/\/fcbuetschwil.ch\/neu\/wp-content\/uploads\/2025\/02\/WhatsApp-Bild-2025-02-19-um-19.50.28_0ea23022.jpg 1200w, https:\/\/fcbuetschwil.ch\/neu\/wp-content\/uploads\/2025\/02\/WhatsApp-Bild-2025-02-19-um-19.50.28_0ea23022-750x1000.jpg 750w, https:\/\/fcbuetschwil.ch\/neu\/wp-content\/uploads\/2025\/02\/WhatsApp-Bild-2025-02-19-um-19.50.28_0ea23022-768x1024.jpg 768w, https:\/\/fcbuetschwil.ch\/neu\/wp-content\/uploads\/2025\/02\/WhatsApp-Bild-2025-02-19-um-19.50.28_0ea23022-300x400.jpg 300w, https:\/\/fcbuetschwil.ch\/neu\/wp-content\/uploads\/2025\/02\/WhatsApp-Bild-2025-02-19-um-19.50.28_0ea23022-1152x1536.jpg 1152w\" sizes=\"(max-width: 1200px) 100vw, 1200px\" \/><\/figure>\n<\/figure>\n","protected":false},"excerpt":{"rendered":"<p>Trainingslager 2025 \u2013 3. Tagebucheintrag&nbsp; Mittwoch, 19. Februar 2025&nbsp; Die Nacht war kurz, der Schlaf sehr tief und die Sonne rief! Nach ausf\u00fchrlichen und etwas \u00fcberdezibellierten Late Night Talks in den G\u00e4ngen tiefer Teppichlandschaften k\u00e4mpfte man sich aus dem Nest. Noch etwas verdr\u00fcckt stieg uns beim \u00d6ffnen der Zimmert\u00fcre ein Schwall frisch-feuchter Fussballschuhessenz in die&hellip;&nbsp;<a href=\"https:\/\/fcbuetschwil.ch\/neu\/trainingslager-fft1-2025-tag-3\/\" class=\"\" rel=\"bookmark\">Weiterlesen &raquo;<span class=\"screen-reader-text\">Trainingslager FFT1 2025 &#8211; Tag 3<\/span><\/a><\/p>\n","protected":false},"author":8,"featured_media":7596,"comment_status":"open","ping_status":"open","sticky":false,"template":"","format":"standard","meta":{"inline_featured_image":false,"_mi_skip_tracking":false,"kia_subtitle":"","neve_meta_sidebar":"","neve_meta_container":"","neve_meta_enable_content_width":"","neve_meta_content_width":0,"neve_meta_title_alignment":"","neve_meta_author_avatar":"","neve_post_elements_order":"","neve_meta_disable_header":"","neve_meta_disable_footer":"","neve_meta_disable_title":""},"categories":[56,34],"tags":[],"_links":{"self":[{"href":"https:\/\/fcbuetschwil.ch\/neu\/wp-json\/wp\/v2\/posts\/7581"}],"collection":[{"href":"https:\/\/fcbuetschwil.ch\/neu\/wp-json\/wp\/v2\/posts"}],"about":[{"href":"https:\/\/fcbuetschwil.ch\/neu\/wp-json\/wp\/v2\/types\/post"}],"author":[{"embeddable":true,"href":"https:\/\/fcbuetschwil.ch\/neu\/wp-json\/wp\/v2\/users\/8"}],"replies":[{"embeddable":true,"href":"https:\/\/fcbuetschwil.ch\/neu\/wp-json\/wp\/v2\/comments?post=7581"}],"version-history":[{"count":2,"href":"https:\/\/fcbuetschwil.ch\/neu\/wp-json\/wp\/v2\/posts\/7581\/revisions"}],"predecessor-version":[{"id":7598,"href":"https:\/\/fcbuetschwil.ch\/neu\/wp-json\/wp\/v2\/posts\/7581\/revisions\/7598"}],"wp:featuredmedia":[{"embeddable":true,"href":"https:\/\/fcbuetschwil.ch\/neu\/wp-json\/wp\/v2\/media\/7596"}],"wp:attachment":[{"href":"https:\/\/fcbuetschwil.ch\/neu\/wp-json\/wp\/v2\/media?parent=7581"}],"wp:term":[{"taxonomy":"category","embeddable":true,"href":"https:\/\/fcbuetschwil.ch\/neu\/wp-json\/wp\/v2\/categories?post=7581"},{"taxonomy":"post_tag","embeddable":true,"href":"https:\/\/fcbuetschwil.ch\/neu\/wp-json\/wp\/v2\/tags?post=7581"}],"curies":[{"name":"wp","href":"https:\/\/api.w.org\/{rel}","templated":true}]}}