{"id":7570,"date":"2025-02-19T08:06:16","date_gmt":"2025-02-19T06:06:16","guid":{"rendered":"https:\/\/fcbuetschwil.ch\/neu\/?p=7570"},"modified":"2025-02-19T08:06:18","modified_gmt":"2025-02-19T06:06:18","slug":"trainingslager-fft1-2025-tag-2","status":"publish","type":"post","link":"https:\/\/fcbuetschwil.ch\/neu\/trainingslager-fft1-2025-tag-2\/","title":{"rendered":"Trainingslager FFT1 2025 &#8211; Tag 2"},"content":{"rendered":"\n<p>Trainingslager 2025 \u2013 2. Tagebucheintrag&nbsp;<\/p>\n\n\n\n<p>Dienstag, 18. Februar 2025&nbsp;<\/p>\n\n\n\n<p>Das vermeintliche Palmenparadies entpuppte sich nach dem Ziehen der Jalousien als n\u00f6rdiges Hodelwetter. Die sibirischen Temperaturen in der Nacht in den Zimmern l\u00f6sten schon das erste Gj\u00f6mmer aus. Noooodisno wird der vom Regen \u00fcbersch\u00fcttete Pfad vom Schlafzimmergeb\u00e4ude r\u00fcber zum Hotelgeb\u00e4ude den Spielerinnen zum Verh\u00e4ngnis. Wo sich gestern noch unser Captain D.B. eleganterweise an einem t\u00fcrkischen Blumenstock festklammerte, und Schlimmeres verhinderte, schmierte es heute neben unserem K\u00fcken M.H. auch unsere Speedy S.B. aus den Papuces. Diese Show-Einlage suspendierte sie gl\u00fccklicherweise nicht vom bevorstehenden Trainingstag. Gott sei Dank, machte das Fr\u00fchst\u00fccksbuffet alle Strapazen wett.&nbsp;&nbsp;&nbsp;<\/p>\n\n\n\n<p>Gest\u00e4rkt machte man sich gespannt auf zum ersten Training in der T\u00fcrkei. P\u00fcnktlich sammelte uns das fahrende Tabak-Etablissement (mit Malboro Rot ger\u00e4ucherter Bus) zu dem Stadio Side Star Complex ein. Die extra f\u00fcr die Busfahrten erstellte Playlist wurde euphorisch gestartet und nach zwei Refrains wieder beendet. Die Fahrt dauerte heute wegen starken Regens und \u00fcberdimensionalen Pf\u00fctzen auf der Strasse ganze zweieinhalb Minuten lang. Mit Kr\u00f6nli-Duft in den Haaren begab sich die Mannschaft in Richtung Ankleide. In der Premium-Umkleide mit gepolsterten Garderobensitzen fehlten nur noch die personalisierten Utensilien f\u00fcr das Star-Feeling wie bei den Profis. Auf der einen Seite des Platzes konstruierten unsere Goalies B.H. und S.G. mit ihrem Personal-Trainer M.F. ein Torwarthaus. Dabei lag der Fokus auf dem richtigen Verhalten im Strafraum. Auf der anderen Seite suchte und fand man das Ballgef\u00fchl auf dem t\u00fcrkischen Teppichrasen. Anderthalb Minuten nach dem Training wurde das Angebot f\u00fcr die Muskelregeneration und Wehwechen unserer Starfotografin und Physio A.H. im Hotel bereits in Anspruch genommen.&nbsp;<\/p>\n\n\n\n<p>Angekommen im Restaurant wurde das Team nicht nur mit weniger Tischbeinen \u00fcberrascht, sondern unsere S.G. auch mit einem dekorierten Geburtstagsgedeck \u2013 was eher einer Verlobungsfeier glich. Am Abend wurde dasselbe Spiel nochmals durchgespielt: Ein mit Feuerwerk bestickter Kuchen fand den Weg zu unserem Geburtstagskind. Es wird gemunkelt, dass infolge Schichtwechsel die Information f\u00fcr den ersten Kuchen nicht geflossen sind. Somit wurden unsere Stimmb\u00e4nder erneut in Anspruch genommen f\u00fcr den Happy-Birthday Song.&nbsp;<\/p>\n\n\n\n<p>Im Nachmittagstraining wurde an der Technik gefeilt und das Umschaltspiel ge\u00fcbt. Die erste Fussball-Challenge rundete das Training ab. Team B forderte unser Gleichgewichtsorgan in der Ich-dreh-mich-acht-Mal-im-Kreis mit anschliessendem Penalty Schuss heraus. Team D verpasste es erneut m\u00f6glichst viele Punkte einzusammeln. Auch der Bambi-H\u00fcpfer von M.F. mit Schuss in die richtige Richtung konnte uns nicht mehr retten. Somit bleibt die Redaktion in unseren H\u00e4nden.&nbsp;<\/p>\n\n\n\n<p>Nach dem Training sorgten die Managers im Hotel endlich f\u00fcr Klarheit in der Angelegenheit unseres Freundschaftsspiels am kommenden Donnerstag. Denn nachdem sich der einst eingeplante Gegner FC Frauenaurach (DE) als M\u00e4nnerteam entpuppte, werden wir es neu mit knallharten Russinnen der obersten Liga aufnehmen. Wir sind gespannt.&nbsp;<\/p>\n\n\n\n<p>Beim Gaumenschmaus am Abend-Buffet wurde unsere braun gebrannte Nummer 10 F.B. nach einem Fuder Chicken-Nuggets in Stress versetzt. Die Aufr\u00e4umarbeiten des Dessertbuffets waren schon weit fortgeschritten und die beladenen W\u00e4gelis rollten bereits in Richtung K\u00fcche, als sie sich die letzten Leckerbissen angelte und einen W\u00e4geli-Stau in Kauf nahm. Nach dem Abendessen folgte das vorbereitete Taktiktraining unserer Trainer M.O. und P.H. Dabei wurde die Spielphilosophie, die Spielprinzipien sowie die Videoanalyse pr\u00e4sentiert. Besten Dank f\u00fcr euren Einsatz! Der Abend fand seinen Ausklang in der Lobby beim gem\u00fctlichen Beisammensein in der Runde \u2013 oder beim Bericht schreiben. Gute Nacht!&nbsp;<\/p>\n\n\n\n<p>Redaktion Antalya Times alias M.F., B.H., L.G., D.B.&nbsp;<\/p>\n\n\n\n<div class=\"wp-container-3 wp-block-columns\">\n<div class=\"wp-container-1 wp-block-column\"><\/div>\n\n\n\n<div class=\"wp-container-2 wp-block-column\"><\/div>\n<\/div>\n\n\n\n<p><\/p>\n\n\n\n<figure class=\"wp-block-image size-large\"><img loading=\"lazy\" width=\"1024\" height=\"681\" src=\"https:\/\/fcbuetschwil.ch\/neu\/wp-content\/uploads\/2025\/02\/DSC_0013-1024x681.jpg\" alt=\"\" class=\"wp-image-7572\" srcset=\"https:\/\/fcbuetschwil.ch\/neu\/wp-content\/uploads\/2025\/02\/DSC_0013-1024x681.jpg 1024w, https:\/\/fcbuetschwil.ch\/neu\/wp-content\/uploads\/2025\/02\/DSC_0013-1000x665.jpg 1000w, https:\/\/fcbuetschwil.ch\/neu\/wp-content\/uploads\/2025\/02\/DSC_0013-768x511.jpg 768w, https:\/\/fcbuetschwil.ch\/neu\/wp-content\/uploads\/2025\/02\/DSC_0013-391x260.jpg 391w, https:\/\/fcbuetschwil.ch\/neu\/wp-content\/uploads\/2025\/02\/DSC_0013-1536x1021.jpg 1536w, https:\/\/fcbuetschwil.ch\/neu\/wp-content\/uploads\/2025\/02\/DSC_0013-2048x1362.jpg 2048w\" sizes=\"(max-width: 1024px) 100vw, 1024px\" \/><\/figure>\n\n\n\n<div class=\"wp-container-6 wp-block-group\"><div class=\"wp-block-group__inner-container\">\n<div class=\"wp-container-5 wp-block-columns\">\n<div class=\"wp-container-4 wp-block-column\" style=\"flex-basis:100%\">\n<figure class=\"wp-block-image size-large\"><img loading=\"lazy\" width=\"1024\" height=\"681\" src=\"https:\/\/fcbuetschwil.ch\/neu\/wp-content\/uploads\/2025\/02\/DSC_0030-1024x681.jpg\" alt=\"\" class=\"wp-image-7573\" srcset=\"https:\/\/fcbuetschwil.ch\/neu\/wp-content\/uploads\/2025\/02\/DSC_0030-1024x681.jpg 1024w, https:\/\/fcbuetschwil.ch\/neu\/wp-content\/uploads\/2025\/02\/DSC_0030-1000x665.jpg 1000w, https:\/\/fcbuetschwil.ch\/neu\/wp-content\/uploads\/2025\/02\/DSC_0030-768x511.jpg 768w, https:\/\/fcbuetschwil.ch\/neu\/wp-content\/uploads\/2025\/02\/DSC_0030-391x260.jpg 391w, https:\/\/fcbuetschwil.ch\/neu\/wp-content\/uploads\/2025\/02\/DSC_0030-1536x1021.jpg 1536w, https:\/\/fcbuetschwil.ch\/neu\/wp-content\/uploads\/2025\/02\/DSC_0030-2048x1362.jpg 2048w\" sizes=\"(max-width: 1024px) 100vw, 1024px\" \/><\/figure>\n<\/div>\n<\/div>\n<\/div><\/div>\n\n\n\n<figure class=\"wp-container-8 wp-block-gallery-7 wp-block-gallery has-nested-images columns-default is-cropped\">\n<figure class=\"wp-block-image size-large\"><img loading=\"lazy\" width=\"2560\" height=\"1702\" data-id=\"7574\"  src=\"https:\/\/fcbuetschwil.ch\/neu\/wp-content\/uploads\/2025\/02\/DSC_0034-scaled.jpg\" alt=\"\" class=\"wp-image-7574\" srcset=\"https:\/\/fcbuetschwil.ch\/neu\/wp-content\/uploads\/2025\/02\/DSC_0034-scaled.jpg 2560w, https:\/\/fcbuetschwil.ch\/neu\/wp-content\/uploads\/2025\/02\/DSC_0034-1000x665.jpg 1000w, https:\/\/fcbuetschwil.ch\/neu\/wp-content\/uploads\/2025\/02\/DSC_0034-1024x681.jpg 1024w, https:\/\/fcbuetschwil.ch\/neu\/wp-content\/uploads\/2025\/02\/DSC_0034-768x511.jpg 768w, https:\/\/fcbuetschwil.ch\/neu\/wp-content\/uploads\/2025\/02\/DSC_0034-391x260.jpg 391w, https:\/\/fcbuetschwil.ch\/neu\/wp-content\/uploads\/2025\/02\/DSC_0034-1536x1021.jpg 1536w, https:\/\/fcbuetschwil.ch\/neu\/wp-content\/uploads\/2025\/02\/DSC_0034-2048x1362.jpg 2048w\" sizes=\"(max-width: 2560px) 100vw, 2560px\" \/><\/figure>\n<\/figure>\n\n\n\n<figure class=\"wp-container-10 wp-block-gallery-9 wp-block-gallery has-nested-images columns-default is-cropped\">\n<figure class=\"wp-block-image size-large\"><img loading=\"lazy\" width=\"2560\" height=\"1702\" data-id=\"7575\"  src=\"https:\/\/fcbuetschwil.ch\/neu\/wp-content\/uploads\/2025\/02\/DSC_0038-scaled.jpg\" alt=\"\" class=\"wp-image-7575\" srcset=\"https:\/\/fcbuetschwil.ch\/neu\/wp-content\/uploads\/2025\/02\/DSC_0038-scaled.jpg 2560w, https:\/\/fcbuetschwil.ch\/neu\/wp-content\/uploads\/2025\/02\/DSC_0038-1000x665.jpg 1000w, https:\/\/fcbuetschwil.ch\/neu\/wp-content\/uploads\/2025\/02\/DSC_0038-1024x681.jpg 1024w, https:\/\/fcbuetschwil.ch\/neu\/wp-content\/uploads\/2025\/02\/DSC_0038-768x511.jpg 768w, https:\/\/fcbuetschwil.ch\/neu\/wp-content\/uploads\/2025\/02\/DSC_0038-391x260.jpg 391w, https:\/\/fcbuetschwil.ch\/neu\/wp-content\/uploads\/2025\/02\/DSC_0038-1536x1021.jpg 1536w, https:\/\/fcbuetschwil.ch\/neu\/wp-content\/uploads\/2025\/02\/DSC_0038-2048x1362.jpg 2048w\" sizes=\"(max-width: 2560px) 100vw, 2560px\" \/><\/figure>\n<\/figure>\n\n\n\n<figure class=\"wp-container-12 wp-block-gallery-11 wp-block-gallery has-nested-images columns-default is-cropped\">\n<figure class=\"wp-block-image size-large\"><img loading=\"lazy\" width=\"2560\" height=\"1702\" data-id=\"7577\"  src=\"https:\/\/fcbuetschwil.ch\/neu\/wp-content\/uploads\/2025\/02\/DSC_0087-scaled.jpg\" alt=\"\" class=\"wp-image-7577\" srcset=\"https:\/\/fcbuetschwil.ch\/neu\/wp-content\/uploads\/2025\/02\/DSC_0087-scaled.jpg 2560w, https:\/\/fcbuetschwil.ch\/neu\/wp-content\/uploads\/2025\/02\/DSC_0087-1000x665.jpg 1000w, https:\/\/fcbuetschwil.ch\/neu\/wp-content\/uploads\/2025\/02\/DSC_0087-1024x681.jpg 1024w, https:\/\/fcbuetschwil.ch\/neu\/wp-content\/uploads\/2025\/02\/DSC_0087-768x511.jpg 768w, https:\/\/fcbuetschwil.ch\/neu\/wp-content\/uploads\/2025\/02\/DSC_0087-391x260.jpg 391w, https:\/\/fcbuetschwil.ch\/neu\/wp-content\/uploads\/2025\/02\/DSC_0087-1536x1021.jpg 1536w, https:\/\/fcbuetschwil.ch\/neu\/wp-content\/uploads\/2025\/02\/DSC_0087-2048x1362.jpg 2048w\" sizes=\"(max-width: 2560px) 100vw, 2560px\" \/><\/figure>\n<\/figure>\n\n\n\n<figure class=\"wp-container-14 wp-block-gallery-13 wp-block-gallery has-nested-images columns-default is-cropped\">\n<figure class=\"wp-block-image size-large\"><img loading=\"lazy\" width=\"2560\" height=\"1702\" data-id=\"7576\"  src=\"https:\/\/fcbuetschwil.ch\/neu\/wp-content\/uploads\/2025\/02\/DSC_0082-scaled.jpg\" alt=\"\" class=\"wp-image-7576\" srcset=\"https:\/\/fcbuetschwil.ch\/neu\/wp-content\/uploads\/2025\/02\/DSC_0082-scaled.jpg 2560w, https:\/\/fcbuetschwil.ch\/neu\/wp-content\/uploads\/2025\/02\/DSC_0082-1000x665.jpg 1000w, https:\/\/fcbuetschwil.ch\/neu\/wp-content\/uploads\/2025\/02\/DSC_0082-1024x681.jpg 1024w, https:\/\/fcbuetschwil.ch\/neu\/wp-content\/uploads\/2025\/02\/DSC_0082-768x511.jpg 768w, https:\/\/fcbuetschwil.ch\/neu\/wp-content\/uploads\/2025\/02\/DSC_0082-391x260.jpg 391w, https:\/\/fcbuetschwil.ch\/neu\/wp-content\/uploads\/2025\/02\/DSC_0082-1536x1021.jpg 1536w, https:\/\/fcbuetschwil.ch\/neu\/wp-content\/uploads\/2025\/02\/DSC_0082-2048x1362.jpg 2048w\" sizes=\"(max-width: 2560px) 100vw, 2560px\" \/><\/figure>\n<\/figure>\n\n\n\n<figure class=\"wp-container-16 wp-block-gallery-15 wp-block-gallery has-nested-images columns-default is-cropped\">\n<figure class=\"wp-block-image size-large\"><img loading=\"lazy\" width=\"1200\" height=\"1600\" data-id=\"7578\"  src=\"https:\/\/fcbuetschwil.ch\/neu\/wp-content\/uploads\/2025\/02\/WhatsApp-Bild-2025-02-18-um-22.34.22_0a6ef5ea.jpg\" alt=\"\" class=\"wp-image-7578\" srcset=\"https:\/\/fcbuetschwil.ch\/neu\/wp-content\/uploads\/2025\/02\/WhatsApp-Bild-2025-02-18-um-22.34.22_0a6ef5ea.jpg 1200w, https:\/\/fcbuetschwil.ch\/neu\/wp-content\/uploads\/2025\/02\/WhatsApp-Bild-2025-02-18-um-22.34.22_0a6ef5ea-750x1000.jpg 750w, https:\/\/fcbuetschwil.ch\/neu\/wp-content\/uploads\/2025\/02\/WhatsApp-Bild-2025-02-18-um-22.34.22_0a6ef5ea-768x1024.jpg 768w, https:\/\/fcbuetschwil.ch\/neu\/wp-content\/uploads\/2025\/02\/WhatsApp-Bild-2025-02-18-um-22.34.22_0a6ef5ea-300x400.jpg 300w, https:\/\/fcbuetschwil.ch\/neu\/wp-content\/uploads\/2025\/02\/WhatsApp-Bild-2025-02-18-um-22.34.22_0a6ef5ea-1152x1536.jpg 1152w\" sizes=\"(max-width: 1200px) 100vw, 1200px\" \/><\/figure>\n<\/figure>\n\n\n\n<figure class=\"wp-container-18 wp-block-gallery-17 wp-block-gallery has-nested-images columns-default is-cropped\">\n<figure class=\"wp-block-image size-large\"><img loading=\"lazy\" width=\"1600\" height=\"1200\" data-id=\"7579\"  src=\"https:\/\/fcbuetschwil.ch\/neu\/wp-content\/uploads\/2025\/02\/WhatsApp-Bild-2025-02-18-um-22.34.44_6f954f98.jpg\" alt=\"\" class=\"wp-image-7579\" srcset=\"https:\/\/fcbuetschwil.ch\/neu\/wp-content\/uploads\/2025\/02\/WhatsApp-Bild-2025-02-18-um-22.34.44_6f954f98.jpg 1600w, https:\/\/fcbuetschwil.ch\/neu\/wp-content\/uploads\/2025\/02\/WhatsApp-Bild-2025-02-18-um-22.34.44_6f954f98-1000x750.jpg 1000w, https:\/\/fcbuetschwil.ch\/neu\/wp-content\/uploads\/2025\/02\/WhatsApp-Bild-2025-02-18-um-22.34.44_6f954f98-1024x768.jpg 1024w, https:\/\/fcbuetschwil.ch\/neu\/wp-content\/uploads\/2025\/02\/WhatsApp-Bild-2025-02-18-um-22.34.44_6f954f98-768x576.jpg 768w, https:\/\/fcbuetschwil.ch\/neu\/wp-content\/uploads\/2025\/02\/WhatsApp-Bild-2025-02-18-um-22.34.44_6f954f98-1536x1152.jpg 1536w\" sizes=\"(max-width: 1600px) 100vw, 1600px\" \/><\/figure>\n<\/figure>\n","protected":false},"excerpt":{"rendered":"<p>Trainingslager 2025 \u2013 2. Tagebucheintrag&nbsp; Dienstag, 18. Februar 2025&nbsp; Das vermeintliche Palmenparadies entpuppte sich nach dem Ziehen der Jalousien als n\u00f6rdiges Hodelwetter. Die sibirischen Temperaturen in der Nacht in den Zimmern l\u00f6sten schon das erste Gj\u00f6mmer aus. Noooodisno wird der vom Regen \u00fcbersch\u00fcttete Pfad vom Schlafzimmergeb\u00e4ude r\u00fcber zum Hotelgeb\u00e4ude den Spielerinnen zum Verh\u00e4ngnis. Wo sich&hellip;&nbsp;<a href=\"https:\/\/fcbuetschwil.ch\/neu\/trainingslager-fft1-2025-tag-2\/\" class=\"\" rel=\"bookmark\">Weiterlesen &raquo;<span class=\"screen-reader-text\">Trainingslager FFT1 2025 &#8211; Tag 2<\/span><\/a><\/p>\n","protected":false},"author":8,"featured_media":7571,"comment_status":"open","ping_status":"open","sticky":false,"template":"","format":"standard","meta":{"inline_featured_image":false,"_mi_skip_tracking":false,"kia_subtitle":"","neve_meta_sidebar":"","neve_meta_container":"","neve_meta_enable_content_width":"","neve_meta_content_width":0,"neve_meta_title_alignment":"","neve_meta_author_avatar":"","neve_post_elements_order":"","neve_meta_disable_header":"","neve_meta_disable_footer":"","neve_meta_disable_title":""},"categories":[56,34],"tags":[],"_links":{"self":[{"href":"https:\/\/fcbuetschwil.ch\/neu\/wp-json\/wp\/v2\/posts\/7570"}],"collection":[{"href":"https:\/\/fcbuetschwil.ch\/neu\/wp-json\/wp\/v2\/posts"}],"about":[{"href":"https:\/\/fcbuetschwil.ch\/neu\/wp-json\/wp\/v2\/types\/post"}],"author":[{"embeddable":true,"href":"https:\/\/fcbuetschwil.ch\/neu\/wp-json\/wp\/v2\/users\/8"}],"replies":[{"embeddable":true,"href":"https:\/\/fcbuetschwil.ch\/neu\/wp-json\/wp\/v2\/comments?post=7570"}],"version-history":[{"count":1,"href":"https:\/\/fcbuetschwil.ch\/neu\/wp-json\/wp\/v2\/posts\/7570\/revisions"}],"predecessor-version":[{"id":7580,"href":"https:\/\/fcbuetschwil.ch\/neu\/wp-json\/wp\/v2\/posts\/7570\/revisions\/7580"}],"wp:featuredmedia":[{"embeddable":true,"href":"https:\/\/fcbuetschwil.ch\/neu\/wp-json\/wp\/v2\/media\/7571"}],"wp:attachment":[{"href":"https:\/\/fcbuetschwil.ch\/neu\/wp-json\/wp\/v2\/media?parent=7570"}],"wp:term":[{"taxonomy":"category","embeddable":true,"href":"https:\/\/fcbuetschwil.ch\/neu\/wp-json\/wp\/v2\/categories?post=7570"},{"taxonomy":"post_tag","embeddable":true,"href":"https:\/\/fcbuetschwil.ch\/neu\/wp-json\/wp\/v2\/tags?post=7570"}],"curies":[{"name":"wp","href":"https:\/\/api.w.org\/{rel}","templated":true}]}}