{"id":7564,"date":"2025-02-18T22:27:59","date_gmt":"2025-02-18T20:27:59","guid":{"rendered":"https:\/\/fcbuetschwil.ch\/neu\/?p=7564"},"modified":"2025-02-18T22:28:02","modified_gmt":"2025-02-18T20:28:02","slug":"trainingslager-fft1-2025-tag-1","status":"publish","type":"post","link":"https:\/\/fcbuetschwil.ch\/neu\/trainingslager-fft1-2025-tag-1\/","title":{"rendered":"Trainingslager FFT1 2025 &#8211; Tag 1"},"content":{"rendered":"\n<p>ECKDATEN TRAININGSLAGER&nbsp;<\/p>\n\n\n\n<p>Mo, 17.02.2025 bis So, 23.02.2025&nbsp;<\/p>\n\n\n\n<p>Ort: Side, T\u00fcrkei&nbsp;<\/p>\n\n\n\n<p>TRAINER&nbsp;<\/p>\n\n\n\n<p>Marc Ott, Peter Hollenstein, Michele Fust&nbsp;<\/p>\n\n\n\n<p>PHYSIO&nbsp;<\/p>\n\n\n\n<p>Anna Hagmann&nbsp;<\/p>\n\n\n\n<p>SPIELERINNEN&nbsp;<\/p>\n\n\n\n<p>Amira Baumgartner, Diana Br\u00e4ndle, Fabienne Br\u00e4ndle, Siri Bucherini, Stephanie Buschta, Lara Gabathuler, Simone Gr\u00fcninger, Mara Hagmann, Corinna Hasler, Bernadette Hangartner, Samira Heeb, Valerie Kern, Marina Oberholzer, Anuschka Salzmann, Flavia Schaufelberger, Maurine Schnyder, Melanie Thalmann, Noreen Walt, Sarah Wittwen&nbsp;<\/p>\n\n\n\n<p>CHALLENGE-Gruppen&nbsp;<\/p>\n\n\n\n<p>Team A \u2013 Alpha: Anuschka, Fabienne, Samira, Sarah, Peter&nbsp;<\/p>\n\n\n\n<p>Team B \u2013 Bravo: Anna, Corinna, Maurine, Simone, Valerie&nbsp;<\/p>\n\n\n\n<p>Team C \u2013 Charlie: Amira, Flavia, Marc, Melanie, Noreen&nbsp;<\/p>\n\n\n\n<p>Team D \u2013 Delta: Diana, Lara, Michele, Bernadette&nbsp;<\/p>\n\n\n\n<p>Team E \u2013 Echo: Mara, Marina, Siri, Stephanie&nbsp;<\/p>\n\n\n\n<div class=\"wp-container-3 wp-block-columns\">\n<div class=\"wp-container-1 wp-block-column\"><\/div>\n\n\n\n<div class=\"wp-container-2 wp-block-column\"><\/div>\n<\/div>\n\n\n\n<p>Trainingslager 2025 \u2013 1. Tagebucheintrag&nbsp;<\/p>\n\n\n\n<p>Montag, 17. Februar 2025&nbsp;<\/p>\n\n\n\n<p>F\u00fcr einmal nicht in aller Herrgottsfr\u00fche, sondern entspannt und ausgeschlafen trudelte fast das ganze Team stationenweise in den vollgestopften Zug in Richtung Z\u00fcrich Flughafen. Infolge Platzmangels im Billigflieger, entschied sich das Senior-OK-Duo (M.T. und D.B.) gezwungenermassen f\u00fcr die top bewertete T\u00fcrkish Airline mit exquisiter K\u00fcche an Bord. Die luxuri\u00f6se Reise startete drei Stunden fr\u00fcher und beinhaltete einen laaaaaaaaaaaangen Verdauungspaziergang in Istanbul f\u00fcr den Umstieg nach Antalya. Zur\u00fcck nach Z\u00fcrich: Das Junior-OK-Duo meisterte ihren Einstand perfekt, verteilte die Lagershirts und brachte das Team p\u00fcnktlich zum Check-in. Nicht so glimpflich klappte es bei der Sicherheitskontrolle. Das R\u00f6ntgenband lief auf Hochtouren. Grund war der Rucksack von F.S., welcher nach drei Rundg\u00e4ngen auch noch von Hand gefilzt wurde. Die Sicherheitskontrolle musste sich schlussendlich geschlagen geben und die Reisende wurde entlassen. Es bleibt bis heute unaufgekl\u00e4rt, welche Ware die Obertoggenburgerin mit auf einen internationalen Flug mitnehmen wollte. In Antalya gelandet, fanden die allein Gereisten (M.T und D.B.) den ausgehungerten und ausgetrockneten Rest der Equipe vor. Kaum zu glauben, schleppte unsere Apfelk\u00f6nigin (V.K.) von Bichelsee einen selbst gebackenen Kuchen \u00fcber alle sieben Berge mit bis nach Antalya. Erst im Car in Richtung Hotel, verteilte sie endlich den Leckerbissen. Vielen Dank!\u00a0<\/p>\n\n\n\n<p>Angekommen im Hotel (Side Star Resort*****) erwartete das Team ein un\u00fcberschaubares Gl\u00e4uf. Von adeligen Engl\u00e4ndern \u00fcber geselligen Rentner bis zu der riesen Horde anderer Fussballer, war alles dabei. Trotz der sp\u00e4ten Stunde st\u00fcrmten Spielerinnen und Staff das noch reichhaltige Buffet. Im Food-Koma angekommen, hinterliess wie \u00fcblicherweise (M.T.) ihren Tschopen und un\u00fcblicherweise unser Rentner (P.H.) sein halbes Leben im Restaurant. Absolut \u00fcberzeugt und mit strammen Schritten hievten S.H. und A.S. ihre Koffer in den am n\u00e4chsten gelegenen Aufzug f\u00fcr den Zimmerbezug. Unbemerkt folgte ihnen niemand, denn Geb\u00e4ude und Stockwerke wurden eventuell falsch interpretiert. Erfrischt besammelte man sich in der Lobby f\u00fcr die erste Runde der Lager-Challenge. Team Alpha organisierte einen spektakul\u00e4ren nassen Mund-Teebeutel-Weitwurf-Wettkampf. Trotz offensiver Fussballtaktik unseres Goalitrainers (M.F.), ging sein Wurf hinten raus (ca. 1 Meter hinter die Abwurflinie). Team D versuchte sich noch mit den Mosliger Wurfk\u00fcnsten zu retten. Der Teebeutel von D.B. flog und flog und flog (alles sah Richtung Sieg aus), bis der Erk\u00e4ltungsteebeutel in der Baumkrone von A.B. verh\u00e4derte. Schiedsrichter und VAR schielten souver\u00e4n weg. Diese knappe Angelegenheit sorgte f\u00fcr den Sieg des Tagebuchschreibens. Gute Nacht und bis morgen.&nbsp;<\/p>\n\n\n\n<p>Redaktion Antalya Times alias M.F., B.H., L.G., D.B.&nbsp;<\/p>\n\n\n\n<figure class=\"wp-block-image size-large\"><img loading=\"lazy\" width=\"771\" height=\"1024\" src=\"https:\/\/fcbuetschwil.ch\/neu\/wp-content\/uploads\/2025\/02\/WhatsApp-Bild-2025-02-18-um-08.04.43_45ab80d7-771x1024.jpg\" alt=\"\" class=\"wp-image-7567\" srcset=\"https:\/\/fcbuetschwil.ch\/neu\/wp-content\/uploads\/2025\/02\/WhatsApp-Bild-2025-02-18-um-08.04.43_45ab80d7-771x1024.jpg 771w, https:\/\/fcbuetschwil.ch\/neu\/wp-content\/uploads\/2025\/02\/WhatsApp-Bild-2025-02-18-um-08.04.43_45ab80d7-753x1000.jpg 753w, https:\/\/fcbuetschwil.ch\/neu\/wp-content\/uploads\/2025\/02\/WhatsApp-Bild-2025-02-18-um-08.04.43_45ab80d7-768x1020.jpg 768w, https:\/\/fcbuetschwil.ch\/neu\/wp-content\/uploads\/2025\/02\/WhatsApp-Bild-2025-02-18-um-08.04.43_45ab80d7-1157x1536.jpg 1157w, https:\/\/fcbuetschwil.ch\/neu\/wp-content\/uploads\/2025\/02\/WhatsApp-Bild-2025-02-18-um-08.04.43_45ab80d7.jpg 1536w\" sizes=\"(max-width: 771px) 100vw, 771px\" \/><\/figure>\n\n\n\n<div class=\"wp-container-6 wp-block-group\"><div class=\"wp-block-group__inner-container\">\n<div class=\"wp-container-5 wp-block-columns\">\n<div class=\"wp-container-4 wp-block-column\" style=\"flex-basis:100%\">\n<figure class=\"wp-block-image size-large\"><img loading=\"lazy\" width=\"768\" height=\"1024\" src=\"https:\/\/fcbuetschwil.ch\/neu\/wp-content\/uploads\/2025\/02\/WhatsApp-Bild-2025-02-18-um-07.59.54_12e83eb0-768x1024.jpg\" alt=\"\" class=\"wp-image-7565\" srcset=\"https:\/\/fcbuetschwil.ch\/neu\/wp-content\/uploads\/2025\/02\/WhatsApp-Bild-2025-02-18-um-07.59.54_12e83eb0-768x1024.jpg 768w, https:\/\/fcbuetschwil.ch\/neu\/wp-content\/uploads\/2025\/02\/WhatsApp-Bild-2025-02-18-um-07.59.54_12e83eb0-750x1000.jpg 750w, https:\/\/fcbuetschwil.ch\/neu\/wp-content\/uploads\/2025\/02\/WhatsApp-Bild-2025-02-18-um-07.59.54_12e83eb0-300x400.jpg 300w, https:\/\/fcbuetschwil.ch\/neu\/wp-content\/uploads\/2025\/02\/WhatsApp-Bild-2025-02-18-um-07.59.54_12e83eb0-1152x1536.jpg 1152w, https:\/\/fcbuetschwil.ch\/neu\/wp-content\/uploads\/2025\/02\/WhatsApp-Bild-2025-02-18-um-07.59.54_12e83eb0.jpg 1368w\" sizes=\"(max-width: 768px) 100vw, 768px\" \/><\/figure>\n<\/div>\n<\/div>\n<\/div><\/div>\n\n\n\n<figure class=\"wp-container-8 wp-block-gallery-7 wp-block-gallery has-nested-images columns-default is-cropped\"><\/figure>\n\n\n\n<figure class=\"wp-container-10 wp-block-gallery-9 wp-block-gallery has-nested-images columns-default is-cropped\"><\/figure>\n","protected":false},"excerpt":{"rendered":"<p>ECKDATEN TRAININGSLAGER&nbsp; Mo, 17.02.2025 bis So, 23.02.2025&nbsp; Ort: Side, T\u00fcrkei&nbsp; TRAINER&nbsp; Marc Ott, Peter Hollenstein, Michele Fust&nbsp; PHYSIO&nbsp; Anna Hagmann&nbsp; SPIELERINNEN&nbsp; Amira Baumgartner, Diana Br\u00e4ndle, Fabienne Br\u00e4ndle, Siri Bucherini, Stephanie Buschta, Lara Gabathuler, Simone Gr\u00fcninger, Mara Hagmann, Corinna Hasler, Bernadette Hangartner, Samira Heeb, Valerie Kern, Marina Oberholzer, Anuschka Salzmann, Flavia Schaufelberger, Maurine Schnyder, Melanie Thalmann,&hellip;&nbsp;<a href=\"https:\/\/fcbuetschwil.ch\/neu\/trainingslager-fft1-2025-tag-1\/\" class=\"\" rel=\"bookmark\">Weiterlesen &raquo;<span class=\"screen-reader-text\">Trainingslager FFT1 2025 &#8211; Tag 1<\/span><\/a><\/p>\n","protected":false},"author":8,"featured_media":7566,"comment_status":"open","ping_status":"open","sticky":false,"template":"","format":"standard","meta":{"inline_featured_image":false,"_mi_skip_tracking":false,"kia_subtitle":"","neve_meta_sidebar":"","neve_meta_container":"","neve_meta_enable_content_width":"","neve_meta_content_width":0,"neve_meta_title_alignment":"","neve_meta_author_avatar":"","neve_post_elements_order":"","neve_meta_disable_header":"","neve_meta_disable_footer":"","neve_meta_disable_title":""},"categories":[56,34],"tags":[],"_links":{"self":[{"href":"https:\/\/fcbuetschwil.ch\/neu\/wp-json\/wp\/v2\/posts\/7564"}],"collection":[{"href":"https:\/\/fcbuetschwil.ch\/neu\/wp-json\/wp\/v2\/posts"}],"about":[{"href":"https:\/\/fcbuetschwil.ch\/neu\/wp-json\/wp\/v2\/types\/post"}],"author":[{"embeddable":true,"href":"https:\/\/fcbuetschwil.ch\/neu\/wp-json\/wp\/v2\/users\/8"}],"replies":[{"embeddable":true,"href":"https:\/\/fcbuetschwil.ch\/neu\/wp-json\/wp\/v2\/comments?post=7564"}],"version-history":[{"count":2,"href":"https:\/\/fcbuetschwil.ch\/neu\/wp-json\/wp\/v2\/posts\/7564\/revisions"}],"predecessor-version":[{"id":7569,"href":"https:\/\/fcbuetschwil.ch\/neu\/wp-json\/wp\/v2\/posts\/7564\/revisions\/7569"}],"wp:featuredmedia":[{"embeddable":true,"href":"https:\/\/fcbuetschwil.ch\/neu\/wp-json\/wp\/v2\/media\/7566"}],"wp:attachment":[{"href":"https:\/\/fcbuetschwil.ch\/neu\/wp-json\/wp\/v2\/media?parent=7564"}],"wp:term":[{"taxonomy":"category","embeddable":true,"href":"https:\/\/fcbuetschwil.ch\/neu\/wp-json\/wp\/v2\/categories?post=7564"},{"taxonomy":"post_tag","embeddable":true,"href":"https:\/\/fcbuetschwil.ch\/neu\/wp-json\/wp\/v2\/tags?post=7564"}],"curies":[{"name":"wp","href":"https:\/\/api.w.org\/{rel}","templated":true}]}}