{"id":7453,"date":"2024-10-16T21:07:16","date_gmt":"2024-10-16T19:07:16","guid":{"rendered":"https:\/\/fcbuetschwil.ch\/neu\/?p=7453"},"modified":"2024-10-16T21:07:18","modified_gmt":"2024-10-16T19:07:18","slug":"matchbericht-herren-1-vs-fc-taegerwilen-1","status":"publish","type":"post","link":"https:\/\/fcbuetschwil.ch\/neu\/matchbericht-herren-1-vs-fc-taegerwilen-1\/","title":{"rendered":"Matchbericht Herren 1 vs. FC T\u00e4gerwilen 1"},"content":{"rendered":"\n<p>Link zum Spielbericht: <a href=\"https:\/\/www.tagblatt.ch\/ostschweiz\/toggenburg\/regionalfussball-die-olma-bringt-kein-glueck-erstmals-seit-oktober-2023-musste-sich-3-liga-neuling-ebnat-kappel-wieder-einmal-geschlagen-geben-auch-damals-war-olma-ld.2684468\" data-type=\"URL\" data-id=\"https:\/\/www.tagblatt.ch\/ostschweiz\/toggenburg\/regionalfussball-die-olma-bringt-kein-glueck-erstmals-seit-oktober-2023-musste-sich-3-liga-neuling-ebnat-kappel-wieder-einmal-geschlagen-geben-auch-damals-war-olma-ld.2684468\" target=\"_blank\" rel=\"noreferrer noopener\">Toggenburger Tagblatt &#8211; Beat Lanzendorfer<\/a><\/p>\n\n\n\n<p>Link zum Matchtelegramm: <a href=\"https:\/\/matchcenter.ofv.swiss\/default.aspx?oid=9&amp;lng=1&amp;v=1699&amp;t=39669&amp;sg=65116&amp;ls=23219&amp;tg=4000756\" data-type=\"URL\" data-id=\"https:\/\/matchcenter.ofv.swiss\/default.aspx?oid=9&amp;lng=1&amp;v=1699&amp;t=39669&amp;sg=65116&amp;ls=23219&amp;tg=4000756\" target=\"_blank\" rel=\"noreferrer noopener\">OFV &#8211; Matchcenter<\/a><\/p>\n\n\n\n<figure class=\"wp-container-2 wp-block-gallery-1 wp-block-gallery has-nested-images columns-default is-cropped\">\n<figure class=\"wp-block-image size-large\"><img loading=\"lazy\" width=\"2560\" height=\"1706\" data-id=\"7445\"  src=\"https:\/\/fcbuetschwil.ch\/neu\/wp-content\/uploads\/2024\/10\/FCT_FCB-19-von-121-scaled.jpg\" alt=\"\" class=\"wp-image-7445\" srcset=\"https:\/\/fcbuetschwil.ch\/neu\/wp-content\/uploads\/2024\/10\/FCT_FCB-19-von-121-scaled.jpg 2560w, https:\/\/fcbuetschwil.ch\/neu\/wp-content\/uploads\/2024\/10\/FCT_FCB-19-von-121-1000x667.jpg 1000w, https:\/\/fcbuetschwil.ch\/neu\/wp-content\/uploads\/2024\/10\/FCT_FCB-19-von-121-1024x683.jpg 1024w, https:\/\/fcbuetschwil.ch\/neu\/wp-content\/uploads\/2024\/10\/FCT_FCB-19-von-121-768x512.jpg 768w, https:\/\/fcbuetschwil.ch\/neu\/wp-content\/uploads\/2024\/10\/FCT_FCB-19-von-121-391x260.jpg 391w, https:\/\/fcbuetschwil.ch\/neu\/wp-content\/uploads\/2024\/10\/FCT_FCB-19-von-121-1536x1024.jpg 1536w, https:\/\/fcbuetschwil.ch\/neu\/wp-content\/uploads\/2024\/10\/FCT_FCB-19-von-121-2048x1365.jpg 2048w, https:\/\/fcbuetschwil.ch\/neu\/wp-content\/uploads\/2024\/10\/FCT_FCB-19-von-121-930x620.jpg 930w\" sizes=\"(max-width: 2560px) 100vw, 2560px\" \/><\/figure>\n\n\n\n<figure class=\"wp-block-image size-large\"><img loading=\"lazy\" width=\"2529\" height=\"1686\" data-id=\"7452\"  src=\"https:\/\/fcbuetschwil.ch\/neu\/wp-content\/uploads\/2024\/10\/FCT_FCB-39-von-121.jpg\" alt=\"\" class=\"wp-image-7452\" srcset=\"https:\/\/fcbuetschwil.ch\/neu\/wp-content\/uploads\/2024\/10\/FCT_FCB-39-von-121.jpg 2529w, https:\/\/fcbuetschwil.ch\/neu\/wp-content\/uploads\/2024\/10\/FCT_FCB-39-von-121-1000x667.jpg 1000w, https:\/\/fcbuetschwil.ch\/neu\/wp-content\/uploads\/2024\/10\/FCT_FCB-39-von-121-1024x683.jpg 1024w, https:\/\/fcbuetschwil.ch\/neu\/wp-content\/uploads\/2024\/10\/FCT_FCB-39-von-121-768x512.jpg 768w, https:\/\/fcbuetschwil.ch\/neu\/wp-content\/uploads\/2024\/10\/FCT_FCB-39-von-121-391x260.jpg 391w, https:\/\/fcbuetschwil.ch\/neu\/wp-content\/uploads\/2024\/10\/FCT_FCB-39-von-121-1536x1024.jpg 1536w, https:\/\/fcbuetschwil.ch\/neu\/wp-content\/uploads\/2024\/10\/FCT_FCB-39-von-121-2048x1365.jpg 2048w, https:\/\/fcbuetschwil.ch\/neu\/wp-content\/uploads\/2024\/10\/FCT_FCB-39-von-121-930x620.jpg 930w\" sizes=\"(max-width: 2529px) 100vw, 2529px\" \/><\/figure>\n\n\n\n<figure class=\"wp-block-image size-large\"><img loading=\"lazy\" width=\"2560\" height=\"1706\" data-id=\"7451\"  src=\"https:\/\/fcbuetschwil.ch\/neu\/wp-content\/uploads\/2024\/10\/FCT_FCB-51-von-121-scaled.jpg\" alt=\"\" class=\"wp-image-7451\" srcset=\"https:\/\/fcbuetschwil.ch\/neu\/wp-content\/uploads\/2024\/10\/FCT_FCB-51-von-121-scaled.jpg 2560w, https:\/\/fcbuetschwil.ch\/neu\/wp-content\/uploads\/2024\/10\/FCT_FCB-51-von-121-1000x667.jpg 1000w, https:\/\/fcbuetschwil.ch\/neu\/wp-content\/uploads\/2024\/10\/FCT_FCB-51-von-121-1024x683.jpg 1024w, https:\/\/fcbuetschwil.ch\/neu\/wp-content\/uploads\/2024\/10\/FCT_FCB-51-von-121-768x512.jpg 768w, https:\/\/fcbuetschwil.ch\/neu\/wp-content\/uploads\/2024\/10\/FCT_FCB-51-von-121-391x260.jpg 391w, https:\/\/fcbuetschwil.ch\/neu\/wp-content\/uploads\/2024\/10\/FCT_FCB-51-von-121-1536x1024.jpg 1536w, https:\/\/fcbuetschwil.ch\/neu\/wp-content\/uploads\/2024\/10\/FCT_FCB-51-von-121-2048x1365.jpg 2048w, https:\/\/fcbuetschwil.ch\/neu\/wp-content\/uploads\/2024\/10\/FCT_FCB-51-von-121-930x620.jpg 930w\" sizes=\"(max-width: 2560px) 100vw, 2560px\" \/><\/figure>\n\n\n\n<figure class=\"wp-block-image size-large\"><img loading=\"lazy\" width=\"2321\" height=\"1547\" data-id=\"7449\"  src=\"https:\/\/fcbuetschwil.ch\/neu\/wp-content\/uploads\/2024\/10\/FCT_FCB-66-von-121.jpg\" alt=\"\" class=\"wp-image-7449\" srcset=\"https:\/\/fcbuetschwil.ch\/neu\/wp-content\/uploads\/2024\/10\/FCT_FCB-66-von-121.jpg 2321w, https:\/\/fcbuetschwil.ch\/neu\/wp-content\/uploads\/2024\/10\/FCT_FCB-66-von-121-1000x667.jpg 1000w, https:\/\/fcbuetschwil.ch\/neu\/wp-content\/uploads\/2024\/10\/FCT_FCB-66-von-121-1024x683.jpg 1024w, https:\/\/fcbuetschwil.ch\/neu\/wp-content\/uploads\/2024\/10\/FCT_FCB-66-von-121-768x512.jpg 768w, https:\/\/fcbuetschwil.ch\/neu\/wp-content\/uploads\/2024\/10\/FCT_FCB-66-von-121-391x260.jpg 391w, https:\/\/fcbuetschwil.ch\/neu\/wp-content\/uploads\/2024\/10\/FCT_FCB-66-von-121-1536x1024.jpg 1536w, https:\/\/fcbuetschwil.ch\/neu\/wp-content\/uploads\/2024\/10\/FCT_FCB-66-von-121-2048x1365.jpg 2048w, https:\/\/fcbuetschwil.ch\/neu\/wp-content\/uploads\/2024\/10\/FCT_FCB-66-von-121-930x620.jpg 930w\" sizes=\"(max-width: 2321px) 100vw, 2321px\" \/><\/figure>\n\n\n\n<figure class=\"wp-block-image size-large\"><img loading=\"lazy\" width=\"2560\" height=\"1706\" data-id=\"7448\"  src=\"https:\/\/fcbuetschwil.ch\/neu\/wp-content\/uploads\/2024\/10\/FCT_FCB-80-von-121-scaled.jpg\" alt=\"\" class=\"wp-image-7448\" srcset=\"https:\/\/fcbuetschwil.ch\/neu\/wp-content\/uploads\/2024\/10\/FCT_FCB-80-von-121-scaled.jpg 2560w, https:\/\/fcbuetschwil.ch\/neu\/wp-content\/uploads\/2024\/10\/FCT_FCB-80-von-121-1000x667.jpg 1000w, https:\/\/fcbuetschwil.ch\/neu\/wp-content\/uploads\/2024\/10\/FCT_FCB-80-von-121-1024x683.jpg 1024w, https:\/\/fcbuetschwil.ch\/neu\/wp-content\/uploads\/2024\/10\/FCT_FCB-80-von-121-768x512.jpg 768w, https:\/\/fcbuetschwil.ch\/neu\/wp-content\/uploads\/2024\/10\/FCT_FCB-80-von-121-391x260.jpg 391w, https:\/\/fcbuetschwil.ch\/neu\/wp-content\/uploads\/2024\/10\/FCT_FCB-80-von-121-1536x1024.jpg 1536w, https:\/\/fcbuetschwil.ch\/neu\/wp-content\/uploads\/2024\/10\/FCT_FCB-80-von-121-2048x1365.jpg 2048w, https:\/\/fcbuetschwil.ch\/neu\/wp-content\/uploads\/2024\/10\/FCT_FCB-80-von-121-930x620.jpg 930w\" sizes=\"(max-width: 2560px) 100vw, 2560px\" \/><\/figure>\n\n\n\n<figure class=\"wp-block-image size-large\"><img loading=\"lazy\" width=\"2560\" height=\"1706\" data-id=\"7447\"  src=\"https:\/\/fcbuetschwil.ch\/neu\/wp-content\/uploads\/2024\/10\/FCT_FCB-93-von-121-scaled.jpg\" alt=\"\" class=\"wp-image-7447\" srcset=\"https:\/\/fcbuetschwil.ch\/neu\/wp-content\/uploads\/2024\/10\/FCT_FCB-93-von-121-scaled.jpg 2560w, https:\/\/fcbuetschwil.ch\/neu\/wp-content\/uploads\/2024\/10\/FCT_FCB-93-von-121-1000x667.jpg 1000w, https:\/\/fcbuetschwil.ch\/neu\/wp-content\/uploads\/2024\/10\/FCT_FCB-93-von-121-1024x683.jpg 1024w, https:\/\/fcbuetschwil.ch\/neu\/wp-content\/uploads\/2024\/10\/FCT_FCB-93-von-121-768x512.jpg 768w, https:\/\/fcbuetschwil.ch\/neu\/wp-content\/uploads\/2024\/10\/FCT_FCB-93-von-121-391x260.jpg 391w, https:\/\/fcbuetschwil.ch\/neu\/wp-content\/uploads\/2024\/10\/FCT_FCB-93-von-121-1536x1024.jpg 1536w, https:\/\/fcbuetschwil.ch\/neu\/wp-content\/uploads\/2024\/10\/FCT_FCB-93-von-121-2048x1365.jpg 2048w, https:\/\/fcbuetschwil.ch\/neu\/wp-content\/uploads\/2024\/10\/FCT_FCB-93-von-121-930x620.jpg 930w\" sizes=\"(max-width: 2560px) 100vw, 2560px\" \/><\/figure>\n\n\n\n<figure class=\"wp-block-image size-large\"><img loading=\"lazy\" width=\"2560\" height=\"1706\" data-id=\"7446\"  src=\"https:\/\/fcbuetschwil.ch\/neu\/wp-content\/uploads\/2024\/10\/FCT_FCB-121-von-121-scaled.jpg\" alt=\"\" class=\"wp-image-7446\" srcset=\"https:\/\/fcbuetschwil.ch\/neu\/wp-content\/uploads\/2024\/10\/FCT_FCB-121-von-121-scaled.jpg 2560w, https:\/\/fcbuetschwil.ch\/neu\/wp-content\/uploads\/2024\/10\/FCT_FCB-121-von-121-1000x667.jpg 1000w, https:\/\/fcbuetschwil.ch\/neu\/wp-content\/uploads\/2024\/10\/FCT_FCB-121-von-121-1024x683.jpg 1024w, https:\/\/fcbuetschwil.ch\/neu\/wp-content\/uploads\/2024\/10\/FCT_FCB-121-von-121-768x512.jpg 768w, https:\/\/fcbuetschwil.ch\/neu\/wp-content\/uploads\/2024\/10\/FCT_FCB-121-von-121-391x260.jpg 391w, https:\/\/fcbuetschwil.ch\/neu\/wp-content\/uploads\/2024\/10\/FCT_FCB-121-von-121-1536x1024.jpg 1536w, https:\/\/fcbuetschwil.ch\/neu\/wp-content\/uploads\/2024\/10\/FCT_FCB-121-von-121-2048x1365.jpg 2048w, https:\/\/fcbuetschwil.ch\/neu\/wp-content\/uploads\/2024\/10\/FCT_FCB-121-von-121-930x620.jpg 930w\" sizes=\"(max-width: 2560px) 100vw, 2560px\" \/><\/figure>\n<\/figure>\n","protected":false},"excerpt":{"rendered":"<p>Link zum Spielbericht: Toggenburger Tagblatt &#8211; Beat Lanzendorfer Link zum Matchtelegramm: OFV &#8211; Matchcenter<\/p>\n","protected":false},"author":2,"featured_media":7448,"comment_status":"open","ping_status":"open","sticky":false,"template":"","format":"standard","meta":{"inline_featured_image":false,"_mi_skip_tracking":false,"kia_subtitle":"Unser \u00c4\u00e4s erk\u00e4mpft sich ausw\u00e4rts gegen den FC T\u00e4gerwilen einen Punkt.","neve_meta_sidebar":"","neve_meta_container":"","neve_meta_enable_content_width":"","neve_meta_content_width":0,"neve_meta_title_alignment":"","neve_meta_author_avatar":"","neve_post_elements_order":"","neve_meta_disable_header":"","neve_meta_disable_footer":"","neve_meta_disable_title":""},"categories":[2],"tags":[],"_links":{"self":[{"href":"https:\/\/fcbuetschwil.ch\/neu\/wp-json\/wp\/v2\/posts\/7453"}],"collection":[{"href":"https:\/\/fcbuetschwil.ch\/neu\/wp-json\/wp\/v2\/posts"}],"about":[{"href":"https:\/\/fcbuetschwil.ch\/neu\/wp-json\/wp\/v2\/types\/post"}],"author":[{"embeddable":true,"href":"https:\/\/fcbuetschwil.ch\/neu\/wp-json\/wp\/v2\/users\/2"}],"replies":[{"embeddable":true,"href":"https:\/\/fcbuetschwil.ch\/neu\/wp-json\/wp\/v2\/comments?post=7453"}],"version-history":[{"count":1,"href":"https:\/\/fcbuetschwil.ch\/neu\/wp-json\/wp\/v2\/posts\/7453\/revisions"}],"predecessor-version":[{"id":7454,"href":"https:\/\/fcbuetschwil.ch\/neu\/wp-json\/wp\/v2\/posts\/7453\/revisions\/7454"}],"wp:featuredmedia":[{"embeddable":true,"href":"https:\/\/fcbuetschwil.ch\/neu\/wp-json\/wp\/v2\/media\/7448"}],"wp:attachment":[{"href":"https:\/\/fcbuetschwil.ch\/neu\/wp-json\/wp\/v2\/media?parent=7453"}],"wp:term":[{"taxonomy":"category","embeddable":true,"href":"https:\/\/fcbuetschwil.ch\/neu\/wp-json\/wp\/v2\/categories?post=7453"},{"taxonomy":"post_tag","embeddable":true,"href":"https:\/\/fcbuetschwil.ch\/neu\/wp-json\/wp\/v2\/tags?post=7453"}],"curies":[{"name":"wp","href":"https:\/\/api.w.org\/{rel}","templated":true}]}}