{"id":6985,"date":"2024-06-12T22:21:17","date_gmt":"2024-06-12T20:21:17","guid":{"rendered":"https:\/\/fcbuetschwil.ch\/neu\/?p=6985"},"modified":"2024-06-12T22:21:19","modified_gmt":"2024-06-12T20:21:19","slug":"matchbericht-herren-1-vs-fc-arbon-1-2","status":"publish","type":"post","link":"https:\/\/fcbuetschwil.ch\/neu\/matchbericht-herren-1-vs-fc-arbon-1-2\/","title":{"rendered":"Matchbericht Herren 1 vs. FC Arbon 1."},"content":{"rendered":"\n<p><\/p>\n\n\n\n<p>Im zweitletzten Spiel der R\u00fcckrunde muss sich die B\u00fctschwiler Mannschaft mit 0:3 gegen den Leader Arbon geschlagen geben.<\/p>\n\n\n\n<p><strong>Link zum Spielbericht:<\/strong><\/p>\n\n\n\n<p><a href=\"\/\/www.tagblatt.ch\/ostschweiz\/toggenburg\/regionalfussball-ff-toggenburg-bleibt-das-team-der-stunde-und-gewinnt-zum-neunten-mal-in-serie-ebnat-kappel-benoetigt-noch-einen-sieg-zur-rueckkehr-in-die-3-liga-ld.2630931#subtitle-b-tschwil-war-kein-stolperstein-f-r-arbon-first\">https:\/\/www.tagblatt.ch\/ostschweiz\/toggenburg\/regionalfussball-ff-toggenburg-bleibt-das-team-der-stunde-und-gewinnt-zum-neunten-mal-in-serie-ebnat-kappel-benoetigt-noch-einen-sieg-zur-rueckkehr-in-die-3-liga-ld.2630931#subtitle-b-tschwil-war-kein-stolperstein-f-r-arbon-first<\/a><\/p>\n\n\n\n<p><strong>Matchtelegramm<\/strong><\/p>\n\n\n\n<p>FC B\u00fctschwil &#8211; FC Arbon 0:3 (0:1)<\/p>\n\n\n\n<p>B\u00fctschwil<\/p>\n\n\n\n<p>B\u00fctschwil: Noah Oswald, Leandro Eberle, Sandro Brunner, Gian Pfister, Silvan Forrer, Raphael Fust, Pascal Hollenstein, Elias Keller, Claudio Bl\u00f6chliger, David Birchler, Fabian Br\u00e4ndle.<\/p>\n","protected":false},"excerpt":{"rendered":"<p>Im zweitletzten Spiel der R\u00fcckrunde muss sich die B\u00fctschwiler Mannschaft mit 0:3 gegen den Leader Arbon geschlagen geben. Link zum Spielbericht: https:\/\/www.tagblatt.ch\/ostschweiz\/toggenburg\/regionalfussball-ff-toggenburg-bleibt-das-team-der-stunde-und-gewinnt-zum-neunten-mal-in-serie-ebnat-kappel-benoetigt-noch-einen-sieg-zur-rueckkehr-in-die-3-liga-ld.2630931#subtitle-b-tschwil-war-kein-stolperstein-f-r-arbon-first Matchtelegramm FC B\u00fctschwil &#8211; FC Arbon 0:3 (0:1) B\u00fctschwil B\u00fctschwil: Noah Oswald, Leandro Eberle, Sandro Brunner, Gian Pfister, Silvan Forrer, Raphael Fust, Pascal Hollenstein, Elias Keller, Claudio Bl\u00f6chliger, David Birchler, Fabian Br\u00e4ndle.<\/p>\n","protected":false},"author":7,"featured_media":6986,"comment_status":"open","ping_status":"open","sticky":false,"template":"","format":"standard","meta":{"inline_featured_image":false,"_mi_skip_tracking":false,"kia_subtitle":"Im zweitletzten Spiel erneut keine Punkte f\u00fcr das Herren 1.","neve_meta_sidebar":"","neve_meta_container":"","neve_meta_enable_content_width":"","neve_meta_content_width":0,"neve_meta_title_alignment":"","neve_meta_author_avatar":"","neve_post_elements_order":"","neve_meta_disable_header":"","neve_meta_disable_footer":"","neve_meta_disable_title":""},"categories":[2],"tags":[],"_links":{"self":[{"href":"https:\/\/fcbuetschwil.ch\/neu\/wp-json\/wp\/v2\/posts\/6985"}],"collection":[{"href":"https:\/\/fcbuetschwil.ch\/neu\/wp-json\/wp\/v2\/posts"}],"about":[{"href":"https:\/\/fcbuetschwil.ch\/neu\/wp-json\/wp\/v2\/types\/post"}],"author":[{"embeddable":true,"href":"https:\/\/fcbuetschwil.ch\/neu\/wp-json\/wp\/v2\/users\/7"}],"replies":[{"embeddable":true,"href":"https:\/\/fcbuetschwil.ch\/neu\/wp-json\/wp\/v2\/comments?post=6985"}],"version-history":[{"count":1,"href":"https:\/\/fcbuetschwil.ch\/neu\/wp-json\/wp\/v2\/posts\/6985\/revisions"}],"predecessor-version":[{"id":6987,"href":"https:\/\/fcbuetschwil.ch\/neu\/wp-json\/wp\/v2\/posts\/6985\/revisions\/6987"}],"wp:featuredmedia":[{"embeddable":true,"href":"https:\/\/fcbuetschwil.ch\/neu\/wp-json\/wp\/v2\/media\/6986"}],"wp:attachment":[{"href":"https:\/\/fcbuetschwil.ch\/neu\/wp-json\/wp\/v2\/media?parent=6985"}],"wp:term":[{"taxonomy":"category","embeddable":true,"href":"https:\/\/fcbuetschwil.ch\/neu\/wp-json\/wp\/v2\/categories?post=6985"},{"taxonomy":"post_tag","embeddable":true,"href":"https:\/\/fcbuetschwil.ch\/neu\/wp-json\/wp\/v2\/tags?post=6985"}],"curies":[{"name":"wp","href":"https:\/\/api.w.org\/{rel}","templated":true}]}}