{"id":6968,"date":"2024-05-28T17:57:24","date_gmt":"2024-05-28T15:57:24","guid":{"rendered":"https:\/\/fcbuetschwil.ch\/neu\/?p=6968"},"modified":"2024-05-28T17:57:26","modified_gmt":"2024-05-28T15:57:26","slug":"matchbericht-herren-1-vs-fc-uzwil-2","status":"publish","type":"post","link":"https:\/\/fcbuetschwil.ch\/neu\/matchbericht-herren-1-vs-fc-uzwil-2\/","title":{"rendered":"Matchbericht Herren 1 vs. FC Uzwil 2."},"content":{"rendered":"\n<p><\/p>\n\n\n\n<p>Gegen die 2. Mannschaft des FC Uzwil kommt unser Herren 1 nicht \u00fcber ein 1:2 hinaus, kann jedoch tabellarisch die gute Position noch halten.<\/p>\n\n\n\n<p><strong>Link zum Spielbericht:<\/strong><\/p>\n\n\n\n<p><a href=\"https:\/\/www.tagblatt.ch\/ostschweiz\/toggenburg\/regionalfussball-ebnat-kappel-haelt-sich-mit-kantersieg-an-der-tabellenspitze-auch-neckertal-degersheim-holt-sich-drei-weitere-punkte-in-einem-loch-ist-hingegen-buetschwil-ld.2624024#subtitle-b-tschwil-ist-in-ein-loch-gefallen-first\">https:\/\/www.tagblatt.ch\/ostschweiz\/toggenburg\/regionalfussball-ebnat-kappel-haelt-sich-mit-kantersieg-an-der-tabellenspitze-auch-neckertal-degersheim-holt-sich-drei-weitere-punkte-in-einem-loch-ist-hingegen-buetschwil-ld.2624024#subtitle-b-tschwil-ist-in-ein-loch-gefallen-first<\/a><\/p>\n\n\n\n<p><strong>Matchtelegramm<\/strong><\/p>\n\n\n\n<p>FC B\u00fctschwil &#8211; FC Uzwil 2 1:2 (1:1)<\/p>\n\n\n\n<p>B\u00fctschwil<\/p>\n\n\n\n<p>Tore B\u00fctschwil: 17. Segm\u00fcller<\/p>\n\n\n\n<p>B\u00fctschwil: Pascal Schmucki, Leandro Eberle, Sandro Brunner, Silvan Forrer, Raphael Fust, Pascal Hollenstein, Severin G\u00fcbeli, Elias Keller, Cyril Segm\u00fcller, Fabian Br\u00e4ndle, Silvio Truniger.<\/p>\n","protected":false},"excerpt":{"rendered":"<p>Gegen die 2. Mannschaft des FC Uzwil kommt unser Herren 1 nicht \u00fcber ein 1:2 hinaus, kann jedoch tabellarisch die gute Position noch halten. Link zum Spielbericht: https:\/\/www.tagblatt.ch\/ostschweiz\/toggenburg\/regionalfussball-ebnat-kappel-haelt-sich-mit-kantersieg-an-der-tabellenspitze-auch-neckertal-degersheim-holt-sich-drei-weitere-punkte-in-einem-loch-ist-hingegen-buetschwil-ld.2624024#subtitle-b-tschwil-ist-in-ein-loch-gefallen-first Matchtelegramm FC B\u00fctschwil &#8211; FC Uzwil 2 1:2 (1:1) B\u00fctschwil Tore B\u00fctschwil: 17. Segm\u00fcller B\u00fctschwil: Pascal Schmucki, Leandro Eberle, Sandro Brunner, Silvan Forrer, Raphael Fust, Pascal Hollenstein,&hellip;&nbsp;<a href=\"https:\/\/fcbuetschwil.ch\/neu\/matchbericht-herren-1-vs-fc-uzwil-2\/\" class=\"\" rel=\"bookmark\">Weiterlesen &raquo;<span class=\"screen-reader-text\">Matchbericht Herren 1 vs. FC Uzwil 2.<\/span><\/a><\/p>\n","protected":false},"author":7,"featured_media":6253,"comment_status":"open","ping_status":"open","sticky":false,"template":"","format":"standard","meta":{"inline_featured_image":false,"_mi_skip_tracking":false,"kia_subtitle":"Keine Punkte beim 1:2 gegen Uzwil.","neve_meta_sidebar":"","neve_meta_container":"","neve_meta_enable_content_width":"","neve_meta_content_width":0,"neve_meta_title_alignment":"","neve_meta_author_avatar":"","neve_post_elements_order":"","neve_meta_disable_header":"","neve_meta_disable_footer":"","neve_meta_disable_title":""},"categories":[2],"tags":[],"_links":{"self":[{"href":"https:\/\/fcbuetschwil.ch\/neu\/wp-json\/wp\/v2\/posts\/6968"}],"collection":[{"href":"https:\/\/fcbuetschwil.ch\/neu\/wp-json\/wp\/v2\/posts"}],"about":[{"href":"https:\/\/fcbuetschwil.ch\/neu\/wp-json\/wp\/v2\/types\/post"}],"author":[{"embeddable":true,"href":"https:\/\/fcbuetschwil.ch\/neu\/wp-json\/wp\/v2\/users\/7"}],"replies":[{"embeddable":true,"href":"https:\/\/fcbuetschwil.ch\/neu\/wp-json\/wp\/v2\/comments?post=6968"}],"version-history":[{"count":1,"href":"https:\/\/fcbuetschwil.ch\/neu\/wp-json\/wp\/v2\/posts\/6968\/revisions"}],"predecessor-version":[{"id":6969,"href":"https:\/\/fcbuetschwil.ch\/neu\/wp-json\/wp\/v2\/posts\/6968\/revisions\/6969"}],"wp:featuredmedia":[{"embeddable":true,"href":"https:\/\/fcbuetschwil.ch\/neu\/wp-json\/wp\/v2\/media\/6253"}],"wp:attachment":[{"href":"https:\/\/fcbuetschwil.ch\/neu\/wp-json\/wp\/v2\/media?parent=6968"}],"wp:term":[{"taxonomy":"category","embeddable":true,"href":"https:\/\/fcbuetschwil.ch\/neu\/wp-json\/wp\/v2\/categories?post=6968"},{"taxonomy":"post_tag","embeddable":true,"href":"https:\/\/fcbuetschwil.ch\/neu\/wp-json\/wp\/v2\/tags?post=6968"}],"curies":[{"name":"wp","href":"https:\/\/api.w.org\/{rel}","templated":true}]}}