{"id":6944,"date":"2024-05-13T19:17:52","date_gmt":"2024-05-13T17:17:52","guid":{"rendered":"https:\/\/fcbuetschwil.ch\/neu\/?p=6944"},"modified":"2024-05-13T19:17:54","modified_gmt":"2024-05-13T17:17:54","slug":"matchbericht-herren-1-vs-fc-wattwil-bunt-1-2","status":"publish","type":"post","link":"https:\/\/fcbuetschwil.ch\/neu\/matchbericht-herren-1-vs-fc-wattwil-bunt-1-2\/","title":{"rendered":"Matchbericht Herren 1 vs. FC Wattwil-Bunt 1."},"content":{"rendered":"\n<p><\/p>\n\n\n\n<p>Ein hitziges Derby endet mit einem 2:2 unentschieden. Das Resultat wird von einer schwerwiegenden Verletzung \u00fcberschattet. Gute Besserung an unseren Capitano!<\/p>\n\n\n\n<p><\/p>\n\n\n\n<p><strong>Link zum Spielbericht:<\/strong><\/p>\n\n\n\n<p><a href=\"https:\/\/www.tagblatt.ch\/ostschweiz\/toggenburg\/regionalfussball-ff-toggenburg-kommt-der-1-liga-einen-weiteren-schritt-naeher-derby-buetschwilwattwil-bunt-wird-von-schwerer-verletzung-ueberschattet-ld.2618181#subtitle-schwere-verletzung-berschattet-derby-second\">https:\/\/www.tagblatt.ch\/ostschweiz\/toggenburg\/regionalfussball-ff-toggenburg-kommt-der-1-liga-einen-weiteren-schritt-naeher-derby-buetschwilwattwil-bunt-wird-von-schwerer-verletzung-ueberschattet-ld.2618181#subtitle-schwere-verletzung-berschattet-derby-second<\/a><\/p>\n\n\n\n<p><strong>Matchtelegramm<\/strong><\/p>\n\n\n\n<p>FC B\u00fctschwil &#8211; FC Wattwil-Bunt 2:2 (1:1)<\/p>\n\n\n\n<p>Breite, B\u00fctschwil<\/p>\n\n\n\n<p>Tore B\u00fctschwil: 21&#8242; G\u00fcbeli, 52&#8242; Truniger<\/p>\n\n\n\n<p>B\u00fctschwil: Noah Oswald, Pascal Hollenstein, Sandro Brunner, Silvan Forrer, Raphael Fust, Severin G\u00fcbeli, Fabian Br\u00e4ndle, Elias Keller, David Birchler, Marko Mikinac, Daniel F\u00e4h.<\/p>\n","protected":false},"excerpt":{"rendered":"<p>Ein hitziges Derby endet mit einem 2:2 unentschieden. Das Resultat wird von einer schwerwiegenden Verletzung \u00fcberschattet. Gute Besserung an unseren Capitano! Link zum Spielbericht: https:\/\/www.tagblatt.ch\/ostschweiz\/toggenburg\/regionalfussball-ff-toggenburg-kommt-der-1-liga-einen-weiteren-schritt-naeher-derby-buetschwilwattwil-bunt-wird-von-schwerer-verletzung-ueberschattet-ld.2618181#subtitle-schwere-verletzung-berschattet-derby-second Matchtelegramm FC B\u00fctschwil &#8211; FC Wattwil-Bunt 2:2 (1:1) Breite, B\u00fctschwil Tore B\u00fctschwil: 21&#8242; G\u00fcbeli, 52&#8242; Truniger B\u00fctschwil: Noah Oswald, Pascal Hollenstein, Sandro Brunner, Silvan Forrer, Raphael Fust, Severin G\u00fcbeli, Fabian&hellip;&nbsp;<a href=\"https:\/\/fcbuetschwil.ch\/neu\/matchbericht-herren-1-vs-fc-wattwil-bunt-1-2\/\" class=\"\" rel=\"bookmark\">Weiterlesen &raquo;<span class=\"screen-reader-text\">Matchbericht Herren 1 vs. FC Wattwil-Bunt 1.<\/span><\/a><\/p>\n","protected":false},"author":7,"featured_media":6945,"comment_status":"open","ping_status":"open","sticky":false,"template":"","format":"standard","meta":{"inline_featured_image":false,"_mi_skip_tracking":false,"kia_subtitle":"Das 2:2 im Derby gegen Wattwil-Bunt bringt B\u00fctschwil einen weiteren Punkt ein.","neve_meta_sidebar":"","neve_meta_container":"","neve_meta_enable_content_width":"","neve_meta_content_width":0,"neve_meta_title_alignment":"","neve_meta_author_avatar":"","neve_post_elements_order":"","neve_meta_disable_header":"","neve_meta_disable_footer":"","neve_meta_disable_title":""},"categories":[2],"tags":[],"_links":{"self":[{"href":"https:\/\/fcbuetschwil.ch\/neu\/wp-json\/wp\/v2\/posts\/6944"}],"collection":[{"href":"https:\/\/fcbuetschwil.ch\/neu\/wp-json\/wp\/v2\/posts"}],"about":[{"href":"https:\/\/fcbuetschwil.ch\/neu\/wp-json\/wp\/v2\/types\/post"}],"author":[{"embeddable":true,"href":"https:\/\/fcbuetschwil.ch\/neu\/wp-json\/wp\/v2\/users\/7"}],"replies":[{"embeddable":true,"href":"https:\/\/fcbuetschwil.ch\/neu\/wp-json\/wp\/v2\/comments?post=6944"}],"version-history":[{"count":1,"href":"https:\/\/fcbuetschwil.ch\/neu\/wp-json\/wp\/v2\/posts\/6944\/revisions"}],"predecessor-version":[{"id":6946,"href":"https:\/\/fcbuetschwil.ch\/neu\/wp-json\/wp\/v2\/posts\/6944\/revisions\/6946"}],"wp:featuredmedia":[{"embeddable":true,"href":"https:\/\/fcbuetschwil.ch\/neu\/wp-json\/wp\/v2\/media\/6945"}],"wp:attachment":[{"href":"https:\/\/fcbuetschwil.ch\/neu\/wp-json\/wp\/v2\/media?parent=6944"}],"wp:term":[{"taxonomy":"category","embeddable":true,"href":"https:\/\/fcbuetschwil.ch\/neu\/wp-json\/wp\/v2\/categories?post=6944"},{"taxonomy":"post_tag","embeddable":true,"href":"https:\/\/fcbuetschwil.ch\/neu\/wp-json\/wp\/v2\/tags?post=6944"}],"curies":[{"name":"wp","href":"https:\/\/api.w.org\/{rel}","templated":true}]}}