{"id":6825,"date":"2024-04-29T22:09:47","date_gmt":"2024-04-29T20:09:47","guid":{"rendered":"https:\/\/fcbuetschwil.ch\/neu\/?p=6825"},"modified":"2024-04-29T22:09:49","modified_gmt":"2024-04-29T20:09:49","slug":"matchbericht-herren-1-vs-fc-tobel-affeltrangen-1-2","status":"publish","type":"post","link":"https:\/\/fcbuetschwil.ch\/neu\/matchbericht-herren-1-vs-fc-tobel-affeltrangen-1-2\/","title":{"rendered":"Matchbericht Herren 1 vs. FC Tobel-Affeltrangen 1"},"content":{"rendered":"\n<p><\/p>\n\n\n\n<p>In der zweiten H\u00e4lfte verliert unser Herren 1 den Zugriff und verliert mit 0:2 ausw\u00e4rts gegen Tobel-Affeltrangen.<\/p>\n\n\n\n<p><\/p>\n\n\n\n<p><strong>Link zum Spielbericht:<\/strong><\/p>\n\n\n\n<p>https:\/\/www.tagblatt.ch\/ostschweiz\/toggenburg\/regionalfussball-die-zweiligisten-straucheln-die-uebrigen-teams-sind-erfolgreich-das-ist-die-bilanz-der-toggenburger-vereine-vom-wochenende-ld.2612772#subtitle-b-tschwil-verliert-gegen-das-berraschungsteam-first<\/p>\n\n\n\n<p><strong>Matchtelegramm<\/strong><\/p>\n\n\n\n<p>FC Tobel-Affeltrangen &#8211; FC B\u00fctschwil 0:2 (0:0)<\/p>\n\n\n\n<p>Tobel<\/p>\n\n\n\n<p>Tore B\u00fctschwil:<\/p>\n\n\n\n<p>B\u00fctschwil: Noah Oswald, Pascal Hollenstein, Sandro Brunner, Silvan Forrer, Raphael Fust, Severin G\u00fcbeli, Fabian Br\u00e4ndle, Marko Mikinac, David Birchler, Daniel F\u00e4h, Matthias R\u00fcegg.<\/p>\n","protected":false},"excerpt":{"rendered":"<p>In der zweiten H\u00e4lfte verliert unser Herren 1 den Zugriff und verliert mit 0:2 ausw\u00e4rts gegen Tobel-Affeltrangen. Link zum Spielbericht: https:\/\/www.tagblatt.ch\/ostschweiz\/toggenburg\/regionalfussball-die-zweiligisten-straucheln-die-uebrigen-teams-sind-erfolgreich-das-ist-die-bilanz-der-toggenburger-vereine-vom-wochenende-ld.2612772#subtitle-b-tschwil-verliert-gegen-das-berraschungsteam-first Matchtelegramm FC Tobel-Affeltrangen &#8211; FC B\u00fctschwil 0:2 (0:0) Tobel Tore B\u00fctschwil: B\u00fctschwil: Noah Oswald, Pascal Hollenstein, Sandro Brunner, Silvan Forrer, Raphael Fust, Severin G\u00fcbeli, Fabian Br\u00e4ndle, Marko Mikinac, David Birchler, Daniel F\u00e4h, Matthias R\u00fcegg.<\/p>\n","protected":false},"author":7,"featured_media":6253,"comment_status":"open","ping_status":"open","sticky":false,"template":"","format":"standard","meta":{"inline_featured_image":false,"_mi_skip_tracking":false,"kia_subtitle":"B\u00fctschwil muss sich mit 0:2 geschlagen geben.","neve_meta_sidebar":"","neve_meta_container":"","neve_meta_enable_content_width":"","neve_meta_content_width":0,"neve_meta_title_alignment":"","neve_meta_author_avatar":"","neve_post_elements_order":"","neve_meta_disable_header":"","neve_meta_disable_footer":"","neve_meta_disable_title":""},"categories":[2],"tags":[],"_links":{"self":[{"href":"https:\/\/fcbuetschwil.ch\/neu\/wp-json\/wp\/v2\/posts\/6825"}],"collection":[{"href":"https:\/\/fcbuetschwil.ch\/neu\/wp-json\/wp\/v2\/posts"}],"about":[{"href":"https:\/\/fcbuetschwil.ch\/neu\/wp-json\/wp\/v2\/types\/post"}],"author":[{"embeddable":true,"href":"https:\/\/fcbuetschwil.ch\/neu\/wp-json\/wp\/v2\/users\/7"}],"replies":[{"embeddable":true,"href":"https:\/\/fcbuetschwil.ch\/neu\/wp-json\/wp\/v2\/comments?post=6825"}],"version-history":[{"count":1,"href":"https:\/\/fcbuetschwil.ch\/neu\/wp-json\/wp\/v2\/posts\/6825\/revisions"}],"predecessor-version":[{"id":6826,"href":"https:\/\/fcbuetschwil.ch\/neu\/wp-json\/wp\/v2\/posts\/6825\/revisions\/6826"}],"wp:featuredmedia":[{"embeddable":true,"href":"https:\/\/fcbuetschwil.ch\/neu\/wp-json\/wp\/v2\/media\/6253"}],"wp:attachment":[{"href":"https:\/\/fcbuetschwil.ch\/neu\/wp-json\/wp\/v2\/media?parent=6825"}],"wp:term":[{"taxonomy":"category","embeddable":true,"href":"https:\/\/fcbuetschwil.ch\/neu\/wp-json\/wp\/v2\/categories?post=6825"},{"taxonomy":"post_tag","embeddable":true,"href":"https:\/\/fcbuetschwil.ch\/neu\/wp-json\/wp\/v2\/tags?post=6825"}],"curies":[{"name":"wp","href":"https:\/\/api.w.org\/{rel}","templated":true}]}}