{"id":6677,"date":"2024-03-08T15:28:07","date_gmt":"2024-03-08T13:28:07","guid":{"rendered":"https:\/\/fcbuetschwil.ch\/neu\/?p=6677"},"modified":"2024-03-08T15:28:10","modified_gmt":"2024-03-08T13:28:10","slug":"trainingslager-2024-tag-5","status":"publish","type":"post","link":"https:\/\/fcbuetschwil.ch\/neu\/trainingslager-2024-tag-5\/","title":{"rendered":"Trainingslager 2024 &#8211; Tag 5"},"content":{"rendered":"\n<p>W\u00e4hrend ein Teil der Mannschaft am Vorabend fr\u00fchzeitig wieder aus Barcelona zur\u00fcckkehrte, nutzten Andere den Abend f\u00fcr eine zus\u00e4tzliche Koordinations-Einheit im Nachtleben Barcelonas, wobei der Capitano kurzerhand Physio-\u00dcbungen in Dance-Moves umfunktionierte und damit schwer beeindruckte.<\/p>\n\n\n\n<p>Kein Wunder lag der Fokus am Morgen auf jenen im Club anwesenden Personalien. Unser Torh\u00fcter lieferte sich mit Casanova S.B. daf\u00fcr einen verbalen Schlagabtausch um die Vergabe der legend\u00e4ren Per\u00fccke. W\u00e4hrend sich N.O. seiner Liebe des Lebens bestohlen sah, erkl\u00e4rte S.B., dass Differenzen zwischen den Anspr\u00fcchen und dem physischen Erscheinungsbild unseres Torh\u00fcters bestehen w\u00fcrden. Und obwohl sich die Beiden auf der Heimreise einen Moment romantischer Zweisamkeit auf einer Br\u00fccke g\u00f6nnten, waren die Fronten verh\u00e4rtet und einer der Beiden musste schlussendlich wegen unbest\u00e4tigten Anschuldigungen den sch\u00f6nen Kopfschmuck f\u00fcr den Rest des Tages auf sich tragen.<\/p>\n\n\n\n<p>Der Tag galt dann der individuellen Vorbereitung auf das langersehnte L\u00e4nderspiel. Nachdem der Assistenztrainer bereits unter der Woche seine Social-Media-Affinit\u00e4t bewies, schwelgte der Torwarttrainer in alten Erinnerungen und pr\u00e4sentierte in seinem Whatsapp-Status den Schlafplatz am Strand von Lloret de Mar, welchen er bei seinen Partyferien vor 30 Jahren mangels Hotelbuchung als Notunterkunft missbrauchte.&nbsp;<\/p>\n\n\n\n<p>Am Nachmittag hatte Ruedi eine Foto-Diashow vorbereitet und wir liessen die Erlebnisse der letzten Jahre Revue passieren. Dann gingen wir zum Abendbrot \u00fcber. W\u00e4hrend die Mannschaft seri\u00f6s am bestm\u00f6glichen Fokus f\u00fcr das Testspiel schliff, driftete der Staff von der Professionalit\u00e4t ab. Als der Haupttrainer den Assistenten fragte: \u201eNinsch du Wyy?\u201c, rief der VA (Videoanalyst T.Z.) bereits besorgt durch den Speisesaal: \u201eHesch de Rot scho bstellt?\u201c&nbsp;<\/p>\n\n\n\n<p>Ein Gl\u00fcck hatte unser M\u00e4dchen-f\u00fcr-Alles (Martin) einmal mehr hervorragende Arbeit geleistet und daf\u00fcr gesorgt, dass kein Personal vorhanden war, um diesem Wunsch Folge zu leisten.<\/p>\n\n\n\n<p>Per Bus an der vermeintlichen Spielst\u00e4tte angekommen, wartete eine 10-min\u00fctige Schnitzeljagd zum Spielfeld auf uns. W\u00e4hrend wir dann f\u00fcr unser Teamfoto posierten, zeigte bereits die Juniorenabteilung unseres spanischen Kontrahenten ihre technischen F\u00e4higkeiten und wir uns schwer beeindruckt davon.\u00a0<\/p>\n\n\n\n<p>Im Spiel selbst konnten wir uns in der 1. H\u00e4lfte gegen den regionalen 2. Ligisten aus der katalanischen Liga gut beweisen und so ging es 0:0 in die Pause. Nachdem wir durch ein Blitztor vom Wadenwunder aus Moslig gar 1:0 in F\u00fchrung gingen, mussten wir gegen Ende Spiel die Segel streichen. W\u00e4hrend Malgrat auf dem rechten Fl\u00fcgel auf den Bruder von Vinicius Junior setzte, durfte in unseren Reihen der Torh\u00fcter noch Spielpraxis im zentralen Mittelfeld sammeln. Mit einem wundersch\u00f6nen Distanztreffer setzte Malgrat den Schlusspunkt und es Stand ein Verdikt von 1:5 auf der Anzeigetafel. Nichtsdestotrotz war dies ein gelungener Test f\u00fcr uns und wird konnten die Trainingsinhalte in das Spiel \u00fcbertragen.<\/p>\n\n\n\n<figure class=\"wp-container-2 wp-block-gallery-1 wp-block-gallery has-nested-images columns-default is-cropped\">\n<figure class=\"wp-block-image size-large\"><img loading=\"lazy\" width=\"1024\" height=\"576\" data-id=\"6678\"  src=\"https:\/\/fcbuetschwil.ch\/neu\/wp-content\/uploads\/2024\/03\/3f219d1e-a71e-4bf9-99b5-89edaae6d2be-2-1024x576.jpg\" alt=\"\" class=\"wp-image-6678\" srcset=\"https:\/\/fcbuetschwil.ch\/neu\/wp-content\/uploads\/2024\/03\/3f219d1e-a71e-4bf9-99b5-89edaae6d2be-2-1024x576.jpg 1024w, https:\/\/fcbuetschwil.ch\/neu\/wp-content\/uploads\/2024\/03\/3f219d1e-a71e-4bf9-99b5-89edaae6d2be-2-1000x563.jpg 1000w, https:\/\/fcbuetschwil.ch\/neu\/wp-content\/uploads\/2024\/03\/3f219d1e-a71e-4bf9-99b5-89edaae6d2be-2-768x432.jpg 768w, https:\/\/fcbuetschwil.ch\/neu\/wp-content\/uploads\/2024\/03\/3f219d1e-a71e-4bf9-99b5-89edaae6d2be-2-1536x864.jpg 1536w, https:\/\/fcbuetschwil.ch\/neu\/wp-content\/uploads\/2024\/03\/3f219d1e-a71e-4bf9-99b5-89edaae6d2be-2.jpg 1600w\" sizes=\"(max-width: 1024px) 100vw, 1024px\" \/><\/figure>\n\n\n\n<figure class=\"wp-block-image size-large\"><img loading=\"lazy\" width=\"1024\" height=\"576\" data-id=\"6680\"  src=\"https:\/\/fcbuetschwil.ch\/neu\/wp-content\/uploads\/2024\/03\/e7940fda-e4b9-40d0-8e97-ccd98515bc50-1024x576.jpg\" alt=\"\" class=\"wp-image-6680\" srcset=\"https:\/\/fcbuetschwil.ch\/neu\/wp-content\/uploads\/2024\/03\/e7940fda-e4b9-40d0-8e97-ccd98515bc50-1024x576.jpg 1024w, https:\/\/fcbuetschwil.ch\/neu\/wp-content\/uploads\/2024\/03\/e7940fda-e4b9-40d0-8e97-ccd98515bc50-1000x563.jpg 1000w, https:\/\/fcbuetschwil.ch\/neu\/wp-content\/uploads\/2024\/03\/e7940fda-e4b9-40d0-8e97-ccd98515bc50-768x432.jpg 768w, https:\/\/fcbuetschwil.ch\/neu\/wp-content\/uploads\/2024\/03\/e7940fda-e4b9-40d0-8e97-ccd98515bc50-1536x864.jpg 1536w, https:\/\/fcbuetschwil.ch\/neu\/wp-content\/uploads\/2024\/03\/e7940fda-e4b9-40d0-8e97-ccd98515bc50.jpg 1600w\" sizes=\"(max-width: 1024px) 100vw, 1024px\" \/><\/figure>\n\n\n\n<figure class=\"wp-block-image size-large\"><img loading=\"lazy\" width=\"768\" height=\"1024\" data-id=\"6679\"  src=\"https:\/\/fcbuetschwil.ch\/neu\/wp-content\/uploads\/2024\/03\/a3720710-eb3b-4cc0-897a-2e7b525c99e0-768x1024.jpg\" alt=\"\" class=\"wp-image-6679\" srcset=\"https:\/\/fcbuetschwil.ch\/neu\/wp-content\/uploads\/2024\/03\/a3720710-eb3b-4cc0-897a-2e7b525c99e0-768x1024.jpg 768w, https:\/\/fcbuetschwil.ch\/neu\/wp-content\/uploads\/2024\/03\/a3720710-eb3b-4cc0-897a-2e7b525c99e0-750x1000.jpg 750w, https:\/\/fcbuetschwil.ch\/neu\/wp-content\/uploads\/2024\/03\/a3720710-eb3b-4cc0-897a-2e7b525c99e0-300x400.jpg 300w, https:\/\/fcbuetschwil.ch\/neu\/wp-content\/uploads\/2024\/03\/a3720710-eb3b-4cc0-897a-2e7b525c99e0-1152x1536.jpg 1152w, https:\/\/fcbuetschwil.ch\/neu\/wp-content\/uploads\/2024\/03\/a3720710-eb3b-4cc0-897a-2e7b525c99e0.jpg 1200w\" sizes=\"(max-width: 768px) 100vw, 768px\" \/><\/figure>\n\n\n\n<figure class=\"wp-block-image size-large\"><img loading=\"lazy\" width=\"1024\" height=\"576\" data-id=\"6681\"  src=\"https:\/\/fcbuetschwil.ch\/neu\/wp-content\/uploads\/2024\/03\/1162178f-7d92-4d8f-93c7-76993fe83e1c-1024x576.jpg\" alt=\"\" class=\"wp-image-6681\" srcset=\"https:\/\/fcbuetschwil.ch\/neu\/wp-content\/uploads\/2024\/03\/1162178f-7d92-4d8f-93c7-76993fe83e1c-1024x576.jpg 1024w, https:\/\/fcbuetschwil.ch\/neu\/wp-content\/uploads\/2024\/03\/1162178f-7d92-4d8f-93c7-76993fe83e1c-1000x563.jpg 1000w, https:\/\/fcbuetschwil.ch\/neu\/wp-content\/uploads\/2024\/03\/1162178f-7d92-4d8f-93c7-76993fe83e1c-768x432.jpg 768w, https:\/\/fcbuetschwil.ch\/neu\/wp-content\/uploads\/2024\/03\/1162178f-7d92-4d8f-93c7-76993fe83e1c-1536x864.jpg 1536w, https:\/\/fcbuetschwil.ch\/neu\/wp-content\/uploads\/2024\/03\/1162178f-7d92-4d8f-93c7-76993fe83e1c.jpg 2048w\" sizes=\"(max-width: 1024px) 100vw, 1024px\" \/><\/figure>\n<\/figure>\n","protected":false},"excerpt":{"rendered":"<p>W\u00e4hrend ein Teil der Mannschaft am Vorabend fr\u00fchzeitig wieder aus Barcelona zur\u00fcckkehrte, nutzten Andere den Abend f\u00fcr eine zus\u00e4tzliche Koordinations-Einheit im Nachtleben Barcelonas, wobei der Capitano kurzerhand Physio-\u00dcbungen in Dance-Moves umfunktionierte und damit schwer beeindruckte. Kein Wunder lag der Fokus am Morgen auf jenen im Club anwesenden Personalien. Unser Torh\u00fcter lieferte sich mit Casanova S.B.&hellip;&nbsp;<a href=\"https:\/\/fcbuetschwil.ch\/neu\/trainingslager-2024-tag-5\/\" class=\"\" rel=\"bookmark\">Weiterlesen &raquo;<span class=\"screen-reader-text\">Trainingslager 2024 &#8211; Tag 5<\/span><\/a><\/p>\n","protected":false},"author":7,"featured_media":6681,"comment_status":"open","ping_status":"open","sticky":false,"template":"","format":"standard","meta":{"inline_featured_image":false,"_mi_skip_tracking":false,"kia_subtitle":"Tag 5","neve_meta_sidebar":"","neve_meta_container":"","neve_meta_enable_content_width":"","neve_meta_content_width":0,"neve_meta_title_alignment":"","neve_meta_author_avatar":"","neve_post_elements_order":"","neve_meta_disable_header":"","neve_meta_disable_footer":"","neve_meta_disable_title":""},"categories":[2],"tags":[],"_links":{"self":[{"href":"https:\/\/fcbuetschwil.ch\/neu\/wp-json\/wp\/v2\/posts\/6677"}],"collection":[{"href":"https:\/\/fcbuetschwil.ch\/neu\/wp-json\/wp\/v2\/posts"}],"about":[{"href":"https:\/\/fcbuetschwil.ch\/neu\/wp-json\/wp\/v2\/types\/post"}],"author":[{"embeddable":true,"href":"https:\/\/fcbuetschwil.ch\/neu\/wp-json\/wp\/v2\/users\/7"}],"replies":[{"embeddable":true,"href":"https:\/\/fcbuetschwil.ch\/neu\/wp-json\/wp\/v2\/comments?post=6677"}],"version-history":[{"count":1,"href":"https:\/\/fcbuetschwil.ch\/neu\/wp-json\/wp\/v2\/posts\/6677\/revisions"}],"predecessor-version":[{"id":6682,"href":"https:\/\/fcbuetschwil.ch\/neu\/wp-json\/wp\/v2\/posts\/6677\/revisions\/6682"}],"wp:featuredmedia":[{"embeddable":true,"href":"https:\/\/fcbuetschwil.ch\/neu\/wp-json\/wp\/v2\/media\/6681"}],"wp:attachment":[{"href":"https:\/\/fcbuetschwil.ch\/neu\/wp-json\/wp\/v2\/media?parent=6677"}],"wp:term":[{"taxonomy":"category","embeddable":true,"href":"https:\/\/fcbuetschwil.ch\/neu\/wp-json\/wp\/v2\/categories?post=6677"},{"taxonomy":"post_tag","embeddable":true,"href":"https:\/\/fcbuetschwil.ch\/neu\/wp-json\/wp\/v2\/tags?post=6677"}],"curies":[{"name":"wp","href":"https:\/\/api.w.org\/{rel}","templated":true}]}}