{"id":6668,"date":"2024-03-06T18:31:00","date_gmt":"2024-03-06T16:31:00","guid":{"rendered":"https:\/\/fcbuetschwil.ch\/neu\/?p=6668"},"modified":"2024-03-06T18:31:03","modified_gmt":"2024-03-06T16:31:03","slug":"trainingslager-2024-tag-4","status":"publish","type":"post","link":"https:\/\/fcbuetschwil.ch\/neu\/trainingslager-2024-tag-4\/","title":{"rendered":"Trainingslager 2024 &#8211; Tag 4"},"content":{"rendered":"\n<p>Neuer Tag, neue Per\u00fcckenwahl. Drohenpilot Ziege wurde mangelnde Vorbereitung bei der Theoriestunde vorgeworfen, Dave mutwilliges Einsperren von Teammitgliedern im Hotellift. Beides war der Mannschaft aber zu wenig f\u00fcr eine Bestrafung und so blieb die Vergabe f\u00fcr einmal aus.&nbsp;<\/p>\n\n\n\n<p>Beim Vormittagstraining war auch dieses Mal unser Carfahrer als Zaungast anwesend und folgte gebannt unserer Vorf\u00fchrung. Er war mit unserer Ballkontrolle nicht ganz zufrieden, findet uns im Allgemeinen aber nett. Dem Training fern blieb Severin, welcher krankheitsbedingt das Bett h\u00fcten musste. Eine schlaue Strategie, sich im Handumdrehen ein Einzelzimmer zu verschaffen. Sein Zimmercompagnon Bruno Schmucki musste nun ins Zimmer von Ziege z\u00fcgeln und mit ihm nat\u00fcrlich auch die Salatsaucenflaschen. Ein gewagtes Man\u00f6ver, da beim Zimmerwechsel die K\u00fchlkette unterbrochen wurde.<\/p>\n\n\n\n<p>Am Nachmittag war trainingsfrei. Dies wurde f\u00fcr einen Ausflug nach Barcelona genutzt. Daf\u00fcr wurden die besten Hemden aus dem Koffer geholt und die Physiotherapeutin g\u00f6nnte sich gar eine Extraportion Volumenshampoo. Gleich bei Ankunft in der katalanischen Hauptstadt wurde die geschichtstr\u00e4chtige M\u00fcnzwurf-Challenge ausgetragen, welche &#8211; Legenden zufolge &#8211; in der 1. Mannschaft bereits seit dem fr\u00fchen Mittelalter Tradition hat. Danach bot man den zahlreichen Taschendieben auf der Fussg\u00e4ngerpromenade \u201eLas Ramblas\u201c die prall gef\u00fcllten Portemonnaies feil. Da kein Langfinger interessiert war, musste man sp\u00e4ter das viele Bargeld notgedrungen in den Caf\u00e9s, Tapabars und Nachtclubs liegen lassen.<\/p>\n\n\n\n<figure class=\"wp-container-2 wp-block-gallery-1 wp-block-gallery has-nested-images columns-default is-cropped\">\n<figure class=\"wp-block-image size-large\"><img loading=\"lazy\" width=\"1024\" height=\"576\" data-id=\"6669\"  src=\"https:\/\/fcbuetschwil.ch\/neu\/wp-content\/uploads\/2024\/03\/3f219d1e-a71e-4bf9-99b5-89edaae6d2be-1024x576.jpg\" alt=\"\" class=\"wp-image-6669\" srcset=\"https:\/\/fcbuetschwil.ch\/neu\/wp-content\/uploads\/2024\/03\/3f219d1e-a71e-4bf9-99b5-89edaae6d2be-1024x576.jpg 1024w, https:\/\/fcbuetschwil.ch\/neu\/wp-content\/uploads\/2024\/03\/3f219d1e-a71e-4bf9-99b5-89edaae6d2be-1000x563.jpg 1000w, https:\/\/fcbuetschwil.ch\/neu\/wp-content\/uploads\/2024\/03\/3f219d1e-a71e-4bf9-99b5-89edaae6d2be-768x432.jpg 768w, https:\/\/fcbuetschwil.ch\/neu\/wp-content\/uploads\/2024\/03\/3f219d1e-a71e-4bf9-99b5-89edaae6d2be-1536x864.jpg 1536w, https:\/\/fcbuetschwil.ch\/neu\/wp-content\/uploads\/2024\/03\/3f219d1e-a71e-4bf9-99b5-89edaae6d2be.jpg 1600w\" sizes=\"(max-width: 1024px) 100vw, 1024px\" \/><\/figure>\n\n\n\n<figure class=\"wp-block-image size-large\"><img loading=\"lazy\" width=\"1024\" height=\"768\" data-id=\"6670\"  src=\"https:\/\/fcbuetschwil.ch\/neu\/wp-content\/uploads\/2024\/03\/4a1ed262-4049-4be6-9771-d336cf9410bc-1024x768.jpg\" alt=\"\" class=\"wp-image-6670\" srcset=\"https:\/\/fcbuetschwil.ch\/neu\/wp-content\/uploads\/2024\/03\/4a1ed262-4049-4be6-9771-d336cf9410bc-1024x768.jpg 1024w, https:\/\/fcbuetschwil.ch\/neu\/wp-content\/uploads\/2024\/03\/4a1ed262-4049-4be6-9771-d336cf9410bc-1000x750.jpg 1000w, https:\/\/fcbuetschwil.ch\/neu\/wp-content\/uploads\/2024\/03\/4a1ed262-4049-4be6-9771-d336cf9410bc-768x576.jpg 768w, https:\/\/fcbuetschwil.ch\/neu\/wp-content\/uploads\/2024\/03\/4a1ed262-4049-4be6-9771-d336cf9410bc-1536x1152.jpg 1536w, https:\/\/fcbuetschwil.ch\/neu\/wp-content\/uploads\/2024\/03\/4a1ed262-4049-4be6-9771-d336cf9410bc.jpg 1600w\" sizes=\"(max-width: 1024px) 100vw, 1024px\" \/><\/figure>\n\n\n\n<figure class=\"wp-block-image size-large\"><img loading=\"lazy\" width=\"1024\" height=\"768\" data-id=\"6672\"  src=\"https:\/\/fcbuetschwil.ch\/neu\/wp-content\/uploads\/2024\/03\/7e112d1a-245c-4f11-9913-0a786b1f4524-1024x768.jpg\" alt=\"\" class=\"wp-image-6672\" srcset=\"https:\/\/fcbuetschwil.ch\/neu\/wp-content\/uploads\/2024\/03\/7e112d1a-245c-4f11-9913-0a786b1f4524-1024x768.jpg 1024w, https:\/\/fcbuetschwil.ch\/neu\/wp-content\/uploads\/2024\/03\/7e112d1a-245c-4f11-9913-0a786b1f4524-1000x750.jpg 1000w, https:\/\/fcbuetschwil.ch\/neu\/wp-content\/uploads\/2024\/03\/7e112d1a-245c-4f11-9913-0a786b1f4524-768x576.jpg 768w, https:\/\/fcbuetschwil.ch\/neu\/wp-content\/uploads\/2024\/03\/7e112d1a-245c-4f11-9913-0a786b1f4524-1536x1152.jpg 1536w, https:\/\/fcbuetschwil.ch\/neu\/wp-content\/uploads\/2024\/03\/7e112d1a-245c-4f11-9913-0a786b1f4524.jpg 1600w\" sizes=\"(max-width: 1024px) 100vw, 1024px\" \/><\/figure>\n\n\n\n<figure class=\"wp-block-image size-large\"><img loading=\"lazy\" width=\"1024\" height=\"768\" data-id=\"6673\"  src=\"https:\/\/fcbuetschwil.ch\/neu\/wp-content\/uploads\/2024\/03\/028cfe9d-a4d8-422e-a723-674d39111584-1024x768.jpg\" alt=\"\" class=\"wp-image-6673\" srcset=\"https:\/\/fcbuetschwil.ch\/neu\/wp-content\/uploads\/2024\/03\/028cfe9d-a4d8-422e-a723-674d39111584-1024x768.jpg 1024w, https:\/\/fcbuetschwil.ch\/neu\/wp-content\/uploads\/2024\/03\/028cfe9d-a4d8-422e-a723-674d39111584-1000x750.jpg 1000w, https:\/\/fcbuetschwil.ch\/neu\/wp-content\/uploads\/2024\/03\/028cfe9d-a4d8-422e-a723-674d39111584-768x576.jpg 768w, https:\/\/fcbuetschwil.ch\/neu\/wp-content\/uploads\/2024\/03\/028cfe9d-a4d8-422e-a723-674d39111584-1536x1152.jpg 1536w, https:\/\/fcbuetschwil.ch\/neu\/wp-content\/uploads\/2024\/03\/028cfe9d-a4d8-422e-a723-674d39111584.jpg 1600w\" sizes=\"(max-width: 1024px) 100vw, 1024px\" \/><\/figure>\n\n\n\n<figure class=\"wp-block-image size-large\"><img loading=\"lazy\" width=\"1024\" height=\"768\" data-id=\"6675\"  src=\"https:\/\/fcbuetschwil.ch\/neu\/wp-content\/uploads\/2024\/03\/46f2dbb6-c6f1-4574-a423-d730f82f1cd5-1024x768.jpg\" alt=\"\" class=\"wp-image-6675\" srcset=\"https:\/\/fcbuetschwil.ch\/neu\/wp-content\/uploads\/2024\/03\/46f2dbb6-c6f1-4574-a423-d730f82f1cd5-1024x768.jpg 1024w, https:\/\/fcbuetschwil.ch\/neu\/wp-content\/uploads\/2024\/03\/46f2dbb6-c6f1-4574-a423-d730f82f1cd5-1000x750.jpg 1000w, https:\/\/fcbuetschwil.ch\/neu\/wp-content\/uploads\/2024\/03\/46f2dbb6-c6f1-4574-a423-d730f82f1cd5-768x576.jpg 768w, https:\/\/fcbuetschwil.ch\/neu\/wp-content\/uploads\/2024\/03\/46f2dbb6-c6f1-4574-a423-d730f82f1cd5-1536x1152.jpg 1536w, https:\/\/fcbuetschwil.ch\/neu\/wp-content\/uploads\/2024\/03\/46f2dbb6-c6f1-4574-a423-d730f82f1cd5.jpg 1600w\" sizes=\"(max-width: 1024px) 100vw, 1024px\" \/><\/figure>\n\n\n\n<figure class=\"wp-block-image size-large\"><img loading=\"lazy\" width=\"1024\" height=\"768\" data-id=\"6674\"  src=\"https:\/\/fcbuetschwil.ch\/neu\/wp-content\/uploads\/2024\/03\/57a5761b-2bab-417e-8036-229fcb643da3-1024x768.jpg\" alt=\"\" class=\"wp-image-6674\" srcset=\"https:\/\/fcbuetschwil.ch\/neu\/wp-content\/uploads\/2024\/03\/57a5761b-2bab-417e-8036-229fcb643da3-1024x768.jpg 1024w, https:\/\/fcbuetschwil.ch\/neu\/wp-content\/uploads\/2024\/03\/57a5761b-2bab-417e-8036-229fcb643da3-1000x750.jpg 1000w, https:\/\/fcbuetschwil.ch\/neu\/wp-content\/uploads\/2024\/03\/57a5761b-2bab-417e-8036-229fcb643da3-768x576.jpg 768w, https:\/\/fcbuetschwil.ch\/neu\/wp-content\/uploads\/2024\/03\/57a5761b-2bab-417e-8036-229fcb643da3-1536x1152.jpg 1536w, https:\/\/fcbuetschwil.ch\/neu\/wp-content\/uploads\/2024\/03\/57a5761b-2bab-417e-8036-229fcb643da3.jpg 1600w\" sizes=\"(max-width: 1024px) 100vw, 1024px\" \/><\/figure>\n\n\n\n<figure class=\"wp-block-image size-large\"><img loading=\"lazy\" width=\"1024\" height=\"768\" data-id=\"6671\"  src=\"https:\/\/fcbuetschwil.ch\/neu\/wp-content\/uploads\/2024\/03\/89cba4a3-cb55-486d-aa57-a47980381f29-1024x768.jpg\" alt=\"\" class=\"wp-image-6671\" srcset=\"https:\/\/fcbuetschwil.ch\/neu\/wp-content\/uploads\/2024\/03\/89cba4a3-cb55-486d-aa57-a47980381f29-1024x768.jpg 1024w, https:\/\/fcbuetschwil.ch\/neu\/wp-content\/uploads\/2024\/03\/89cba4a3-cb55-486d-aa57-a47980381f29-1000x750.jpg 1000w, https:\/\/fcbuetschwil.ch\/neu\/wp-content\/uploads\/2024\/03\/89cba4a3-cb55-486d-aa57-a47980381f29-768x576.jpg 768w, https:\/\/fcbuetschwil.ch\/neu\/wp-content\/uploads\/2024\/03\/89cba4a3-cb55-486d-aa57-a47980381f29-1536x1152.jpg 1536w, https:\/\/fcbuetschwil.ch\/neu\/wp-content\/uploads\/2024\/03\/89cba4a3-cb55-486d-aa57-a47980381f29.jpg 1600w\" sizes=\"(max-width: 1024px) 100vw, 1024px\" \/><\/figure>\n<\/figure>\n","protected":false},"excerpt":{"rendered":"<p>Neuer Tag, neue Per\u00fcckenwahl. Drohenpilot Ziege wurde mangelnde Vorbereitung bei der Theoriestunde vorgeworfen, Dave mutwilliges Einsperren von Teammitgliedern im Hotellift. Beides war der Mannschaft aber zu wenig f\u00fcr eine Bestrafung und so blieb die Vergabe f\u00fcr einmal aus.&nbsp; Beim Vormittagstraining war auch dieses Mal unser Carfahrer als Zaungast anwesend und folgte gebannt unserer Vorf\u00fchrung. Er&hellip;&nbsp;<a href=\"https:\/\/fcbuetschwil.ch\/neu\/trainingslager-2024-tag-4\/\" class=\"\" rel=\"bookmark\">Weiterlesen &raquo;<span class=\"screen-reader-text\">Trainingslager 2024 &#8211; Tag 4<\/span><\/a><\/p>\n","protected":false},"author":7,"featured_media":6671,"comment_status":"open","ping_status":"open","sticky":false,"template":"","format":"standard","meta":{"inline_featured_image":false,"_mi_skip_tracking":false,"kia_subtitle":"Tag 4","neve_meta_sidebar":"","neve_meta_container":"","neve_meta_enable_content_width":"","neve_meta_content_width":0,"neve_meta_title_alignment":"","neve_meta_author_avatar":"","neve_post_elements_order":"","neve_meta_disable_header":"","neve_meta_disable_footer":"","neve_meta_disable_title":""},"categories":[2],"tags":[],"_links":{"self":[{"href":"https:\/\/fcbuetschwil.ch\/neu\/wp-json\/wp\/v2\/posts\/6668"}],"collection":[{"href":"https:\/\/fcbuetschwil.ch\/neu\/wp-json\/wp\/v2\/posts"}],"about":[{"href":"https:\/\/fcbuetschwil.ch\/neu\/wp-json\/wp\/v2\/types\/post"}],"author":[{"embeddable":true,"href":"https:\/\/fcbuetschwil.ch\/neu\/wp-json\/wp\/v2\/users\/7"}],"replies":[{"embeddable":true,"href":"https:\/\/fcbuetschwil.ch\/neu\/wp-json\/wp\/v2\/comments?post=6668"}],"version-history":[{"count":1,"href":"https:\/\/fcbuetschwil.ch\/neu\/wp-json\/wp\/v2\/posts\/6668\/revisions"}],"predecessor-version":[{"id":6676,"href":"https:\/\/fcbuetschwil.ch\/neu\/wp-json\/wp\/v2\/posts\/6668\/revisions\/6676"}],"wp:featuredmedia":[{"embeddable":true,"href":"https:\/\/fcbuetschwil.ch\/neu\/wp-json\/wp\/v2\/media\/6671"}],"wp:attachment":[{"href":"https:\/\/fcbuetschwil.ch\/neu\/wp-json\/wp\/v2\/media?parent=6668"}],"wp:term":[{"taxonomy":"category","embeddable":true,"href":"https:\/\/fcbuetschwil.ch\/neu\/wp-json\/wp\/v2\/categories?post=6668"},{"taxonomy":"post_tag","embeddable":true,"href":"https:\/\/fcbuetschwil.ch\/neu\/wp-json\/wp\/v2\/tags?post=6668"}],"curies":[{"name":"wp","href":"https:\/\/api.w.org\/{rel}","templated":true}]}}