{"id":6659,"date":"2024-03-06T18:24:32","date_gmt":"2024-03-06T16:24:32","guid":{"rendered":"https:\/\/fcbuetschwil.ch\/neu\/?p=6659"},"modified":"2024-03-06T18:24:34","modified_gmt":"2024-03-06T16:24:34","slug":"trainingslager-2024-tag-3","status":"publish","type":"post","link":"https:\/\/fcbuetschwil.ch\/neu\/trainingslager-2024-tag-3\/","title":{"rendered":"Trainingslager 2024 &#8211; Tag 3"},"content":{"rendered":"\n<p>In den dritten Tag startete die ganze Mannschaft ausgeschlafen. W\u00e4re da nicht das eine Staff-Mitglied, das aufgrund seines querulanten Verhaltens (siehe Tag 2)&nbsp; gegen\u00fcber der lokalen Policia um die Vergabe des ber\u00fcchtigten Kopfschmuckes bangte. Geschickt man\u00f6vrierte dieser sich jedoch aus der verzwickten Situation heraus und kam &#8211; f\u00fcr einmal &#8211; ungeschoren davon.&nbsp;<\/p>\n\n\n\n<p>Nach dem reichhaltigen Fr\u00fchst\u00fcck bestieg man den Bus Richtung Trainingsplatz. Bereits den 3. Trainingsplatz in Beschlag nehmend, musste man feststellen, dass auch dieser scheinbar in der Nebensaison als B\u00fcffel-Weideplatz genutzt wird. Die Verwunderung \u00fcber die Platzqualit\u00e4t wich der Ern\u00fcchterung als man feststellte, dass unsere weiblichen Konterparts vor Wochenfrist die Pl\u00e4tze so zugerichtet hatten &#8211; Gracias por nada! \ud83d\ude09<\/p>\n\n\n\n<p>W\u00e4hrend im Morgentraining der \u201eCheftrainer Einw\u00e4rmprogramm\u201c mit der Aussage: \u201eBlick immer Richtig Andorra oder was au immer de Berg d\u00f6t hinne isch\u201c bewies, dass er im Berufsfeld der Geografielehrer nicht gut aufgehoben w\u00e4re, demonstrierten zwei andere am Nachmittag, dass sie total \u00fcberqualifiziert f\u00fcr ihre T\u00e4tigkeiten sind:<\/p>\n\n\n\n<p>Unser Busfahrer, seines Zeichens mit einer Glatze ausgestattet, die bestimmt 70 Prozent des Lichts einer normalen Gl\u00fchbirne reflektiert, jonglierte mit seinem Kopf im Stile des altehrw\u00fcrdigen Ronaldinho w\u00e4hrend der \u00f6rtliche Ludi (Platzwart) seiner Karriere als Formel 1 Pilot nachtrauerte und mit dem Rasenm\u00e4her die Kurven schneller fuhr als Max Verstappen in Bestform.<\/p>\n\n\n\n<p>Nachdem die ganze Mannschaft im Rahmen der Zimmerchallenge \u201ePapierflieger basteln\u201c versuchte den FA-18 zu konkurrenzieren, genoss man ein weiteres Mal das Nachtessen. An dieser Stelle m\u00f6chte sich die Redaktion im Namen der ganzen Mannschaft beim \u201eChef Medizinkoffer und weitere \u00d6le\u201c f\u00fcr die hervorragende Logistikleistung bedanken. Dank hervorragender \u00c4mtliarbeit von Pascal Bruno Schmucki fand n\u00e4mlich auch die franz\u00f6sische Salatsauce \u201eBruno\u2019s\u201c den Weg nach Spanien.<\/p>\n\n\n\n<figure class=\"wp-container-2 wp-block-gallery-1 wp-block-gallery has-nested-images columns-default is-cropped\">\n<figure class=\"wp-block-image size-large\"><img loading=\"lazy\" width=\"1024\" height=\"768\" data-id=\"6665\"  src=\"https:\/\/fcbuetschwil.ch\/neu\/wp-content\/uploads\/2024\/03\/ba605bff-8971-44c8-9731-7d631a880fa8-1024x768.jpg\" alt=\"\" class=\"wp-image-6665\" srcset=\"https:\/\/fcbuetschwil.ch\/neu\/wp-content\/uploads\/2024\/03\/ba605bff-8971-44c8-9731-7d631a880fa8-1024x768.jpg 1024w, https:\/\/fcbuetschwil.ch\/neu\/wp-content\/uploads\/2024\/03\/ba605bff-8971-44c8-9731-7d631a880fa8-1000x750.jpg 1000w, https:\/\/fcbuetschwil.ch\/neu\/wp-content\/uploads\/2024\/03\/ba605bff-8971-44c8-9731-7d631a880fa8-768x576.jpg 768w, https:\/\/fcbuetschwil.ch\/neu\/wp-content\/uploads\/2024\/03\/ba605bff-8971-44c8-9731-7d631a880fa8-1536x1152.jpg 1536w, https:\/\/fcbuetschwil.ch\/neu\/wp-content\/uploads\/2024\/03\/ba605bff-8971-44c8-9731-7d631a880fa8.jpg 1600w\" sizes=\"(max-width: 1024px) 100vw, 1024px\" \/><\/figure>\n\n\n\n<figure class=\"wp-block-image size-large\"><img loading=\"lazy\" width=\"1024\" height=\"576\" data-id=\"6666\"  src=\"https:\/\/fcbuetschwil.ch\/neu\/wp-content\/uploads\/2024\/03\/4831657d-9fa2-4fac-8350-b33f2126375b-1024x576.jpg\" alt=\"\" class=\"wp-image-6666\" srcset=\"https:\/\/fcbuetschwil.ch\/neu\/wp-content\/uploads\/2024\/03\/4831657d-9fa2-4fac-8350-b33f2126375b-1024x576.jpg 1024w, https:\/\/fcbuetschwil.ch\/neu\/wp-content\/uploads\/2024\/03\/4831657d-9fa2-4fac-8350-b33f2126375b-1000x563.jpg 1000w, https:\/\/fcbuetschwil.ch\/neu\/wp-content\/uploads\/2024\/03\/4831657d-9fa2-4fac-8350-b33f2126375b-768x432.jpg 768w, https:\/\/fcbuetschwil.ch\/neu\/wp-content\/uploads\/2024\/03\/4831657d-9fa2-4fac-8350-b33f2126375b-1536x864.jpg 1536w, https:\/\/fcbuetschwil.ch\/neu\/wp-content\/uploads\/2024\/03\/4831657d-9fa2-4fac-8350-b33f2126375b.jpg 2048w\" sizes=\"(max-width: 1024px) 100vw, 1024px\" \/><\/figure>\n\n\n\n<figure class=\"wp-block-image size-large\"><img loading=\"lazy\" width=\"1024\" height=\"768\" data-id=\"6664\"  src=\"https:\/\/fcbuetschwil.ch\/neu\/wp-content\/uploads\/2024\/03\/06944e71-4b9a-437f-8a6c-04505df18a0f-1024x768.jpg\" alt=\"\" class=\"wp-image-6664\" srcset=\"https:\/\/fcbuetschwil.ch\/neu\/wp-content\/uploads\/2024\/03\/06944e71-4b9a-437f-8a6c-04505df18a0f-1024x768.jpg 1024w, https:\/\/fcbuetschwil.ch\/neu\/wp-content\/uploads\/2024\/03\/06944e71-4b9a-437f-8a6c-04505df18a0f-1000x750.jpg 1000w, https:\/\/fcbuetschwil.ch\/neu\/wp-content\/uploads\/2024\/03\/06944e71-4b9a-437f-8a6c-04505df18a0f-768x576.jpg 768w, https:\/\/fcbuetschwil.ch\/neu\/wp-content\/uploads\/2024\/03\/06944e71-4b9a-437f-8a6c-04505df18a0f-1536x1152.jpg 1536w, https:\/\/fcbuetschwil.ch\/neu\/wp-content\/uploads\/2024\/03\/06944e71-4b9a-437f-8a6c-04505df18a0f.jpg 1600w\" sizes=\"(max-width: 1024px) 100vw, 1024px\" \/><\/figure>\n\n\n\n<figure class=\"wp-block-image size-large\"><img loading=\"lazy\" width=\"1024\" height=\"768\" data-id=\"6660\"  src=\"https:\/\/fcbuetschwil.ch\/neu\/wp-content\/uploads\/2024\/03\/27b973c8-15f5-4b73-91bc-ad8310343aa4-1024x768.jpg\" alt=\"\" class=\"wp-image-6660\" srcset=\"https:\/\/fcbuetschwil.ch\/neu\/wp-content\/uploads\/2024\/03\/27b973c8-15f5-4b73-91bc-ad8310343aa4-1024x768.jpg 1024w, https:\/\/fcbuetschwil.ch\/neu\/wp-content\/uploads\/2024\/03\/27b973c8-15f5-4b73-91bc-ad8310343aa4-1000x750.jpg 1000w, https:\/\/fcbuetschwil.ch\/neu\/wp-content\/uploads\/2024\/03\/27b973c8-15f5-4b73-91bc-ad8310343aa4-768x576.jpg 768w, https:\/\/fcbuetschwil.ch\/neu\/wp-content\/uploads\/2024\/03\/27b973c8-15f5-4b73-91bc-ad8310343aa4-1536x1152.jpg 1536w, https:\/\/fcbuetschwil.ch\/neu\/wp-content\/uploads\/2024\/03\/27b973c8-15f5-4b73-91bc-ad8310343aa4.jpg 2048w\" sizes=\"(max-width: 1024px) 100vw, 1024px\" \/><\/figure>\n\n\n\n<figure class=\"wp-block-image size-large\"><img loading=\"lazy\" width=\"768\" height=\"1024\" data-id=\"6662\"  src=\"https:\/\/fcbuetschwil.ch\/neu\/wp-content\/uploads\/2024\/03\/a5934cf7-a4b1-4202-995e-e6c163cdd5b2-768x1024.jpg\" alt=\"\" class=\"wp-image-6662\" srcset=\"https:\/\/fcbuetschwil.ch\/neu\/wp-content\/uploads\/2024\/03\/a5934cf7-a4b1-4202-995e-e6c163cdd5b2-768x1024.jpg 768w, https:\/\/fcbuetschwil.ch\/neu\/wp-content\/uploads\/2024\/03\/a5934cf7-a4b1-4202-995e-e6c163cdd5b2-750x1000.jpg 750w, https:\/\/fcbuetschwil.ch\/neu\/wp-content\/uploads\/2024\/03\/a5934cf7-a4b1-4202-995e-e6c163cdd5b2-300x400.jpg 300w, https:\/\/fcbuetschwil.ch\/neu\/wp-content\/uploads\/2024\/03\/a5934cf7-a4b1-4202-995e-e6c163cdd5b2-1152x1536.jpg 1152w, https:\/\/fcbuetschwil.ch\/neu\/wp-content\/uploads\/2024\/03\/a5934cf7-a4b1-4202-995e-e6c163cdd5b2.jpg 1536w\" sizes=\"(max-width: 768px) 100vw, 768px\" \/><\/figure>\n\n\n\n<figure class=\"wp-block-image size-large\"><img loading=\"lazy\" width=\"1024\" height=\"768\" data-id=\"6661\"  src=\"https:\/\/fcbuetschwil.ch\/neu\/wp-content\/uploads\/2024\/03\/a617d101-0a9c-4734-b42d-78694ba1ca77-1024x768.jpg\" alt=\"\" class=\"wp-image-6661\" srcset=\"https:\/\/fcbuetschwil.ch\/neu\/wp-content\/uploads\/2024\/03\/a617d101-0a9c-4734-b42d-78694ba1ca77-1024x768.jpg 1024w, https:\/\/fcbuetschwil.ch\/neu\/wp-content\/uploads\/2024\/03\/a617d101-0a9c-4734-b42d-78694ba1ca77-1000x750.jpg 1000w, https:\/\/fcbuetschwil.ch\/neu\/wp-content\/uploads\/2024\/03\/a617d101-0a9c-4734-b42d-78694ba1ca77-768x576.jpg 768w, https:\/\/fcbuetschwil.ch\/neu\/wp-content\/uploads\/2024\/03\/a617d101-0a9c-4734-b42d-78694ba1ca77-1536x1152.jpg 1536w, https:\/\/fcbuetschwil.ch\/neu\/wp-content\/uploads\/2024\/03\/a617d101-0a9c-4734-b42d-78694ba1ca77.jpg 1600w\" sizes=\"(max-width: 1024px) 100vw, 1024px\" \/><\/figure>\n<\/figure>\n","protected":false},"excerpt":{"rendered":"<p>In den dritten Tag startete die ganze Mannschaft ausgeschlafen. W\u00e4re da nicht das eine Staff-Mitglied, das aufgrund seines querulanten Verhaltens (siehe Tag 2)&nbsp; gegen\u00fcber der lokalen Policia um die Vergabe des ber\u00fcchtigten Kopfschmuckes bangte. Geschickt man\u00f6vrierte dieser sich jedoch aus der verzwickten Situation heraus und kam &#8211; f\u00fcr einmal &#8211; ungeschoren davon.&nbsp; Nach dem reichhaltigen&hellip;&nbsp;<a href=\"https:\/\/fcbuetschwil.ch\/neu\/trainingslager-2024-tag-3\/\" class=\"\" rel=\"bookmark\">Weiterlesen &raquo;<span class=\"screen-reader-text\">Trainingslager 2024 &#8211; Tag 3<\/span><\/a><\/p>\n","protected":false},"author":7,"featured_media":6665,"comment_status":"open","ping_status":"open","sticky":false,"template":"","format":"standard","meta":{"inline_featured_image":false,"_mi_skip_tracking":false,"kia_subtitle":"Tag 3","neve_meta_sidebar":"","neve_meta_container":"","neve_meta_enable_content_width":"","neve_meta_content_width":0,"neve_meta_title_alignment":"","neve_meta_author_avatar":"","neve_post_elements_order":"","neve_meta_disable_header":"","neve_meta_disable_footer":"","neve_meta_disable_title":""},"categories":[2],"tags":[],"_links":{"self":[{"href":"https:\/\/fcbuetschwil.ch\/neu\/wp-json\/wp\/v2\/posts\/6659"}],"collection":[{"href":"https:\/\/fcbuetschwil.ch\/neu\/wp-json\/wp\/v2\/posts"}],"about":[{"href":"https:\/\/fcbuetschwil.ch\/neu\/wp-json\/wp\/v2\/types\/post"}],"author":[{"embeddable":true,"href":"https:\/\/fcbuetschwil.ch\/neu\/wp-json\/wp\/v2\/users\/7"}],"replies":[{"embeddable":true,"href":"https:\/\/fcbuetschwil.ch\/neu\/wp-json\/wp\/v2\/comments?post=6659"}],"version-history":[{"count":1,"href":"https:\/\/fcbuetschwil.ch\/neu\/wp-json\/wp\/v2\/posts\/6659\/revisions"}],"predecessor-version":[{"id":6667,"href":"https:\/\/fcbuetschwil.ch\/neu\/wp-json\/wp\/v2\/posts\/6659\/revisions\/6667"}],"wp:featuredmedia":[{"embeddable":true,"href":"https:\/\/fcbuetschwil.ch\/neu\/wp-json\/wp\/v2\/media\/6665"}],"wp:attachment":[{"href":"https:\/\/fcbuetschwil.ch\/neu\/wp-json\/wp\/v2\/media?parent=6659"}],"wp:term":[{"taxonomy":"category","embeddable":true,"href":"https:\/\/fcbuetschwil.ch\/neu\/wp-json\/wp\/v2\/categories?post=6659"},{"taxonomy":"post_tag","embeddable":true,"href":"https:\/\/fcbuetschwil.ch\/neu\/wp-json\/wp\/v2\/tags?post=6659"}],"curies":[{"name":"wp","href":"https:\/\/api.w.org\/{rel}","templated":true}]}}