{"id":6651,"date":"2024-03-04T21:38:23","date_gmt":"2024-03-04T19:38:23","guid":{"rendered":"https:\/\/fcbuetschwil.ch\/neu\/?p=6651"},"modified":"2024-03-04T21:38:26","modified_gmt":"2024-03-04T19:38:26","slug":"trainingslager-2024-tag-2","status":"publish","type":"post","link":"https:\/\/fcbuetschwil.ch\/neu\/trainingslager-2024-tag-2\/","title":{"rendered":"Trainingslager 2024 &#8211; Tag 2"},"content":{"rendered":"\n<p>Die Bestandesaufnahme am Sonntagmorgen brachte hervor, das niemand des Nachtschwimm-Trios anwesend war, um bei der Per\u00fcckenwahl mitzuwirken. Weil es einer der drei Kandidaten vor Ersch\u00f6pfung nicht einmal mehr ins richtige Zimmer schaffte, war ihm die Nominierung gewiss. Bei der Abstimmung holte er sich dann beinahe so viele Stimmen wie sein Schwimmkollege bei den Kantonsratswahlen.&nbsp;<\/p>\n\n\n\n<p>Immer noch etwas bleich (vom hohen Wellengang?) trafen schliesslich alle drei doch noch mit grosser Versp\u00e4tung in der Lobby ein. Einer der drei liess sich zuvor nur durch einen Wangenkuss aus seinem Dornr\u00f6schenschlaf wecken.<\/p>\n\n\n\n<p>Die Theoriestunde mit Ziege fand also vor versammelter Mannschaft statt. Bei einer Videoszene wurde R.M. etwas stutzig, weil er pl\u00f6tzlich einen 12. Gegenspieler auf dem Platz ausfindig machte. Er stellte dann schliesslich fest, dass es nur der Schiedsrichter war.&nbsp;<\/p>\n\n\n\n<p>Das Vormittagstraining musste dann wegen schlechter Witterung abgesagt werden. Die finale Entscheidung dazu traf unser Assistenztrainer (Zitat \u201eBei solchem Wetter setzte ich keinen Fuss vor die T\u00fcr.\u201c)<\/p>\n\n\n\n<p>Das Mittagsessen liess unser Wadenwunder aus Moslig aus, da er bereits viel zu viel Ananas zum Zmorgen gegessen hatte. Der Rest griff herzhaft zu und gut gst\u00e4rkt bestieg man den Car f\u00fcr die Fahrt zum Nachmittagstraining. Schon beim starten des Motors meinte Trainer Ruedi: \u201eOu, ez hets doch \u00f6ppis putzt.\u201c Und einige Minuten sp\u00e4ter stellte auch Elias fest: \u201eMeini da no oder stinkt do \u00f6ppis?\u201c S\u00e4mtliche Bedenken werden sofort von Silvan aus dem Weg ger\u00e4umt: \u201e\u00c4h da isch ganz normal bimene Diesel.\u201c Als dann Raphi in der hintersten Reihe immer w\u00e4rmer ums Hinterteil wurde, der Bus aber gar nicht \u00fcber eine Sitzheizung verf\u00fcgt, wurde man doch etwas misstrauisch.&nbsp;<\/p>\n\n\n\n<p>Pl\u00f6tzlich wurde es hektisch, denn eine solche Rauchentwicklung und der dazugeh\u00f6rige Brandgeschmack fand selbst Silvan f\u00fcr ein Diesel-Fahrzeug h\u00f6chst ungew\u00f6hnlich. \u201eFuego, fuego!\u201c rief man zum Busfahrer, der einen Notstopp auf der Autostrasse vornehmen musste. Um Leib und Leben bangend fl\u00fcchtete man aus dem Bus. Aus sicherer Entfernung durfte man nun ein Kabarett sonderngleichen beobachten. In der Hauptrolle der Busfahrer und die Polizei mit einem Grossaufgebot von drei Streifenwagen. Als h\u00e4tte die Polizei nicht schon genug zu tun, mussten sie zwischenzeitlich auch noch den \u201eCheftrainer Einw\u00e4rmprogramm\u201c von der Unfallstelle wegweisen. Dieser witterte ein neues WhatsApp Profilbild und inszenierte vor der dramatische Kulisse und dem Polizeiwagen eine vermeindliche Festnahme, w\u00e4hrend F. B. mit der Handykamera fleissig drauflosknipste. Dies passte dem einen Beamten gar nicht und nach einigen happigen Vorw\u00fcrfen und vermeindlich homophoben Beleidigungen des Ordnungsh\u00fcters standen das Trainerduo Ruedi und Poser-Pe wie begossene Pudel da. Aus Respekt vor der Polizei, unserem Freund und Helfer, posten wir nur ein seri\u00f6ses Foto der Szene.<\/p>\n\n\n\n<p>Wir warteten also weiterhin auf den Ersatzbus. W\u00e4hrend Elias die frierenden Teammitglieder mit einer Weisheit von Vater \u201eFels\u00e4\u201c zum stetigen mitf\u00fchren einer Jacke belehrte, brachte ein vierter Streifenwagen das Zvierib\u00f6xli vorbei, welches einer der Kollegen in der Hitze des Gefechts wohl in der Zentrale hatte liegen lassen. So viel Zeit muss sein.&nbsp;<\/p>\n\n\n\n<p>Freudig wurde die Ankunft des Ersatzbusses erwartet. Dieser wurde direkt hinter den defekten Bus parkiert, damit im Falle eines erneuten Ausbrechen eines Brandes das Feuer unkompliziert auf den Ersatzbus h\u00e4tte \u00fcbergreifen k\u00f6nnen. Als alles geregelt schien, stellte sich heraus, dass beim Unfallbus die T\u00fcre zum Material nicht mehr ge\u00f6ffnet werden konnte. Nachdem sich die beiden Carfahrer mit Besenstiel-Medizinkofferfischen versucht hatten wurde es Severin zu viel. Er versammelte die st\u00e4rksten Mannen um sich und gab das Kommando: \u201eUno, Dos, Tres: BAAM\u201c und die T\u00fcre war ge\u00f6ffnet. Diese Aktion verleite die lokalen Ordnungsh\u00fcter zu einem Kontrollgriff an die Oberarme unserer Nummer 3. Das Training konnte mit ordentlich Versp\u00e4tung in Angriff genommen werden.<\/p>\n\n\n\n<figure class=\"wp-container-2 wp-block-gallery-1 wp-block-gallery has-nested-images columns-default is-cropped\">\n<figure class=\"wp-block-image size-large\"><img loading=\"lazy\" width=\"768\" height=\"1024\" data-id=\"6656\"  src=\"https:\/\/fcbuetschwil.ch\/neu\/wp-content\/uploads\/2024\/03\/IMG_9540-768x1024.jpg\" alt=\"\" class=\"wp-image-6656\" srcset=\"https:\/\/fcbuetschwil.ch\/neu\/wp-content\/uploads\/2024\/03\/IMG_9540-768x1024.jpg 768w, https:\/\/fcbuetschwil.ch\/neu\/wp-content\/uploads\/2024\/03\/IMG_9540-750x1000.jpg 750w, https:\/\/fcbuetschwil.ch\/neu\/wp-content\/uploads\/2024\/03\/IMG_9540-300x400.jpg 300w, https:\/\/fcbuetschwil.ch\/neu\/wp-content\/uploads\/2024\/03\/IMG_9540-1152x1536.jpg 1152w, https:\/\/fcbuetschwil.ch\/neu\/wp-content\/uploads\/2024\/03\/IMG_9540-1536x2048.jpg 1536w, https:\/\/fcbuetschwil.ch\/neu\/wp-content\/uploads\/2024\/03\/IMG_9540-scaled.jpg 1920w\" sizes=\"(max-width: 768px) 100vw, 768px\" \/><\/figure>\n\n\n\n<figure class=\"wp-block-image size-large\"><img loading=\"lazy\" width=\"768\" height=\"1024\" data-id=\"6652\"  src=\"https:\/\/fcbuetschwil.ch\/neu\/wp-content\/uploads\/2024\/03\/93321457-31be-43b8-bf8d-ce216d3f5d4d-768x1024.jpg\" alt=\"\" class=\"wp-image-6652\" srcset=\"https:\/\/fcbuetschwil.ch\/neu\/wp-content\/uploads\/2024\/03\/93321457-31be-43b8-bf8d-ce216d3f5d4d-768x1024.jpg 768w, https:\/\/fcbuetschwil.ch\/neu\/wp-content\/uploads\/2024\/03\/93321457-31be-43b8-bf8d-ce216d3f5d4d-750x1000.jpg 750w, https:\/\/fcbuetschwil.ch\/neu\/wp-content\/uploads\/2024\/03\/93321457-31be-43b8-bf8d-ce216d3f5d4d-300x400.jpg 300w, https:\/\/fcbuetschwil.ch\/neu\/wp-content\/uploads\/2024\/03\/93321457-31be-43b8-bf8d-ce216d3f5d4d-1152x1536.jpg 1152w, https:\/\/fcbuetschwil.ch\/neu\/wp-content\/uploads\/2024\/03\/93321457-31be-43b8-bf8d-ce216d3f5d4d.jpg 1200w\" sizes=\"(max-width: 768px) 100vw, 768px\" \/><\/figure>\n\n\n\n<figure class=\"wp-block-image size-large\"><img loading=\"lazy\" width=\"1024\" height=\"768\" data-id=\"6657\"  src=\"https:\/\/fcbuetschwil.ch\/neu\/wp-content\/uploads\/2024\/03\/IMG_9545-1024x768.jpg\" alt=\"\" class=\"wp-image-6657\" srcset=\"https:\/\/fcbuetschwil.ch\/neu\/wp-content\/uploads\/2024\/03\/IMG_9545-1024x768.jpg 1024w, https:\/\/fcbuetschwil.ch\/neu\/wp-content\/uploads\/2024\/03\/IMG_9545-1000x750.jpg 1000w, https:\/\/fcbuetschwil.ch\/neu\/wp-content\/uploads\/2024\/03\/IMG_9545-768x576.jpg 768w, https:\/\/fcbuetschwil.ch\/neu\/wp-content\/uploads\/2024\/03\/IMG_9545-1536x1152.jpg 1536w, https:\/\/fcbuetschwil.ch\/neu\/wp-content\/uploads\/2024\/03\/IMG_9545-2048x1536.jpg 2048w\" sizes=\"(max-width: 1024px) 100vw, 1024px\" \/><\/figure>\n\n\n\n<figure class=\"wp-block-image size-large\"><img loading=\"lazy\" width=\"768\" height=\"1024\" data-id=\"6653\"  src=\"https:\/\/fcbuetschwil.ch\/neu\/wp-content\/uploads\/2024\/03\/c3f63ea8-175c-4388-86c9-1800d8741c67-768x1024.jpg\" alt=\"\" class=\"wp-image-6653\" srcset=\"https:\/\/fcbuetschwil.ch\/neu\/wp-content\/uploads\/2024\/03\/c3f63ea8-175c-4388-86c9-1800d8741c67-768x1024.jpg 768w, https:\/\/fcbuetschwil.ch\/neu\/wp-content\/uploads\/2024\/03\/c3f63ea8-175c-4388-86c9-1800d8741c67-750x1000.jpg 750w, https:\/\/fcbuetschwil.ch\/neu\/wp-content\/uploads\/2024\/03\/c3f63ea8-175c-4388-86c9-1800d8741c67-300x400.jpg 300w, https:\/\/fcbuetschwil.ch\/neu\/wp-content\/uploads\/2024\/03\/c3f63ea8-175c-4388-86c9-1800d8741c67-1152x1536.jpg 1152w, https:\/\/fcbuetschwil.ch\/neu\/wp-content\/uploads\/2024\/03\/c3f63ea8-175c-4388-86c9-1800d8741c67.jpg 1200w\" sizes=\"(max-width: 768px) 100vw, 768px\" \/><\/figure>\n\n\n\n<figure class=\"wp-block-image size-large\"><img loading=\"lazy\" width=\"576\" height=\"1024\" data-id=\"6655\"  src=\"https:\/\/fcbuetschwil.ch\/neu\/wp-content\/uploads\/2024\/03\/5a916165-d7d6-42d8-9978-6e2c2fe0415f-576x1024.jpg\" alt=\"\" class=\"wp-image-6655\" srcset=\"https:\/\/fcbuetschwil.ch\/neu\/wp-content\/uploads\/2024\/03\/5a916165-d7d6-42d8-9978-6e2c2fe0415f-576x1024.jpg 576w, https:\/\/fcbuetschwil.ch\/neu\/wp-content\/uploads\/2024\/03\/5a916165-d7d6-42d8-9978-6e2c2fe0415f-563x1000.jpg 563w, https:\/\/fcbuetschwil.ch\/neu\/wp-content\/uploads\/2024\/03\/5a916165-d7d6-42d8-9978-6e2c2fe0415f-768x1365.jpg 768w, https:\/\/fcbuetschwil.ch\/neu\/wp-content\/uploads\/2024\/03\/5a916165-d7d6-42d8-9978-6e2c2fe0415f-864x1536.jpg 864w, https:\/\/fcbuetschwil.ch\/neu\/wp-content\/uploads\/2024\/03\/5a916165-d7d6-42d8-9978-6e2c2fe0415f.jpg 1152w\" sizes=\"(max-width: 576px) 100vw, 576px\" \/><\/figure>\n\n\n\n<figure class=\"wp-block-image size-large\"><img loading=\"lazy\" width=\"1024\" height=\"576\" data-id=\"6654\"  src=\"https:\/\/fcbuetschwil.ch\/neu\/wp-content\/uploads\/2024\/03\/ea79a181-6afa-4226-97e7-624c8f04c27c-1024x576.jpg\" alt=\"\" class=\"wp-image-6654\" srcset=\"https:\/\/fcbuetschwil.ch\/neu\/wp-content\/uploads\/2024\/03\/ea79a181-6afa-4226-97e7-624c8f04c27c-1024x576.jpg 1024w, https:\/\/fcbuetschwil.ch\/neu\/wp-content\/uploads\/2024\/03\/ea79a181-6afa-4226-97e7-624c8f04c27c-1000x563.jpg 1000w, https:\/\/fcbuetschwil.ch\/neu\/wp-content\/uploads\/2024\/03\/ea79a181-6afa-4226-97e7-624c8f04c27c-768x432.jpg 768w, https:\/\/fcbuetschwil.ch\/neu\/wp-content\/uploads\/2024\/03\/ea79a181-6afa-4226-97e7-624c8f04c27c-1536x864.jpg 1536w, https:\/\/fcbuetschwil.ch\/neu\/wp-content\/uploads\/2024\/03\/ea79a181-6afa-4226-97e7-624c8f04c27c.jpg 2048w\" sizes=\"(max-width: 1024px) 100vw, 1024px\" \/><\/figure>\n<\/figure>\n","protected":false},"excerpt":{"rendered":"<p>Die Bestandesaufnahme am Sonntagmorgen brachte hervor, das niemand des Nachtschwimm-Trios anwesend war, um bei der Per\u00fcckenwahl mitzuwirken. Weil es einer der drei Kandidaten vor Ersch\u00f6pfung nicht einmal mehr ins richtige Zimmer schaffte, war ihm die Nominierung gewiss. Bei der Abstimmung holte er sich dann beinahe so viele Stimmen wie sein Schwimmkollege bei den Kantonsratswahlen.&nbsp; Immer&hellip;&nbsp;<a href=\"https:\/\/fcbuetschwil.ch\/neu\/trainingslager-2024-tag-2\/\" class=\"\" rel=\"bookmark\">Weiterlesen &raquo;<span class=\"screen-reader-text\">Trainingslager 2024 &#8211; Tag 2<\/span><\/a><\/p>\n","protected":false},"author":7,"featured_media":6652,"comment_status":"open","ping_status":"open","sticky":false,"template":"","format":"standard","meta":{"inline_featured_image":false,"_mi_skip_tracking":false,"kia_subtitle":"Tag 2","neve_meta_sidebar":"","neve_meta_container":"","neve_meta_enable_content_width":"","neve_meta_content_width":0,"neve_meta_title_alignment":"","neve_meta_author_avatar":"","neve_post_elements_order":"","neve_meta_disable_header":"","neve_meta_disable_footer":"","neve_meta_disable_title":""},"categories":[2],"tags":[],"_links":{"self":[{"href":"https:\/\/fcbuetschwil.ch\/neu\/wp-json\/wp\/v2\/posts\/6651"}],"collection":[{"href":"https:\/\/fcbuetschwil.ch\/neu\/wp-json\/wp\/v2\/posts"}],"about":[{"href":"https:\/\/fcbuetschwil.ch\/neu\/wp-json\/wp\/v2\/types\/post"}],"author":[{"embeddable":true,"href":"https:\/\/fcbuetschwil.ch\/neu\/wp-json\/wp\/v2\/users\/7"}],"replies":[{"embeddable":true,"href":"https:\/\/fcbuetschwil.ch\/neu\/wp-json\/wp\/v2\/comments?post=6651"}],"version-history":[{"count":1,"href":"https:\/\/fcbuetschwil.ch\/neu\/wp-json\/wp\/v2\/posts\/6651\/revisions"}],"predecessor-version":[{"id":6658,"href":"https:\/\/fcbuetschwil.ch\/neu\/wp-json\/wp\/v2\/posts\/6651\/revisions\/6658"}],"wp:featuredmedia":[{"embeddable":true,"href":"https:\/\/fcbuetschwil.ch\/neu\/wp-json\/wp\/v2\/media\/6652"}],"wp:attachment":[{"href":"https:\/\/fcbuetschwil.ch\/neu\/wp-json\/wp\/v2\/media?parent=6651"}],"wp:term":[{"taxonomy":"category","embeddable":true,"href":"https:\/\/fcbuetschwil.ch\/neu\/wp-json\/wp\/v2\/categories?post=6651"},{"taxonomy":"post_tag","embeddable":true,"href":"https:\/\/fcbuetschwil.ch\/neu\/wp-json\/wp\/v2\/tags?post=6651"}],"curies":[{"name":"wp","href":"https:\/\/api.w.org\/{rel}","templated":true}]}}