{"id":6625,"date":"2024-02-24T22:15:34","date_gmt":"2024-02-24T20:15:34","guid":{"rendered":"https:\/\/fcbuetschwil.ch\/neu\/?p=6625"},"modified":"2024-02-24T22:15:36","modified_gmt":"2024-02-24T20:15:36","slug":"trainingslager-fft1-2024-tag-6-7","status":"publish","type":"post","link":"https:\/\/fcbuetschwil.ch\/neu\/trainingslager-fft1-2024-tag-6-7\/","title":{"rendered":"Trainingslager FFT1 2024 &#8211; Tag 6 &amp; 7"},"content":{"rendered":"\n<p>Trainingslager 2024 &#8211; 6. und 7. Tagebucheintrag<\/p>\n\n\n\n<p>23.\/24. Februar 2024<\/p>\n\n\n\n<p>Nach einer allj\u00e4hrlichen n\u00e4chtlichen ABBA-Show-Einlage von C.H. diesmal mit Unterst\u00fctzung von A.B. versammelte sich das Team sp\u00e4ter als gewohnt zum Fr\u00fchst\u00fcck. Am Fr\u00fchst\u00fccksb\u00fcffet gab es f\u00fcr die kr\u00e4nkelnde F.S. ihre t\u00e4gliche Drogendosis. Dabei kl\u00e4rte sie das K\u00fcken M.H. \u00fcber die Folgen des \u00fcberm\u00e4ssigen Konsums (Durchfall) auf.\u00a0<\/p>\n\n\n\n<p>Um 9.45 Uhr versammelte sich das Team f\u00fcr die Rangverk\u00fcndigung der diesj\u00e4hrigen Challenges. Einige Spielerinnen hatten etwas M\u00fche mit dem Packen woraufhin Bussenchefin C.H. die H\u00e4nde voll zu tun hatte. Die Challenges gewann das Team E vor Team C und D auf dem zweiten Rang. Auf dem vierten Rang folgte das Team A. Das Schlusslicht bildete das Team B. F\u00fcr jedes Team gab es als Belohnung f\u00fcr die exzellenten Leistungen bunte Accessoires f\u00fcr die Heimreise.<\/p>\n\n\n\n<p>Nach einigen Dankesreden zugunsten unserer zwei Trainer P.H. und H.S., sowie an unsere Physio M.W., als auch an die Organisatorinnen D.B. und M.T. ging es auf nach Barcelona.<\/p>\n\n\n\n<p>Im Hotel in Barcelona angekommen teilte sich das Team auf. D.B. und M.O. begleiteten H.S. an den Flughafen, um den sehnlichst vermissten Koffer von H.S. abzuholen. D.B. fragte dabei H.S. auf dem Hinweg, was er nun machen werde, wenn er den Koffer zur\u00fcckerhalten werde. Daraufhin antwortete H.S. kurz &amp; knapp: \u00abmitn\u00e4h\u00bb. Nach einer aufregenden Schnitzeljagd durch den Flughafen und einer Drohung mit der Polizei, welche zur Folge hatte, dass M.O. eine Flughafenangestellte als \u00abdummi Sauchue\u00bb bezeichnete, gelang es H.S. doch noch seinen geliebten Koffer wieder in die Arme zu schliessen.\u00a0<\/p>\n\n\n\n<p>Der Rest der Truppe machte sich unter der F\u00fchrung von Reiseleiterin M.T. auf den Weg in Richtung Innenstadt, wobei M.T. die Truppe prompt in die falsche Richtung lotste. Der kleine Fehler \u00fcberspielte sie gekonnt, so dass es nur Wenigen \u00fcberhaupt auffiel. An der U-Bahn-Station angekommen, versuchte E.W, welche nur wenig Grossstadterfahrung hat, ihr Gl\u00fcck die U-Bahn aufzuhalten, wobei dieser Versuch logischerweise scheiterte. Danach trennten sich die Wege.<\/p>\n\n\n\n<p>Eine Gruppe suchte ein Lokal auf, in welchem den ganzen Nachmittag gem\u00fctlich ein oder auch zwei \u00abW\u00e4sserli\u00bb getrunken und UNO gespielt wurde. Dabei stellte sich heraus das F.S. in der Annahme ein Taschentuch als Hotelandenken mitgenommen zu haben, eine Duschhaube bei sich hatte, welche aber auch verwendet werden konnte.<\/p>\n\n\n\n<p>Die andere Gruppe machte es sich zur Tagesaufgabe die Sagrada Familia zu Fuss zu erkundigen. Nach einem zweist\u00fcndigen Footing kehrte auch sie in die Innenstadt zur\u00fcck. Das Highlight der Tour: ein Shop, in dem es nur Figuren gab, die gerade ihr Gesch\u00e4ft verrichteten. Die Gruppe wollte danach noch einen Ap\u00e9ro nehmen, doch die acht bestellten Wildberry Lillet blieben aus, da das Restaurant zuerst neues Tonic Wasser einkaufen musste und die Gruppe, um einer Busse zu entkommen, das Restaurant schleunigst wieder verlassen musste.&nbsp;<\/p>\n\n\n\n<p>Gepr\u00e4gt von Entscheidungsschwierigkeiten nahmen wir gemeinsam das Nachtessen in Angriff. W\u00e4hrend des Essens wurde die heissgeliebte Frehne und der Schnupf sehnlichst vermisst. Sodann liess sich E.W. den Spass nicht verderben und probierte dieses Gef\u00fchl mithilfe eines Minzblattes zu imitieren.<\/p>\n\n\n\n<p>Nach dem Abendessen machte sich das Team auf, Barcelona unsicher zu machen. Doch bevor es sich den \u00aberwachsenen\u00bb Aktivit\u00e4ten widmen konnten, wurde eine Pause bei einem Spielplatz eingelegt, welche vor allem das Trainerduo in vollen Z\u00fcgen genoss. Danach kehrten die meisten in einer Bar ein. C.H. f\u00fchlte sich sofort wie zu Hause, da auch hier, wie im heimischen \u00abKr\u00f6nli\u00bb, das Efeu bis in die Innenr\u00e4ume durchdrang. Weiter ging es f\u00fcr Wenige noch mit einem Clubbesuch, bei welchem A.B. aufgrund des zu schnellen Exens eines Vodkabulls einen so grossen R\u00fclps von sich gab, dass alle anderen dachten es k\u00e4me noch Material raus.<\/p>\n\n\n\n<p>F\u00fcr die R\u00fcckreise ging es um 4.15 Uhr los in Richtung Flughafen, was f\u00fcr einige bedeutete, dass der Check-in im Hotel und der Check-out zeitlich zusammenfielen. Auch die Alkoholfahne jener Spielerinnen war kaum zu ignorieren. Andererseits hatten E.W., F.S. und L.G. etwas M\u00fche mit der fr\u00fchen Stunde und der Weckdienst kam doch noch zum Einsatz. Die restliche Heimreise verlief ohne gr\u00f6sseren Zwischenf\u00e4lle, da der Flug gr\u00f6sstenteils sowieso verschlafen wurde und H.S. diesmal den RICHTIGEN Koffer erwischte, was ca. die H\u00e4lfte der Equipe mit eigenen Augen \u00fcberpr\u00fcfte.<\/p>\n\n\n\n<p>Somit ist unser diesj\u00e4hriges Trainingslager leider schon wieder zu Ende und wir m\u00f6chten uns an dieser Stelle bei allen Organisatoren, den Trainern, unserer Physio sowie allen anderen Personen, welche uns ein solch tolles Lager erm\u00f6glicht haben, herzlich bedanken.<\/p>\n\n\n\n<p>Danke &amp; bis bald mol uf de Breiti,<\/p>\n\n\n\n<p>A.B, F.S, M.H, V.K<\/p>\n\n\n\n<div class=\"wp-container-3 wp-block-group\"><div class=\"wp-block-group__inner-container\">\n<div class=\"wp-container-2 wp-block-columns\">\n<div class=\"wp-container-1 wp-block-column\" style=\"flex-basis:100%\">\n<figure class=\"wp-block-image size-large\"><img loading=\"lazy\" width=\"768\" height=\"1024\" src=\"https:\/\/fcbuetschwil.ch\/neu\/wp-content\/uploads\/2024\/02\/575f1bbe-df80-415f-87ff-a6fc6f6ddc50-768x1024.jpeg\" alt=\"\" class=\"wp-image-6626\" srcset=\"https:\/\/fcbuetschwil.ch\/neu\/wp-content\/uploads\/2024\/02\/575f1bbe-df80-415f-87ff-a6fc6f6ddc50-768x1024.jpeg 768w, https:\/\/fcbuetschwil.ch\/neu\/wp-content\/uploads\/2024\/02\/575f1bbe-df80-415f-87ff-a6fc6f6ddc50-750x1000.jpeg 750w, https:\/\/fcbuetschwil.ch\/neu\/wp-content\/uploads\/2024\/02\/575f1bbe-df80-415f-87ff-a6fc6f6ddc50-300x400.jpeg 300w, https:\/\/fcbuetschwil.ch\/neu\/wp-content\/uploads\/2024\/02\/575f1bbe-df80-415f-87ff-a6fc6f6ddc50-1152x1536.jpeg 1152w, https:\/\/fcbuetschwil.ch\/neu\/wp-content\/uploads\/2024\/02\/575f1bbe-df80-415f-87ff-a6fc6f6ddc50.jpeg 1536w\" sizes=\"(max-width: 768px) 100vw, 768px\" \/><\/figure>\n<\/div>\n<\/div>\n<\/div><\/div>\n\n\n\n<figure class=\"wp-container-5 wp-block-gallery-4 wp-block-gallery has-nested-images columns-default is-cropped\">\n<figure class=\"wp-block-image size-large\"><img loading=\"lazy\" width=\"1024\" height=\"768\" data-id=\"6627\"  src=\"https:\/\/fcbuetschwil.ch\/neu\/wp-content\/uploads\/2024\/02\/f5f83f34-7279-47ab-b0c5-4f3bc84933a0-1024x768.jpeg\" alt=\"\" class=\"wp-image-6627\" srcset=\"https:\/\/fcbuetschwil.ch\/neu\/wp-content\/uploads\/2024\/02\/f5f83f34-7279-47ab-b0c5-4f3bc84933a0-1024x768.jpeg 1024w, https:\/\/fcbuetschwil.ch\/neu\/wp-content\/uploads\/2024\/02\/f5f83f34-7279-47ab-b0c5-4f3bc84933a0-1000x750.jpeg 1000w, https:\/\/fcbuetschwil.ch\/neu\/wp-content\/uploads\/2024\/02\/f5f83f34-7279-47ab-b0c5-4f3bc84933a0-768x576.jpeg 768w, https:\/\/fcbuetschwil.ch\/neu\/wp-content\/uploads\/2024\/02\/f5f83f34-7279-47ab-b0c5-4f3bc84933a0-1536x1152.jpeg 1536w, https:\/\/fcbuetschwil.ch\/neu\/wp-content\/uploads\/2024\/02\/f5f83f34-7279-47ab-b0c5-4f3bc84933a0.jpeg 1600w\" sizes=\"(max-width: 1024px) 100vw, 1024px\" \/><\/figure>\n<\/figure>\n\n\n\n<figure class=\"wp-container-7 wp-block-gallery-6 wp-block-gallery has-nested-images columns-default is-cropped\">\n<figure class=\"wp-block-image size-large\"><img loading=\"lazy\" width=\"768\" height=\"1024\" data-id=\"6628\"  src=\"https:\/\/fcbuetschwil.ch\/neu\/wp-content\/uploads\/2024\/02\/9b6ebbb1-7a21-41e3-9687-bd5a4006a4a3-768x1024.jpeg\" alt=\"\" class=\"wp-image-6628\" srcset=\"https:\/\/fcbuetschwil.ch\/neu\/wp-content\/uploads\/2024\/02\/9b6ebbb1-7a21-41e3-9687-bd5a4006a4a3-768x1024.jpeg 768w, https:\/\/fcbuetschwil.ch\/neu\/wp-content\/uploads\/2024\/02\/9b6ebbb1-7a21-41e3-9687-bd5a4006a4a3-750x1000.jpeg 750w, https:\/\/fcbuetschwil.ch\/neu\/wp-content\/uploads\/2024\/02\/9b6ebbb1-7a21-41e3-9687-bd5a4006a4a3-300x400.jpeg 300w, https:\/\/fcbuetschwil.ch\/neu\/wp-content\/uploads\/2024\/02\/9b6ebbb1-7a21-41e3-9687-bd5a4006a4a3-1152x1536.jpeg 1152w, https:\/\/fcbuetschwil.ch\/neu\/wp-content\/uploads\/2024\/02\/9b6ebbb1-7a21-41e3-9687-bd5a4006a4a3.jpeg 1536w\" sizes=\"(max-width: 768px) 100vw, 768px\" \/><\/figure>\n<\/figure>\n\n\n\n<figure class=\"wp-block-image size-large\"><img loading=\"lazy\" width=\"768\" height=\"1024\" src=\"https:\/\/fcbuetschwil.ch\/neu\/wp-content\/uploads\/2024\/02\/IMG_8093-768x1024.jpeg\" alt=\"\" class=\"wp-image-6629\" srcset=\"https:\/\/fcbuetschwil.ch\/neu\/wp-content\/uploads\/2024\/02\/IMG_8093-768x1024.jpeg 768w, https:\/\/fcbuetschwil.ch\/neu\/wp-content\/uploads\/2024\/02\/IMG_8093-750x1000.jpeg 750w, https:\/\/fcbuetschwil.ch\/neu\/wp-content\/uploads\/2024\/02\/IMG_8093-300x400.jpeg 300w, https:\/\/fcbuetschwil.ch\/neu\/wp-content\/uploads\/2024\/02\/IMG_8093-1152x1536.jpeg 1152w, https:\/\/fcbuetschwil.ch\/neu\/wp-content\/uploads\/2024\/02\/IMG_8093-1536x2048.jpeg 1536w, https:\/\/fcbuetschwil.ch\/neu\/wp-content\/uploads\/2024\/02\/IMG_8093-scaled.jpeg 1920w\" sizes=\"(max-width: 768px) 100vw, 768px\" \/><\/figure>\n\n\n\n<figure class=\"wp-block-image size-large\"><img loading=\"lazy\" width=\"768\" height=\"1024\" src=\"https:\/\/fcbuetschwil.ch\/neu\/wp-content\/uploads\/2024\/02\/90050f57-c1e6-49fa-98fb-f6832481569a-768x1024.jpeg\" alt=\"\" class=\"wp-image-6630\" srcset=\"https:\/\/fcbuetschwil.ch\/neu\/wp-content\/uploads\/2024\/02\/90050f57-c1e6-49fa-98fb-f6832481569a-768x1024.jpeg 768w, https:\/\/fcbuetschwil.ch\/neu\/wp-content\/uploads\/2024\/02\/90050f57-c1e6-49fa-98fb-f6832481569a-750x1000.jpeg 750w, https:\/\/fcbuetschwil.ch\/neu\/wp-content\/uploads\/2024\/02\/90050f57-c1e6-49fa-98fb-f6832481569a-300x400.jpeg 300w, https:\/\/fcbuetschwil.ch\/neu\/wp-content\/uploads\/2024\/02\/90050f57-c1e6-49fa-98fb-f6832481569a-1152x1536.jpeg 1152w, https:\/\/fcbuetschwil.ch\/neu\/wp-content\/uploads\/2024\/02\/90050f57-c1e6-49fa-98fb-f6832481569a.jpeg 1200w\" sizes=\"(max-width: 768px) 100vw, 768px\" \/><\/figure>\n\n\n\n<figure class=\"wp-block-image size-large\"><img loading=\"lazy\" width=\"768\" height=\"1024\" src=\"https:\/\/fcbuetschwil.ch\/neu\/wp-content\/uploads\/2024\/02\/d1b631b8-39ff-4de1-888a-4f796fc01bac-768x1024.jpeg\" alt=\"\" class=\"wp-image-6631\" srcset=\"https:\/\/fcbuetschwil.ch\/neu\/wp-content\/uploads\/2024\/02\/d1b631b8-39ff-4de1-888a-4f796fc01bac-768x1024.jpeg 768w, https:\/\/fcbuetschwil.ch\/neu\/wp-content\/uploads\/2024\/02\/d1b631b8-39ff-4de1-888a-4f796fc01bac-750x1000.jpeg 750w, https:\/\/fcbuetschwil.ch\/neu\/wp-content\/uploads\/2024\/02\/d1b631b8-39ff-4de1-888a-4f796fc01bac-300x400.jpeg 300w, https:\/\/fcbuetschwil.ch\/neu\/wp-content\/uploads\/2024\/02\/d1b631b8-39ff-4de1-888a-4f796fc01bac-1152x1536.jpeg 1152w, https:\/\/fcbuetschwil.ch\/neu\/wp-content\/uploads\/2024\/02\/d1b631b8-39ff-4de1-888a-4f796fc01bac.jpeg 1200w\" sizes=\"(max-width: 768px) 100vw, 768px\" \/><\/figure>\n\n\n\n<figure class=\"wp-block-image size-large\"><img loading=\"lazy\" width=\"1024\" height=\"771\" src=\"https:\/\/fcbuetschwil.ch\/neu\/wp-content\/uploads\/2024\/02\/089589ef-ef5d-4767-a6bc-30e435b6ff69-1024x771.jpeg\" alt=\"\" class=\"wp-image-6632\" srcset=\"https:\/\/fcbuetschwil.ch\/neu\/wp-content\/uploads\/2024\/02\/089589ef-ef5d-4767-a6bc-30e435b6ff69-1024x771.jpeg 1024w, https:\/\/fcbuetschwil.ch\/neu\/wp-content\/uploads\/2024\/02\/089589ef-ef5d-4767-a6bc-30e435b6ff69-1000x753.jpeg 1000w, https:\/\/fcbuetschwil.ch\/neu\/wp-content\/uploads\/2024\/02\/089589ef-ef5d-4767-a6bc-30e435b6ff69-768x578.jpeg 768w, https:\/\/fcbuetschwil.ch\/neu\/wp-content\/uploads\/2024\/02\/089589ef-ef5d-4767-a6bc-30e435b6ff69-1536x1157.jpeg 1536w, https:\/\/fcbuetschwil.ch\/neu\/wp-content\/uploads\/2024\/02\/089589ef-ef5d-4767-a6bc-30e435b6ff69.jpeg 2040w\" sizes=\"(max-width: 1024px) 100vw, 1024px\" \/><\/figure>\n","protected":false},"excerpt":{"rendered":"<p>Trainingslager 2024 &#8211; 6. und 7. Tagebucheintrag 23.\/24. Februar 2024 Nach einer allj\u00e4hrlichen n\u00e4chtlichen ABBA-Show-Einlage von C.H. diesmal mit Unterst\u00fctzung von A.B. versammelte sich das Team sp\u00e4ter als gewohnt zum Fr\u00fchst\u00fcck. Am Fr\u00fchst\u00fccksb\u00fcffet gab es f\u00fcr die kr\u00e4nkelnde F.S. ihre t\u00e4gliche Drogendosis. Dabei kl\u00e4rte sie das K\u00fcken M.H. \u00fcber die Folgen des \u00fcberm\u00e4ssigen Konsums (Durchfall)&hellip;&nbsp;<a href=\"https:\/\/fcbuetschwil.ch\/neu\/trainingslager-fft1-2024-tag-6-7\/\" class=\"\" rel=\"bookmark\">Weiterlesen &raquo;<span class=\"screen-reader-text\">Trainingslager FFT1 2024 &#8211; Tag 6 &amp; 7<\/span><\/a><\/p>\n","protected":false},"author":1,"featured_media":6632,"comment_status":"open","ping_status":"open","sticky":false,"template":"","format":"standard","meta":{"inline_featured_image":false,"_mi_skip_tracking":false,"kia_subtitle":"","neve_meta_sidebar":"","neve_meta_container":"","neve_meta_enable_content_width":"","neve_meta_content_width":0,"neve_meta_title_alignment":"","neve_meta_author_avatar":"","neve_post_elements_order":"","neve_meta_disable_header":"","neve_meta_disable_footer":"","neve_meta_disable_title":""},"categories":[34],"tags":[],"_links":{"self":[{"href":"https:\/\/fcbuetschwil.ch\/neu\/wp-json\/wp\/v2\/posts\/6625"}],"collection":[{"href":"https:\/\/fcbuetschwil.ch\/neu\/wp-json\/wp\/v2\/posts"}],"about":[{"href":"https:\/\/fcbuetschwil.ch\/neu\/wp-json\/wp\/v2\/types\/post"}],"author":[{"embeddable":true,"href":"https:\/\/fcbuetschwil.ch\/neu\/wp-json\/wp\/v2\/users\/1"}],"replies":[{"embeddable":true,"href":"https:\/\/fcbuetschwil.ch\/neu\/wp-json\/wp\/v2\/comments?post=6625"}],"version-history":[{"count":1,"href":"https:\/\/fcbuetschwil.ch\/neu\/wp-json\/wp\/v2\/posts\/6625\/revisions"}],"predecessor-version":[{"id":6633,"href":"https:\/\/fcbuetschwil.ch\/neu\/wp-json\/wp\/v2\/posts\/6625\/revisions\/6633"}],"wp:featuredmedia":[{"embeddable":true,"href":"https:\/\/fcbuetschwil.ch\/neu\/wp-json\/wp\/v2\/media\/6632"}],"wp:attachment":[{"href":"https:\/\/fcbuetschwil.ch\/neu\/wp-json\/wp\/v2\/media?parent=6625"}],"wp:term":[{"taxonomy":"category","embeddable":true,"href":"https:\/\/fcbuetschwil.ch\/neu\/wp-json\/wp\/v2\/categories?post=6625"},{"taxonomy":"post_tag","embeddable":true,"href":"https:\/\/fcbuetschwil.ch\/neu\/wp-json\/wp\/v2\/tags?post=6625"}],"curies":[{"name":"wp","href":"https:\/\/api.w.org\/{rel}","templated":true}]}}