{"id":6595,"date":"2024-02-20T23:39:33","date_gmt":"2024-02-20T21:39:33","guid":{"rendered":"https:\/\/fcbuetschwil.ch\/neu\/?p=6595"},"modified":"2024-02-20T23:43:30","modified_gmt":"2024-02-20T21:43:30","slug":"trainingslager-fft1-2024-tag-3","status":"publish","type":"post","link":"https:\/\/fcbuetschwil.ch\/neu\/trainingslager-fft1-2024-tag-3\/","title":{"rendered":"Trainingslager FFT1 2024 &#8211; Tag 3"},"content":{"rendered":"\n<p>Trainingslager 2024 &#8211; 3. Tagebucheintrag<\/p>\n\n\n\n<p>Dienstag, 20. Februar 2024<\/p>\n\n\n\n<p>Der Tag begann am Fr\u00fchst\u00fcckstisch mit einer humorvollen Vergleichsrunde, bei der die B\u00e4uche der Tafelrunde mit verschiedenen Fahrzeugreifen verglichen wurden. Sieger war der D\u00fcnenpneu. Die Kellnerin Maria Antonia Ferreira Perraira Fernandes Dos Santos Almeida wurde von C. H. mit einem enthusiastischen &#8222;Buenas Noches!&#8220; begr\u00fcsst, was bei ihr zu einem herzhaften und sehr lauten Gel\u00e4chter f\u00fchrte. D.B. k\u00e4mpfte tapfer darum, Honig auf ihr Br\u00f6tchen zu bekommen, wurde jedoch von der rebellischen Honigtube ausgetrickst, die gedr\u00fcckt statt gehebelt wurde.<\/p>\n\n\n\n<p>Bei windigem Wetter und eisigen Temperaturen versammelte sich das Team auf dem Platz, dabei gr\u00fcsste die daheimgebliebene N.S., auch genannt Therese Johaug, aus der Ferne. Das Training bestand aus Pass\u00fcbungen, Spielen \u00fcber die Fl\u00fcgel und pr\u00e4zisen Flachp\u00e4ssen in den Sechzehner. Beim abschliessenden &#8222;Lattenknallen&#8220; bewies M.S. zweimal hintereinander ihre Treffsicherheit, allerdings landeten beide B\u00e4lle hinter dem Zaun, was zu einer abenteuerlichen R\u00fcckholaktion f\u00fchrte. B.H. schoss den Ball durch das Zaunloch auf Platz 14, was einen ungeplanten Extrem-Schatzsuche-Parcours mit steilen Auf- und Abstiegen zu Fuss erforderte!<\/p>\n\n\n\n<p>Nach dem Training wurde die evidenzbasierte Methode des &#8222;Schenkelabk\u00fchlens&#8220; im Pool bei strahlendem Sonnenschein praktiziert.<\/p>\n\n\n\n<p>Beim Mittagsbuffet gab es eine Bananen-Extravaganza!<\/p>\n\n\n\n<p>Das Nachmittagstraining umfasste Passspiel, Eckb\u00e4lle, Fussballtennis und ein Abschlussspiel. Trainer P.H. erz\u00e4hlte eine Geschichte nach wahren Begebenheiten, dass Eheringe und Uhren im Training gef\u00e4hrliche Gegenst\u00e4nde sind und zu k\u00fcnstlichen Stiftz\u00e4hne im jungen Alter f\u00fchren k\u00f6nnen. Die Schlussfolgerung der Damen war, dass es vielleicht besser ist, nicht zu heiraten oder sich halt scheiden zu lassen.<\/p>\n\n\n\n<p>Nach dem Training ging es zum Strand, wo die 40-j\u00e4hrigen pensionierten Flipper im Meer auftauchten. Es wurden fleissig Instapics gemacht, um diesen besonderen Moment festzuhalten.<\/p>\n\n\n\n<p>Beim Abendessen wurden ernste und schmerzliche Themen diskutiert, bevor das Dessertbuffet gest\u00fcrmt wurde.<\/p>\n\n\n\n<p>Am Abend stand die Challenge Activity der Gruppe C an. Auf dem Spiel steht die Tagesberichterstattung. Team A verlor beim Spiel, als sie \u00fcber den zu zeichnenden Begriff &#8222;Hooligan&#8220; stolperten. Sie verabschiedeten sich f\u00fcr heute und begr\u00fcsst Sie morgen wieder zur gleichen Stunde. Der Abend wurde mit dem Champions-League Match ausgeklungen.<\/p>\n\n\n\n<p>Das war ein Tag voller Lachen, Training und unerwarteter Wendungen &#8211; genau das, was man von einem Tag im Trainingslager erwarten w\u00fcrde! Bis morgen, wenn das Abenteuer weiter geht!<\/p>\n\n\n\n<p>C.H., H.S., L.G., M.T. in Kooperation mit Chat GPT.<\/p>\n\n\n\n<div class=\"wp-container-3 wp-block-group\"><div class=\"wp-block-group__inner-container\">\n<div class=\"wp-container-2 wp-block-columns\">\n<div class=\"wp-container-1 wp-block-column\" style=\"flex-basis:100%\">\n<figure class=\"wp-block-image size-large\"><img loading=\"lazy\" width=\"1024\" height=\"681\" src=\"https:\/\/fcbuetschwil.ch\/neu\/wp-content\/uploads\/2024\/02\/DSC_0574-1024x681.jpg\" alt=\"\" class=\"wp-image-6596\" srcset=\"https:\/\/fcbuetschwil.ch\/neu\/wp-content\/uploads\/2024\/02\/DSC_0574-1024x681.jpg 1024w, https:\/\/fcbuetschwil.ch\/neu\/wp-content\/uploads\/2024\/02\/DSC_0574-1000x665.jpg 1000w, https:\/\/fcbuetschwil.ch\/neu\/wp-content\/uploads\/2024\/02\/DSC_0574-768x511.jpg 768w, https:\/\/fcbuetschwil.ch\/neu\/wp-content\/uploads\/2024\/02\/DSC_0574-391x260.jpg 391w, https:\/\/fcbuetschwil.ch\/neu\/wp-content\/uploads\/2024\/02\/DSC_0574-1536x1021.jpg 1536w, https:\/\/fcbuetschwil.ch\/neu\/wp-content\/uploads\/2024\/02\/DSC_0574-2048x1362.jpg 2048w\" sizes=\"(max-width: 1024px) 100vw, 1024px\" \/><\/figure>\n<\/div>\n<\/div>\n<\/div><\/div>\n\n\n\n<figure class=\"wp-container-5 wp-block-gallery-4 wp-block-gallery has-nested-images columns-default is-cropped\">\n<figure class=\"wp-block-image size-large\"><img loading=\"lazy\" width=\"1024\" height=\"681\" data-id=\"6597\"  src=\"https:\/\/fcbuetschwil.ch\/neu\/wp-content\/uploads\/2024\/02\/DSC_0592-1024x681.jpg\" alt=\"\" class=\"wp-image-6597\" srcset=\"https:\/\/fcbuetschwil.ch\/neu\/wp-content\/uploads\/2024\/02\/DSC_0592-1024x681.jpg 1024w, https:\/\/fcbuetschwil.ch\/neu\/wp-content\/uploads\/2024\/02\/DSC_0592-1000x665.jpg 1000w, https:\/\/fcbuetschwil.ch\/neu\/wp-content\/uploads\/2024\/02\/DSC_0592-768x511.jpg 768w, https:\/\/fcbuetschwil.ch\/neu\/wp-content\/uploads\/2024\/02\/DSC_0592-391x260.jpg 391w, https:\/\/fcbuetschwil.ch\/neu\/wp-content\/uploads\/2024\/02\/DSC_0592-1536x1021.jpg 1536w, https:\/\/fcbuetschwil.ch\/neu\/wp-content\/uploads\/2024\/02\/DSC_0592-2048x1362.jpg 2048w\" sizes=\"(max-width: 1024px) 100vw, 1024px\" \/><\/figure>\n<\/figure>\n\n\n\n<figure class=\"wp-container-7 wp-block-gallery-6 wp-block-gallery has-nested-images columns-default is-cropped\">\n<figure class=\"wp-block-image size-large\"><img loading=\"lazy\" width=\"1024\" height=\"681\" data-id=\"6598\"  src=\"https:\/\/fcbuetschwil.ch\/neu\/wp-content\/uploads\/2024\/02\/DSC_0627-1024x681.jpg\" alt=\"\" class=\"wp-image-6598\" srcset=\"https:\/\/fcbuetschwil.ch\/neu\/wp-content\/uploads\/2024\/02\/DSC_0627-1024x681.jpg 1024w, https:\/\/fcbuetschwil.ch\/neu\/wp-content\/uploads\/2024\/02\/DSC_0627-1000x665.jpg 1000w, https:\/\/fcbuetschwil.ch\/neu\/wp-content\/uploads\/2024\/02\/DSC_0627-768x511.jpg 768w, https:\/\/fcbuetschwil.ch\/neu\/wp-content\/uploads\/2024\/02\/DSC_0627-391x260.jpg 391w, https:\/\/fcbuetschwil.ch\/neu\/wp-content\/uploads\/2024\/02\/DSC_0627-1536x1021.jpg 1536w, https:\/\/fcbuetschwil.ch\/neu\/wp-content\/uploads\/2024\/02\/DSC_0627-2048x1362.jpg 2048w\" sizes=\"(max-width: 1024px) 100vw, 1024px\" \/><\/figure>\n<\/figure>\n\n\n\n<figure class=\"wp-block-image size-large\"><img loading=\"lazy\" width=\"1024\" height=\"681\" src=\"https:\/\/fcbuetschwil.ch\/neu\/wp-content\/uploads\/2024\/02\/DSC_0646-1024x681.jpg\" alt=\"\" class=\"wp-image-6599\" srcset=\"https:\/\/fcbuetschwil.ch\/neu\/wp-content\/uploads\/2024\/02\/DSC_0646-1024x681.jpg 1024w, https:\/\/fcbuetschwil.ch\/neu\/wp-content\/uploads\/2024\/02\/DSC_0646-1000x665.jpg 1000w, https:\/\/fcbuetschwil.ch\/neu\/wp-content\/uploads\/2024\/02\/DSC_0646-768x511.jpg 768w, https:\/\/fcbuetschwil.ch\/neu\/wp-content\/uploads\/2024\/02\/DSC_0646-391x260.jpg 391w, https:\/\/fcbuetschwil.ch\/neu\/wp-content\/uploads\/2024\/02\/DSC_0646-1536x1021.jpg 1536w, https:\/\/fcbuetschwil.ch\/neu\/wp-content\/uploads\/2024\/02\/DSC_0646-2048x1362.jpg 2048w\" sizes=\"(max-width: 1024px) 100vw, 1024px\" \/><\/figure>\n\n\n\n<figure class=\"wp-block-image size-large\"><img loading=\"lazy\" width=\"771\" height=\"1024\" src=\"https:\/\/fcbuetschwil.ch\/neu\/wp-content\/uploads\/2024\/02\/WhatsApp-Bild-2024-02-20-um-17.51.29_cec66133-771x1024.jpg\" alt=\"\" class=\"wp-image-6600\" srcset=\"https:\/\/fcbuetschwil.ch\/neu\/wp-content\/uploads\/2024\/02\/WhatsApp-Bild-2024-02-20-um-17.51.29_cec66133-771x1024.jpg 771w, https:\/\/fcbuetschwil.ch\/neu\/wp-content\/uploads\/2024\/02\/WhatsApp-Bild-2024-02-20-um-17.51.29_cec66133-753x1000.jpg 753w, https:\/\/fcbuetschwil.ch\/neu\/wp-content\/uploads\/2024\/02\/WhatsApp-Bild-2024-02-20-um-17.51.29_cec66133-768x1021.jpg 768w, https:\/\/fcbuetschwil.ch\/neu\/wp-content\/uploads\/2024\/02\/WhatsApp-Bild-2024-02-20-um-17.51.29_cec66133-1156x1536.jpg 1156w, https:\/\/fcbuetschwil.ch\/neu\/wp-content\/uploads\/2024\/02\/WhatsApp-Bild-2024-02-20-um-17.51.29_cec66133.jpg 1204w\" sizes=\"(max-width: 771px) 100vw, 771px\" \/><\/figure>\n\n\n\n<figure class=\"wp-block-image size-full\"><img loading=\"lazy\" width=\"768\" height=\"1024\" src=\"https:\/\/fcbuetschwil.ch\/neu\/wp-content\/uploads\/2024\/02\/WhatsApp-Bild-2024-02-20-um-21.52.30_1b0286f0.jpg\" alt=\"\" class=\"wp-image-6601\" srcset=\"https:\/\/fcbuetschwil.ch\/neu\/wp-content\/uploads\/2024\/02\/WhatsApp-Bild-2024-02-20-um-21.52.30_1b0286f0.jpg 768w, https:\/\/fcbuetschwil.ch\/neu\/wp-content\/uploads\/2024\/02\/WhatsApp-Bild-2024-02-20-um-21.52.30_1b0286f0-750x1000.jpg 750w, https:\/\/fcbuetschwil.ch\/neu\/wp-content\/uploads\/2024\/02\/WhatsApp-Bild-2024-02-20-um-21.52.30_1b0286f0-300x400.jpg 300w\" sizes=\"(max-width: 768px) 100vw, 768px\" \/><\/figure>\n\n\n\n<figure class=\"wp-block-image size-full\"><img loading=\"lazy\" width=\"1024\" height=\"768\" src=\"https:\/\/fcbuetschwil.ch\/neu\/wp-content\/uploads\/2024\/02\/WhatsApp-Bild-2024-02-20-um-21.53.14_545c94c5.jpg\" alt=\"\" class=\"wp-image-6602\" srcset=\"https:\/\/fcbuetschwil.ch\/neu\/wp-content\/uploads\/2024\/02\/WhatsApp-Bild-2024-02-20-um-21.53.14_545c94c5.jpg 1024w, https:\/\/fcbuetschwil.ch\/neu\/wp-content\/uploads\/2024\/02\/WhatsApp-Bild-2024-02-20-um-21.53.14_545c94c5-1000x750.jpg 1000w, https:\/\/fcbuetschwil.ch\/neu\/wp-content\/uploads\/2024\/02\/WhatsApp-Bild-2024-02-20-um-21.53.14_545c94c5-768x576.jpg 768w\" sizes=\"(max-width: 1024px) 100vw, 1024px\" \/><\/figure>\n\n\n\n<figure class=\"wp-block-image size-large\"><img loading=\"lazy\" width=\"768\" height=\"1024\" src=\"https:\/\/fcbuetschwil.ch\/neu\/wp-content\/uploads\/2024\/02\/WhatsApp-Bild-2024-02-20-um-22.28.36_999dec18-768x1024.jpg\" alt=\"\" class=\"wp-image-6603\" srcset=\"https:\/\/fcbuetschwil.ch\/neu\/wp-content\/uploads\/2024\/02\/WhatsApp-Bild-2024-02-20-um-22.28.36_999dec18-768x1024.jpg 768w, https:\/\/fcbuetschwil.ch\/neu\/wp-content\/uploads\/2024\/02\/WhatsApp-Bild-2024-02-20-um-22.28.36_999dec18-750x1000.jpg 750w, https:\/\/fcbuetschwil.ch\/neu\/wp-content\/uploads\/2024\/02\/WhatsApp-Bild-2024-02-20-um-22.28.36_999dec18-300x400.jpg 300w, https:\/\/fcbuetschwil.ch\/neu\/wp-content\/uploads\/2024\/02\/WhatsApp-Bild-2024-02-20-um-22.28.36_999dec18-1152x1536.jpg 1152w, https:\/\/fcbuetschwil.ch\/neu\/wp-content\/uploads\/2024\/02\/WhatsApp-Bild-2024-02-20-um-22.28.36_999dec18.jpg 1200w\" sizes=\"(max-width: 768px) 100vw, 768px\" \/><\/figure>\n","protected":false},"excerpt":{"rendered":"<p>Trainingslager 2024 &#8211; 3. Tagebucheintrag Dienstag, 20. Februar 2024 Der Tag begann am Fr\u00fchst\u00fcckstisch mit einer humorvollen Vergleichsrunde, bei der die B\u00e4uche der Tafelrunde mit verschiedenen Fahrzeugreifen verglichen wurden. Sieger war der D\u00fcnenpneu. Die Kellnerin Maria Antonia Ferreira Perraira Fernandes Dos Santos Almeida wurde von C. H. mit einem enthusiastischen &#8222;Buenas Noches!&#8220; begr\u00fcsst, was bei&hellip;&nbsp;<a href=\"https:\/\/fcbuetschwil.ch\/neu\/trainingslager-fft1-2024-tag-3\/\" class=\"\" rel=\"bookmark\">Weiterlesen &raquo;<span class=\"screen-reader-text\">Trainingslager FFT1 2024 &#8211; Tag 3<\/span><\/a><\/p>\n","protected":false},"author":1,"featured_media":6601,"comment_status":"open","ping_status":"open","sticky":false,"template":"","format":"standard","meta":{"inline_featured_image":false,"_mi_skip_tracking":false,"kia_subtitle":"","neve_meta_sidebar":"","neve_meta_container":"","neve_meta_enable_content_width":"","neve_meta_content_width":0,"neve_meta_title_alignment":"","neve_meta_author_avatar":"","neve_post_elements_order":"","neve_meta_disable_header":"","neve_meta_disable_footer":"","neve_meta_disable_title":""},"categories":[34],"tags":[],"_links":{"self":[{"href":"https:\/\/fcbuetschwil.ch\/neu\/wp-json\/wp\/v2\/posts\/6595"}],"collection":[{"href":"https:\/\/fcbuetschwil.ch\/neu\/wp-json\/wp\/v2\/posts"}],"about":[{"href":"https:\/\/fcbuetschwil.ch\/neu\/wp-json\/wp\/v2\/types\/post"}],"author":[{"embeddable":true,"href":"https:\/\/fcbuetschwil.ch\/neu\/wp-json\/wp\/v2\/users\/1"}],"replies":[{"embeddable":true,"href":"https:\/\/fcbuetschwil.ch\/neu\/wp-json\/wp\/v2\/comments?post=6595"}],"version-history":[{"count":2,"href":"https:\/\/fcbuetschwil.ch\/neu\/wp-json\/wp\/v2\/posts\/6595\/revisions"}],"predecessor-version":[{"id":6605,"href":"https:\/\/fcbuetschwil.ch\/neu\/wp-json\/wp\/v2\/posts\/6595\/revisions\/6605"}],"wp:featuredmedia":[{"embeddable":true,"href":"https:\/\/fcbuetschwil.ch\/neu\/wp-json\/wp\/v2\/media\/6601"}],"wp:attachment":[{"href":"https:\/\/fcbuetschwil.ch\/neu\/wp-json\/wp\/v2\/media?parent=6595"}],"wp:term":[{"taxonomy":"category","embeddable":true,"href":"https:\/\/fcbuetschwil.ch\/neu\/wp-json\/wp\/v2\/categories?post=6595"},{"taxonomy":"post_tag","embeddable":true,"href":"https:\/\/fcbuetschwil.ch\/neu\/wp-json\/wp\/v2\/tags?post=6595"}],"curies":[{"name":"wp","href":"https:\/\/api.w.org\/{rel}","templated":true}]}}