{"id":6582,"date":"2024-02-20T13:27:55","date_gmt":"2024-02-20T11:27:55","guid":{"rendered":"https:\/\/fcbuetschwil.ch\/neu\/?p=6582"},"modified":"2024-02-20T13:47:11","modified_gmt":"2024-02-20T11:47:11","slug":"trainingslager-fft1-2024-tag-2","status":"publish","type":"post","link":"https:\/\/fcbuetschwil.ch\/neu\/trainingslager-fft1-2024-tag-2\/","title":{"rendered":"Trainingslager FFT1 2024 &#8211; Tag 2"},"content":{"rendered":"\n<p>Trainingslager 2024 &#8211; 2. Tagebucheintrag<\/p>\n\n\n\n<p>Montag, 19. Februar 2024<\/p>\n\n\n\n<p>Am Fr\u00fchst\u00fcckstisch wurde rege diskutiert, wer die ganze Belegschaft mit seinem Hustenanfall auf Trab gehalten hat. Der, die Unruhestifter*in konnte bis dato noch nicht identifiziert werden. Bereits vor dem Lager ist die \u00abSeuche\u00bb im Team ausgebrochen. An dieser Stelle w\u00fcnschen wir allen Betroffenen eine gute Besserung.<\/p>\n\n\n\n<p>Don Julio, unser Busfahrer, fuhr uns mit dem Partybus zu den Trainingspl\u00e4tzen. Dabei schlug insbesondere der Lager-Hit \u00abSiri Siri von Kamal Haasan, Mahalakshmi lyer\u00bb grosse Wellen. E.W. und B.H. nahmen sich zur Aufgabe f\u00fcr jedes Teammitglied einen passenden Song herauszusuchen<\/p>\n\n\n\n<p>Bei der Sportanlage angekommen, begr\u00fcsste uns Lagermanager Martin und \u00fcberliess und die Platzwahl. Das experimentierfreudige Team entschied sich f\u00fcr Platz Nr. 2 in der Hoffnung auf einen weicheren und ebenen Boden zu stossen. Der Schein tr\u00fcgt und die Antwort liess nicht lange auf sich warten. Das Knie von V.K. war der blutige Beweis. Jedoch wollte sie sich partout nicht von Physio M.W. behandeln lassen. Nach einem intensiven Training, gespickt mit technischen Aufgaben begab das Team sich eine halbe Stunde zu fr\u00fch ins Hotelrestaurant. C.H. war wie so oft zuerst am Eingang des Buffets, als ihr die T\u00fcre vor der Nase zu geschletzt wurde.<\/p>\n\n\n\n<p>Mit vollen B\u00e4uchen versammelte sich das Team f\u00fcr das zweite Training vom Tag. Da in der Zwischenzeit die Sonne unsere Gem\u00fcter erstrahlte, ergriff unser K\u00fcken M.Ha. kurzerhand zur Sonnencreme. Die \u00fcbersch\u00fcssige Sonnencreme wurde f\u00fcr den Bauch verwendet, welcher eigentlich keiner direkten Sonneneinstrahlung ausgesetzt war \u2013 \u00absicher isch sicher\u00bb!<\/p>\n\n\n\n<p>Vor dem Training stand ein weiteres Fotoshooting an. So stellte sich das Team in \u00fcblicher Formation auf. Die Schwierigkeit hierbei war es, die Augen offen zu halten und nicht zu blinzeln. F\u00fcr die Leser*innen gilt es zu beachten, dass ein striktes Zoom-Verbot besteht!<\/p>\n\n\n\n<p>Im Nachmittagstraining standen folgende Punkte auf dem Programm: Handball, Jonglier-Stafette, Torschuss\u00fcbung und Abschlussspiel. Weiter wurde die Challenge des Team B auf dem Fussballplatz durchgef\u00fchrt. So war das Ziel aus einer Distanz von 5 m, 10m und 15 m mit einem Kick direkt die am bodenliegenden \u00dcberzieher-Leibchen zu treffen. Nach der ersten Runde stand das Sieger-Team fest. So gewann das Team E vor C. Das Team A und D hingegen mussten das Kellerduell in einem \u00abStechen\u00bb austragen. Der Druck war insbesondere beim Team D sehr hoch. M.W. erl\u00f6ste mit dem letzten Kick das Team und machte den Sieg perfekt. Nach einem Brunstschrei h\u00e4tte man glauben k\u00f6nnen, sie h\u00e4tten den Champions-League-Final gewonnen. A.Ba. erlaubte sich das Sp\u00e4sschen, C.H. etwas Wasser \u00fcber den Kopf zu sch\u00fctten. Sofort rutschte C.H. das Wort \u00abSchof*****\u00bb heraus. Gl\u00fcck gehabt, dies Mal blieb die Aktion unbestraft.<\/p>\n\n\n\n<p>Nachdem zweiten Training mussten einige Beine im Hotelpool regeneriert werden. So liessen sich es A.Ba. und S.B. nicht nehmen, den Sprung ins kalte Nass zu wagen. Die Kamerafrau B.H. verpasste es, die Showeinlage aufzunehmen. Da die beiden das Rampenlicht sichtlich genossen haben, wiederholten sie die Aktion f\u00fcr das Beweisvideo (do it all for the gram).<\/p>\n\n\n\n<p>Unser Captain D.B. f\u00fchrte am Abend durch ein Mentaltraining. Neben einem fachlichen Input und Selbstversuchen war das Team gefordert, zusammen zu reflektieren und sich weiterzuentwickeln. Dank dieses Berichtes wurde M.T. aufmerksam auf die im Gruppenraum vergessene Tasche. \u00abMeh hilft, wo mer cha!\u00bb Sofort wendete sie sich mit ihrem Anliegen bei der Rezeption, w\u00e4hrend B.H. versuchte, sie auf die Tasche aufmerksam zu machen. Bei der Aufl\u00f6sung war M.T. sichtlich erleichtert. M\u00fcde, aber zufrieden traf sich das Team zu einem Drink in der Lobby. Da der Koffer von H.S. noch nicht aufgetaucht ist, l\u00f6ste er im Nachgang die Verliererin D.B. ab und zahlte dem Team ein Runde.<\/p>\n\n\n\n<p>Redaktion:<\/p>\n\n\n\n<p>Karla Kolumna alias M.H., M.W. &amp; A.B.<\/p>\n\n\n\n<div class=\"wp-container-3 wp-block-group\"><div class=\"wp-block-group__inner-container\">\n<div class=\"wp-container-2 wp-block-columns\">\n<div class=\"wp-container-1 wp-block-column\" style=\"flex-basis:100%\"><\/div>\n<\/div>\n<\/div><\/div>\n\n\n\n<figure class=\"wp-container-5 wp-block-gallery-4 wp-block-gallery has-nested-images columns-default is-cropped\">\n<figure class=\"wp-block-image size-large\"><img loading=\"lazy\" width=\"768\" height=\"1024\" data-id=\"6584\"  src=\"https:\/\/fcbuetschwil.ch\/neu\/wp-content\/uploads\/2024\/02\/WhatsApp-Image-2024-02-20-at-12.19.32-768x1024.jpeg\" alt=\"\" class=\"wp-image-6584\" srcset=\"https:\/\/fcbuetschwil.ch\/neu\/wp-content\/uploads\/2024\/02\/WhatsApp-Image-2024-02-20-at-12.19.32-768x1024.jpeg 768w, https:\/\/fcbuetschwil.ch\/neu\/wp-content\/uploads\/2024\/02\/WhatsApp-Image-2024-02-20-at-12.19.32-750x1000.jpeg 750w, https:\/\/fcbuetschwil.ch\/neu\/wp-content\/uploads\/2024\/02\/WhatsApp-Image-2024-02-20-at-12.19.32-300x400.jpeg 300w, https:\/\/fcbuetschwil.ch\/neu\/wp-content\/uploads\/2024\/02\/WhatsApp-Image-2024-02-20-at-12.19.32-1152x1536.jpeg 1152w, https:\/\/fcbuetschwil.ch\/neu\/wp-content\/uploads\/2024\/02\/WhatsApp-Image-2024-02-20-at-12.19.32.jpeg 1200w\" sizes=\"(max-width: 768px) 100vw, 768px\" \/><\/figure>\n<\/figure>\n\n\n\n<figure class=\"wp-container-7 wp-block-gallery-6 wp-block-gallery has-nested-images columns-default is-cropped\">\n<figure class=\"wp-block-image size-large\"><img loading=\"lazy\" width=\"1024\" height=\"768\" data-id=\"6585\"  src=\"https:\/\/fcbuetschwil.ch\/neu\/wp-content\/uploads\/2024\/02\/WhatsApp-Image-2024-02-20-at-12.18.18-1-1024x768.jpeg\" alt=\"\" class=\"wp-image-6585\" srcset=\"https:\/\/fcbuetschwil.ch\/neu\/wp-content\/uploads\/2024\/02\/WhatsApp-Image-2024-02-20-at-12.18.18-1-1024x768.jpeg 1024w, https:\/\/fcbuetschwil.ch\/neu\/wp-content\/uploads\/2024\/02\/WhatsApp-Image-2024-02-20-at-12.18.18-1-1000x750.jpeg 1000w, https:\/\/fcbuetschwil.ch\/neu\/wp-content\/uploads\/2024\/02\/WhatsApp-Image-2024-02-20-at-12.18.18-1-768x576.jpeg 768w, https:\/\/fcbuetschwil.ch\/neu\/wp-content\/uploads\/2024\/02\/WhatsApp-Image-2024-02-20-at-12.18.18-1-1536x1152.jpeg 1536w, https:\/\/fcbuetschwil.ch\/neu\/wp-content\/uploads\/2024\/02\/WhatsApp-Image-2024-02-20-at-12.18.18-1.jpeg 1600w\" sizes=\"(max-width: 1024px) 100vw, 1024px\" \/><\/figure>\n<\/figure>\n\n\n\n<figure class=\"wp-block-image size-large\"><img loading=\"lazy\" width=\"768\" height=\"1024\" src=\"https:\/\/fcbuetschwil.ch\/neu\/wp-content\/uploads\/2024\/02\/WhatsApp-Image-2024-02-20-at-12.26.51-768x1024.jpeg\" alt=\"\" class=\"wp-image-6586\" srcset=\"https:\/\/fcbuetschwil.ch\/neu\/wp-content\/uploads\/2024\/02\/WhatsApp-Image-2024-02-20-at-12.26.51-768x1024.jpeg 768w, https:\/\/fcbuetschwil.ch\/neu\/wp-content\/uploads\/2024\/02\/WhatsApp-Image-2024-02-20-at-12.26.51-750x1000.jpeg 750w, https:\/\/fcbuetschwil.ch\/neu\/wp-content\/uploads\/2024\/02\/WhatsApp-Image-2024-02-20-at-12.26.51-300x400.jpeg 300w, https:\/\/fcbuetschwil.ch\/neu\/wp-content\/uploads\/2024\/02\/WhatsApp-Image-2024-02-20-at-12.26.51-1152x1536.jpeg 1152w, https:\/\/fcbuetschwil.ch\/neu\/wp-content\/uploads\/2024\/02\/WhatsApp-Image-2024-02-20-at-12.26.51.jpeg 1200w\" sizes=\"(max-width: 768px) 100vw, 768px\" \/><\/figure>\n\n\n\n<figure class=\"wp-block-image size-large\"><img loading=\"lazy\" width=\"768\" height=\"1024\" src=\"https:\/\/fcbuetschwil.ch\/neu\/wp-content\/uploads\/2024\/02\/WhatsApp-Image-2024-02-20-at-12.26.53-768x1024.jpeg\" alt=\"\" class=\"wp-image-6588\" srcset=\"https:\/\/fcbuetschwil.ch\/neu\/wp-content\/uploads\/2024\/02\/WhatsApp-Image-2024-02-20-at-12.26.53-768x1024.jpeg 768w, https:\/\/fcbuetschwil.ch\/neu\/wp-content\/uploads\/2024\/02\/WhatsApp-Image-2024-02-20-at-12.26.53-750x1000.jpeg 750w, https:\/\/fcbuetschwil.ch\/neu\/wp-content\/uploads\/2024\/02\/WhatsApp-Image-2024-02-20-at-12.26.53-300x400.jpeg 300w, https:\/\/fcbuetschwil.ch\/neu\/wp-content\/uploads\/2024\/02\/WhatsApp-Image-2024-02-20-at-12.26.53-1152x1536.jpeg 1152w, https:\/\/fcbuetschwil.ch\/neu\/wp-content\/uploads\/2024\/02\/WhatsApp-Image-2024-02-20-at-12.26.53.jpeg 1200w\" sizes=\"(max-width: 768px) 100vw, 768px\" \/><\/figure>\n","protected":false},"excerpt":{"rendered":"<p>Trainingslager 2024 &#8211; 2. Tagebucheintrag Montag, 19. Februar 2024 Am Fr\u00fchst\u00fcckstisch wurde rege diskutiert, wer die ganze Belegschaft mit seinem Hustenanfall auf Trab gehalten hat. Der, die Unruhestifter*in konnte bis dato noch nicht identifiziert werden. Bereits vor dem Lager ist die \u00abSeuche\u00bb im Team ausgebrochen. An dieser Stelle w\u00fcnschen wir allen Betroffenen eine gute Besserung.&hellip;&nbsp;<a href=\"https:\/\/fcbuetschwil.ch\/neu\/trainingslager-fft1-2024-tag-2\/\" class=\"\" rel=\"bookmark\">Weiterlesen &raquo;<span class=\"screen-reader-text\">Trainingslager FFT1 2024 &#8211; Tag 2<\/span><\/a><\/p>\n","protected":false},"author":1,"featured_media":6585,"comment_status":"open","ping_status":"open","sticky":false,"template":"","format":"standard","meta":{"inline_featured_image":false,"_mi_skip_tracking":false,"kia_subtitle":"","neve_meta_sidebar":"","neve_meta_container":"","neve_meta_enable_content_width":"","neve_meta_content_width":0,"neve_meta_title_alignment":"","neve_meta_author_avatar":"","neve_post_elements_order":"","neve_meta_disable_header":"","neve_meta_disable_footer":"","neve_meta_disable_title":""},"categories":[34],"tags":[],"_links":{"self":[{"href":"https:\/\/fcbuetschwil.ch\/neu\/wp-json\/wp\/v2\/posts\/6582"}],"collection":[{"href":"https:\/\/fcbuetschwil.ch\/neu\/wp-json\/wp\/v2\/posts"}],"about":[{"href":"https:\/\/fcbuetschwil.ch\/neu\/wp-json\/wp\/v2\/types\/post"}],"author":[{"embeddable":true,"href":"https:\/\/fcbuetschwil.ch\/neu\/wp-json\/wp\/v2\/users\/1"}],"replies":[{"embeddable":true,"href":"https:\/\/fcbuetschwil.ch\/neu\/wp-json\/wp\/v2\/comments?post=6582"}],"version-history":[{"count":4,"href":"https:\/\/fcbuetschwil.ch\/neu\/wp-json\/wp\/v2\/posts\/6582\/revisions"}],"predecessor-version":[{"id":6593,"href":"https:\/\/fcbuetschwil.ch\/neu\/wp-json\/wp\/v2\/posts\/6582\/revisions\/6593"}],"wp:featuredmedia":[{"embeddable":true,"href":"https:\/\/fcbuetschwil.ch\/neu\/wp-json\/wp\/v2\/media\/6585"}],"wp:attachment":[{"href":"https:\/\/fcbuetschwil.ch\/neu\/wp-json\/wp\/v2\/media?parent=6582"}],"wp:term":[{"taxonomy":"category","embeddable":true,"href":"https:\/\/fcbuetschwil.ch\/neu\/wp-json\/wp\/v2\/categories?post=6582"},{"taxonomy":"post_tag","embeddable":true,"href":"https:\/\/fcbuetschwil.ch\/neu\/wp-json\/wp\/v2\/tags?post=6582"}],"curies":[{"name":"wp","href":"https:\/\/api.w.org\/{rel}","templated":true}]}}