{"id":6571,"date":"2024-02-19T13:42:57","date_gmt":"2024-02-19T11:42:57","guid":{"rendered":"https:\/\/fcbuetschwil.ch\/neu\/?p=6571"},"modified":"2024-02-20T13:48:00","modified_gmt":"2024-02-20T11:48:00","slug":"trainingslager-fft1-2024-tag-1","status":"publish","type":"post","link":"https:\/\/fcbuetschwil.ch\/neu\/trainingslager-fft1-2024-tag-1\/","title":{"rendered":"Trainingslager FFT1 2024 &#8211; Tag 1"},"content":{"rendered":"\n<p>ECKDATEN TRAININGSLAGER<\/p>\n\n\n\n<p>So, 18.02.2024 bis Sa, 24.02.2024<\/p>\n\n\n\n<p>Ort: Santa Susanna, Spanien<\/p>\n\n\n\n<p>TRAINER<\/p>\n\n\n\n<p>Peter Hollenstein, H\u00e4s\u00e4 Schlittler<\/p>\n\n\n\n<p>PHYSIO<\/p>\n\n\n\n<p>Mara Walt<\/p>\n\n\n\n<p>SPIELERINNEN<\/p>\n\n\n\n<p>Amira Baumgartner | Alexandra Br\u00e4ndle | Diana Br\u00e4ndle | Siri Bucherini | Lara Gabathuler | Mara Hagmann | Bernadette Hangartner | Corinna Hasler | Samira Heeb | Martina Horvat | Laura Keller | Valerie Kern | Marina Oberholzer | Flavia Schaufelberger | Maurine Schnyder | Melanie Thalmann | Eliane Werder<\/p>\n\n\n\n<p>CHALLENGE-Gruppen<\/p>\n\n\n\n<p>Team A &#8211; Alpha:<\/p>\n\n\n\n<p>Lara, Melanie, Corinna, H\u00e4s\u00e4<\/p>\n\n\n\n<p>Team B- Bravo:<\/p>\n\n\n\n<p>Eliane, Samira, Siri, Maurine<\/p>\n\n\n\n<p>Team C \u2013 Charlie:<\/p>\n\n\n\n<p>Mara H., Amira, Valerie, Flavia<\/p>\n\n\n\n<p>Team D \u2013 Delta:<\/p>\n\n\n\n<p>Mara, Martina, Alexandra, Peter<\/p>\n\n\n\n<p>Team E \u2013 Echo:<\/p>\n\n\n\n<p>Bernadette, Diana, Marina, Laura<\/p>\n\n\n\n<div class=\"wp-container-3 wp-block-columns\">\n<div class=\"wp-container-1 wp-block-column\"><\/div>\n\n\n\n<div class=\"wp-container-2 wp-block-column\"><\/div>\n<\/div>\n\n\n\n<p>Trainingslager 2024 &#8211; 1. Tagebucheintrag<\/p>\n\n\n\n<p>Sonntag, 18. Februar 2024<\/p>\n\n\n\n<p>P\u00fcnktlich und motiviert trudelte das Team FF Toggenburg 1 im Zug Richtung Z\u00fcrich Flughafen \u00abno dis no\u00bb ein. Die Kofferwahl von L.K. l\u00e4sst einige Fragen aufkommen. Hat sie wirklich nach der Packliste von den Lagerorganisatorinnen gepackt?! D.B. und M.T. waren hingegen froh, dass ihr Heavy-Gep\u00e4ck durch die kleineren und vor allem leichteren Koffer kompensiert werden konnte. Die Mitarbeitende der Sicherheitskontrolle wurden wie jedes Jahr aufmerksam auf einige Teammitglieder. Die Drogen- und Sprengstoffkontrolle haben dann dennoch alle mit Bravour bestanden. Am Gate stand bereits die erste Zimmer-Challenge an. So stelle M.T. die Challenge des Teams A vor. Es galt die M\u00fcnze m\u00f6glichst nahe an die Wand zu werfen, ohne dabei diese zu ber\u00fchren. M.T. betonte die Wichtigkeit der Challenge, denn dem Verliererteam droht die Aufgabe, gleich zwei Lagerberichte zu verfassen. Das Team D ging die Sache etwas zu \u00fcbermotiviert an und warf gleich alle vier Versuche an die Wand. Es wurde behauptet, die kr\u00e4ftigen Oberarmen waren Schuld an der Miesere. Captain D.B. rief anschliessend zum Team-Foto auf. Erst als sich das Team bereits formiert hatte, wurde die Abwesenheit von E.W. bemerkt, welche anschliessend das Foto crashte.<\/p>\n\n\n\n<p>Obwohl der Flug versp\u00e4tet in Angriff genommen wurde, landete das Flugzeug dennoch p\u00fcnktlich in Barcelona. An der Gep\u00e4ckausgabe verk\u00fcndete C.H. die Strafe f\u00fcr die, den Bestizer:in vom letzten Koffer: \u00abAm ganze Team eis zahle oder in Pool is chalte Nass gumpe\u00bb. Sogleich wurde M.H. und V.K. nerv\u00f6s und positionierten sich in lauer Stellung. An dieser Stelle m\u00f6chten wir uns bereits jetzt bei unserem Captain D.B. f\u00fcr die Runde oder die Showeinlage am Pool bedanken.<\/p>\n\n\n\n<p>Das Team FF Toggenburg war etwas entt\u00e4uscht, dass nur das Nachwuchsfrauenteam von GC in der Ankunftshalle empfangen wurde. Die gestresste Gabi, die uns h\u00e4tte abholen sollen, hatte uns offensichtlich verpasst. Das Team war froh, als es nach einer einst\u00fcndigen Fahrt endlich im Hotel ankam und das Buffet st\u00fcrmen konnte.<\/p>\n\n\n\n<p>Nach dem Essen wurden die Zimmer bezogen. Bei H.S. w\u00e4hrte die Freude nur kurz. Beim \u00d6ffnen des Koffers musste er mit Schrecken feststellen, dass dieser einer jungen Dame geh\u00f6ren muss, welche die Farben blau-weiss tr\u00e4gt. Lagermanager Martin brachte das Gep\u00e4ckst\u00fcck der Besitzerin zur\u00fcck. Bis zum Redaktionsschluss bleibt unklar, was dem Koffer von H.S. widerfahren ist.<\/p>\n\n\n\n<p>Am sp\u00e4teren Sonntagnachmittag fuhr das Team mit dem Partybus &#8211; Danke DJ E.W. \u2013 in Richtung Fussballplatz. Das Trainerduo forderte das Team bei der ersten Trainingseinheit.<\/p>\n\n\n\n<p>Den Sonntagabend liess das Team gem\u00fctlich an der Lobbybar ausklingen. Ger\u00fcchten zu Folge h\u00e4lt sich Shakira auch dieses Jahr wieder in Spanien auf.<\/p>\n\n\n\n<p>Redaktion:<\/p>\n\n\n\n<p>Karla Kolumna alias M.H., M.W. &amp; A.B.<\/p>\n\n\n\n<figure class=\"wp-block-image size-large\"><img loading=\"lazy\" width=\"768\" height=\"1024\" src=\"https:\/\/fcbuetschwil.ch\/neu\/wp-content\/uploads\/2024\/02\/WhatsApp-Bild-2024-02-18-um-22.47.38_686161ce-768x1024.jpg\" alt=\"\" class=\"wp-image-6572\" srcset=\"https:\/\/fcbuetschwil.ch\/neu\/wp-content\/uploads\/2024\/02\/WhatsApp-Bild-2024-02-18-um-22.47.38_686161ce-768x1024.jpg 768w, https:\/\/fcbuetschwil.ch\/neu\/wp-content\/uploads\/2024\/02\/WhatsApp-Bild-2024-02-18-um-22.47.38_686161ce-750x1000.jpg 750w, https:\/\/fcbuetschwil.ch\/neu\/wp-content\/uploads\/2024\/02\/WhatsApp-Bild-2024-02-18-um-22.47.38_686161ce-300x400.jpg 300w, https:\/\/fcbuetschwil.ch\/neu\/wp-content\/uploads\/2024\/02\/WhatsApp-Bild-2024-02-18-um-22.47.38_686161ce-1152x1536.jpg 1152w, https:\/\/fcbuetschwil.ch\/neu\/wp-content\/uploads\/2024\/02\/WhatsApp-Bild-2024-02-18-um-22.47.38_686161ce.jpg 1200w\" sizes=\"(max-width: 768px) 100vw, 768px\" \/><\/figure>\n\n\n\n<div class=\"wp-container-6 wp-block-group\"><div class=\"wp-block-group__inner-container\">\n<div class=\"wp-container-5 wp-block-columns\">\n<div class=\"wp-container-4 wp-block-column\" style=\"flex-basis:100%\">\n<figure class=\"wp-block-image size-large\"><img loading=\"lazy\" width=\"771\" height=\"1024\" src=\"https:\/\/fcbuetschwil.ch\/neu\/wp-content\/uploads\/2024\/02\/WhatsApp-Bild-2024-02-18-um-22.45.57_06302a8f-771x1024.jpg\" alt=\"\" class=\"wp-image-6573\" srcset=\"https:\/\/fcbuetschwil.ch\/neu\/wp-content\/uploads\/2024\/02\/WhatsApp-Bild-2024-02-18-um-22.45.57_06302a8f-771x1024.jpg 771w, https:\/\/fcbuetschwil.ch\/neu\/wp-content\/uploads\/2024\/02\/WhatsApp-Bild-2024-02-18-um-22.45.57_06302a8f-753x1000.jpg 753w, https:\/\/fcbuetschwil.ch\/neu\/wp-content\/uploads\/2024\/02\/WhatsApp-Bild-2024-02-18-um-22.45.57_06302a8f-768x1021.jpg 768w, https:\/\/fcbuetschwil.ch\/neu\/wp-content\/uploads\/2024\/02\/WhatsApp-Bild-2024-02-18-um-22.45.57_06302a8f-1156x1536.jpg 1156w, https:\/\/fcbuetschwil.ch\/neu\/wp-content\/uploads\/2024\/02\/WhatsApp-Bild-2024-02-18-um-22.45.57_06302a8f.jpg 1204w\" sizes=\"(max-width: 771px) 100vw, 771px\" \/><\/figure>\n<\/div>\n<\/div>\n<\/div><\/div>\n\n\n\n<figure class=\"wp-block-image size-large\"><img loading=\"lazy\" width=\"771\" height=\"1024\" src=\"https:\/\/fcbuetschwil.ch\/neu\/wp-content\/uploads\/2024\/02\/WhatsApp-Bild-2024-02-18-um-22.46.22_1ae448de-771x1024.jpg\" alt=\"\" class=\"wp-image-6574\" srcset=\"https:\/\/fcbuetschwil.ch\/neu\/wp-content\/uploads\/2024\/02\/WhatsApp-Bild-2024-02-18-um-22.46.22_1ae448de-771x1024.jpg 771w, https:\/\/fcbuetschwil.ch\/neu\/wp-content\/uploads\/2024\/02\/WhatsApp-Bild-2024-02-18-um-22.46.22_1ae448de-753x1000.jpg 753w, https:\/\/fcbuetschwil.ch\/neu\/wp-content\/uploads\/2024\/02\/WhatsApp-Bild-2024-02-18-um-22.46.22_1ae448de-768x1021.jpg 768w, https:\/\/fcbuetschwil.ch\/neu\/wp-content\/uploads\/2024\/02\/WhatsApp-Bild-2024-02-18-um-22.46.22_1ae448de-1156x1536.jpg 1156w, https:\/\/fcbuetschwil.ch\/neu\/wp-content\/uploads\/2024\/02\/WhatsApp-Bild-2024-02-18-um-22.46.22_1ae448de.jpg 1204w\" sizes=\"(max-width: 771px) 100vw, 771px\" \/><\/figure>\n\n\n\n<figure class=\"wp-container-8 wp-block-gallery-7 wp-block-gallery has-nested-images columns-default is-cropped\">\n<figure class=\"wp-block-image size-large\"><img loading=\"lazy\" width=\"1024\" height=\"681\" data-id=\"6575\"  src=\"https:\/\/fcbuetschwil.ch\/neu\/wp-content\/uploads\/2024\/02\/DSC_0090-1024x681.jpg\" alt=\"\" class=\"wp-image-6575\" srcset=\"https:\/\/fcbuetschwil.ch\/neu\/wp-content\/uploads\/2024\/02\/DSC_0090-1024x681.jpg 1024w, https:\/\/fcbuetschwil.ch\/neu\/wp-content\/uploads\/2024\/02\/DSC_0090-1000x665.jpg 1000w, https:\/\/fcbuetschwil.ch\/neu\/wp-content\/uploads\/2024\/02\/DSC_0090-768x511.jpg 768w, https:\/\/fcbuetschwil.ch\/neu\/wp-content\/uploads\/2024\/02\/DSC_0090-391x260.jpg 391w, https:\/\/fcbuetschwil.ch\/neu\/wp-content\/uploads\/2024\/02\/DSC_0090-1536x1021.jpg 1536w, https:\/\/fcbuetschwil.ch\/neu\/wp-content\/uploads\/2024\/02\/DSC_0090-2048x1362.jpg 2048w\" sizes=\"(max-width: 1024px) 100vw, 1024px\" \/><\/figure>\n<\/figure>\n\n\n\n<figure class=\"wp-block-image size-large\"><img loading=\"lazy\" width=\"768\" height=\"1024\" src=\"https:\/\/fcbuetschwil.ch\/neu\/wp-content\/uploads\/2024\/02\/WhatsApp-Bild-2024-02-18-um-22.46.22_4be1f76e-768x1024.jpg\" alt=\"\" class=\"wp-image-6576\" srcset=\"https:\/\/fcbuetschwil.ch\/neu\/wp-content\/uploads\/2024\/02\/WhatsApp-Bild-2024-02-18-um-22.46.22_4be1f76e-768x1024.jpg 768w, https:\/\/fcbuetschwil.ch\/neu\/wp-content\/uploads\/2024\/02\/WhatsApp-Bild-2024-02-18-um-22.46.22_4be1f76e-750x1000.jpg 750w, https:\/\/fcbuetschwil.ch\/neu\/wp-content\/uploads\/2024\/02\/WhatsApp-Bild-2024-02-18-um-22.46.22_4be1f76e-300x400.jpg 300w, https:\/\/fcbuetschwil.ch\/neu\/wp-content\/uploads\/2024\/02\/WhatsApp-Bild-2024-02-18-um-22.46.22_4be1f76e-1152x1536.jpg 1152w, https:\/\/fcbuetschwil.ch\/neu\/wp-content\/uploads\/2024\/02\/WhatsApp-Bild-2024-02-18-um-22.46.22_4be1f76e.jpg 1200w\" sizes=\"(max-width: 768px) 100vw, 768px\" \/><\/figure>\n\n\n\n<figure class=\"wp-container-10 wp-block-gallery-9 wp-block-gallery has-nested-images columns-default is-cropped\">\n<figure class=\"wp-block-image size-large\"><img loading=\"lazy\" width=\"1024\" height=\"576\" data-id=\"6577\"  src=\"https:\/\/fcbuetschwil.ch\/neu\/wp-content\/uploads\/2024\/02\/WhatsApp-Bild-2024-02-18-um-22.47.35_de73e4c9-1024x576.jpg\" alt=\"\" class=\"wp-image-6577\" srcset=\"https:\/\/fcbuetschwil.ch\/neu\/wp-content\/uploads\/2024\/02\/WhatsApp-Bild-2024-02-18-um-22.47.35_de73e4c9-1024x576.jpg 1024w, https:\/\/fcbuetschwil.ch\/neu\/wp-content\/uploads\/2024\/02\/WhatsApp-Bild-2024-02-18-um-22.47.35_de73e4c9-1000x563.jpg 1000w, https:\/\/fcbuetschwil.ch\/neu\/wp-content\/uploads\/2024\/02\/WhatsApp-Bild-2024-02-18-um-22.47.35_de73e4c9-768x432.jpg 768w, https:\/\/fcbuetschwil.ch\/neu\/wp-content\/uploads\/2024\/02\/WhatsApp-Bild-2024-02-18-um-22.47.35_de73e4c9-1536x864.jpg 1536w, https:\/\/fcbuetschwil.ch\/neu\/wp-content\/uploads\/2024\/02\/WhatsApp-Bild-2024-02-18-um-22.47.35_de73e4c9.jpg 2048w\" sizes=\"(max-width: 1024px) 100vw, 1024px\" \/><\/figure>\n<\/figure>\n","protected":false},"excerpt":{"rendered":"<p>ECKDATEN TRAININGSLAGER So, 18.02.2024 bis Sa, 24.02.2024 Ort: Santa Susanna, Spanien TRAINER Peter Hollenstein, H\u00e4s\u00e4 Schlittler PHYSIO Mara Walt SPIELERINNEN Amira Baumgartner | Alexandra Br\u00e4ndle | Diana Br\u00e4ndle | Siri Bucherini | Lara Gabathuler | Mara Hagmann | Bernadette Hangartner | Corinna Hasler | Samira Heeb | Martina Horvat | Laura Keller | Valerie Kern&hellip;&nbsp;<a href=\"https:\/\/fcbuetschwil.ch\/neu\/trainingslager-fft1-2024-tag-1\/\" class=\"\" rel=\"bookmark\">Weiterlesen &raquo;<span class=\"screen-reader-text\">Trainingslager FFT1 2024 &#8211; Tag 1<\/span><\/a><\/p>\n","protected":false},"author":1,"featured_media":6573,"comment_status":"open","ping_status":"open","sticky":false,"template":"","format":"standard","meta":{"inline_featured_image":false,"_mi_skip_tracking":false,"kia_subtitle":"","neve_meta_sidebar":"","neve_meta_container":"","neve_meta_enable_content_width":"","neve_meta_content_width":0,"neve_meta_title_alignment":"","neve_meta_author_avatar":"","neve_post_elements_order":"","neve_meta_disable_header":"","neve_meta_disable_footer":"","neve_meta_disable_title":""},"categories":[34],"tags":[],"_links":{"self":[{"href":"https:\/\/fcbuetschwil.ch\/neu\/wp-json\/wp\/v2\/posts\/6571"}],"collection":[{"href":"https:\/\/fcbuetschwil.ch\/neu\/wp-json\/wp\/v2\/posts"}],"about":[{"href":"https:\/\/fcbuetschwil.ch\/neu\/wp-json\/wp\/v2\/types\/post"}],"author":[{"embeddable":true,"href":"https:\/\/fcbuetschwil.ch\/neu\/wp-json\/wp\/v2\/users\/1"}],"replies":[{"embeddable":true,"href":"https:\/\/fcbuetschwil.ch\/neu\/wp-json\/wp\/v2\/comments?post=6571"}],"version-history":[{"count":5,"href":"https:\/\/fcbuetschwil.ch\/neu\/wp-json\/wp\/v2\/posts\/6571\/revisions"}],"predecessor-version":[{"id":6594,"href":"https:\/\/fcbuetschwil.ch\/neu\/wp-json\/wp\/v2\/posts\/6571\/revisions\/6594"}],"wp:featuredmedia":[{"embeddable":true,"href":"https:\/\/fcbuetschwil.ch\/neu\/wp-json\/wp\/v2\/media\/6573"}],"wp:attachment":[{"href":"https:\/\/fcbuetschwil.ch\/neu\/wp-json\/wp\/v2\/media?parent=6571"}],"wp:term":[{"taxonomy":"category","embeddable":true,"href":"https:\/\/fcbuetschwil.ch\/neu\/wp-json\/wp\/v2\/categories?post=6571"},{"taxonomy":"post_tag","embeddable":true,"href":"https:\/\/fcbuetschwil.ch\/neu\/wp-json\/wp\/v2\/tags?post=6571"}],"curies":[{"name":"wp","href":"https:\/\/api.w.org\/{rel}","templated":true}]}}