{"id":6564,"date":"2024-02-17T19:29:10","date_gmt":"2024-02-17T17:29:10","guid":{"rendered":"https:\/\/fcbuetschwil.ch\/neu\/?p=6564"},"modified":"2024-02-17T19:39:43","modified_gmt":"2024-02-17T17:39:43","slug":"73-hauptversammlung","status":"publish","type":"post","link":"https:\/\/fcbuetschwil.ch\/neu\/73-hauptversammlung\/","title":{"rendered":"73. Hauptversammlung"},"content":{"rendered":"\n<p>Gesch\u00e4tzte Mitglieder des FC B\u00fctschwil<\/p>\n\n\n\n<p>Im Anhang findet ihr die Einladung zur 73. Hauptversammlung des FC B\u00fctschwil vom Freitag, 15. M\u00e4rz 2024, 20.00 Uhr, im Restaurant R\u00f6ssli, Tufertschwil.<\/p>\n\n\n\n<p>Ebenfalls erh\u00e4lt ihr das Protokoll der letzten Hauptversammlung.<\/p>\n\n\n\n<p>Ein Traktandum der diesj\u00e4hrigen HV ist die Annahme der \u00fcberarbeiteten Statuten des FC B\u00fctschwil. Damit auf eine Vorlesung der gesamten Statuten an der HV verzichtet und eine gr\u00f6ssere Diskussion vermieden werden kann, sende ich euch diese ebenfalls im Anhang. Allf\u00e4llige Anregungen\/Verbesserungsvorschl\u00e4ge sind mir bis sp\u00e4testens Mittwoch, 6. M\u00e4rz 2024, schriftlich mitzuteilen.<\/p>\n\n\n\n<p>Die Teilnahme an der Hauptversammlung ist f\u00fcr ALLE Mitglieder ab 16 Jahren obligatorisch. Deshalb bitte ich euch, mir allf\u00e4llige Abwesenheiten bis sp\u00e4testens Mittwoch, 6. M\u00e4rz 2024, zu melden.<\/p>\n\n\n\n<p>Sportliche Gr\u00fcsse<\/p>\n\n\n\n<p>Corinna Hasler<br>Aktuarin FC B\u00fctschwil<\/p>\n\n\n\n<div class=\"wp-block-file\"><object class=\"wp-block-file__embed\" data=\"https:\/\/fcbuetschwil.ch\/neu\/wp-content\/uploads\/2024\/02\/HV-Einladung-2024-73.-HV.pdf\" type=\"application\/pdf\" style=\"width:100%;height:600px\" aria-label=\"Einbettung von HV-Einladung-2024-73.-HV.\"><\/object><a id=\"wp-block-file--media-abd28bdd-7331-4ee3-85e1-7693f3ecd498\" href=\"https:\/\/fcbuetschwil.ch\/neu\/wp-content\/uploads\/2024\/02\/HV-Einladung-2024-73.-HV.pdf\">HV-Einladung-2024-73.-HV<\/a><a href=\"https:\/\/fcbuetschwil.ch\/neu\/wp-content\/uploads\/2024\/02\/HV-Einladung-2024-73.-HV.pdf\" class=\"wp-block-file__button\" download aria-describedby=\"wp-block-file--media-abd28bdd-7331-4ee3-85e1-7693f3ecd498\"><\/a><\/div>\n","protected":false},"excerpt":{"rendered":"<p>Gesch\u00e4tzte Mitglieder des FC B\u00fctschwil Im Anhang findet ihr die Einladung zur 73. Hauptversammlung des FC B\u00fctschwil vom Freitag, 15. M\u00e4rz 2024, 20.00 Uhr, im Restaurant R\u00f6ssli, Tufertschwil. Ebenfalls erh\u00e4lt ihr das Protokoll der letzten Hauptversammlung. Ein Traktandum der diesj\u00e4hrigen HV ist die Annahme der \u00fcberarbeiteten Statuten des FC B\u00fctschwil. Damit auf eine Vorlesung der&hellip;&nbsp;<a href=\"https:\/\/fcbuetschwil.ch\/neu\/73-hauptversammlung\/\" class=\"\" rel=\"bookmark\">Weiterlesen &raquo;<span class=\"screen-reader-text\">73. Hauptversammlung<\/span><\/a><\/p>\n","protected":false},"author":1,"featured_media":3785,"comment_status":"open","ping_status":"open","sticky":false,"template":"","format":"standard","meta":{"inline_featured_image":false,"_mi_skip_tracking":false,"kia_subtitle":"73. Hauptversammlung des FC B\u00fctschwil","neve_meta_sidebar":"","neve_meta_container":"","neve_meta_enable_content_width":"","neve_meta_content_width":0,"neve_meta_title_alignment":"","neve_meta_author_avatar":"","neve_post_elements_order":"","neve_meta_disable_header":"","neve_meta_disable_footer":"","neve_meta_disable_title":""},"categories":[34],"tags":[],"_links":{"self":[{"href":"https:\/\/fcbuetschwil.ch\/neu\/wp-json\/wp\/v2\/posts\/6564"}],"collection":[{"href":"https:\/\/fcbuetschwil.ch\/neu\/wp-json\/wp\/v2\/posts"}],"about":[{"href":"https:\/\/fcbuetschwil.ch\/neu\/wp-json\/wp\/v2\/types\/post"}],"author":[{"embeddable":true,"href":"https:\/\/fcbuetschwil.ch\/neu\/wp-json\/wp\/v2\/users\/1"}],"replies":[{"embeddable":true,"href":"https:\/\/fcbuetschwil.ch\/neu\/wp-json\/wp\/v2\/comments?post=6564"}],"version-history":[{"count":3,"href":"https:\/\/fcbuetschwil.ch\/neu\/wp-json\/wp\/v2\/posts\/6564\/revisions"}],"predecessor-version":[{"id":6569,"href":"https:\/\/fcbuetschwil.ch\/neu\/wp-json\/wp\/v2\/posts\/6564\/revisions\/6569"}],"wp:featuredmedia":[{"embeddable":true,"href":"https:\/\/fcbuetschwil.ch\/neu\/wp-json\/wp\/v2\/media\/3785"}],"wp:attachment":[{"href":"https:\/\/fcbuetschwil.ch\/neu\/wp-json\/wp\/v2\/media?parent=6564"}],"wp:term":[{"taxonomy":"category","embeddable":true,"href":"https:\/\/fcbuetschwil.ch\/neu\/wp-json\/wp\/v2\/categories?post=6564"},{"taxonomy":"post_tag","embeddable":true,"href":"https:\/\/fcbuetschwil.ch\/neu\/wp-json\/wp\/v2\/tags?post=6564"}],"curies":[{"name":"wp","href":"https:\/\/api.w.org\/{rel}","templated":true}]}}