{"id":6439,"date":"2023-10-23T09:22:24","date_gmt":"2023-10-23T07:22:24","guid":{"rendered":"https:\/\/fcbuetschwil.ch\/neu\/?p=6439"},"modified":"2023-10-23T09:22:26","modified_gmt":"2023-10-23T07:22:26","slug":"matchbericht-herren-1-vs-fc-romanshorn-1","status":"publish","type":"post","link":"https:\/\/fcbuetschwil.ch\/neu\/matchbericht-herren-1-vs-fc-romanshorn-1\/","title":{"rendered":"Matchbericht Herren 1 vs. FC Romanshorn 1."},"content":{"rendered":"\n<p><\/p>\n\n\n\n<p>1:4-Niederlage: Der FC B\u00fctschwil muss sich in der zehnten Runde am Freitagabend zu Hause gegen Romanshorn geschlagen geben<\/p>\n\n\n\n<p><\/p>\n\n\n\n<p><strong>Link zum Spielbericht:<\/strong><\/p>\n\n\n\n<p><a href=\"https:\/\/www.tagblatt.ch\/ostschweiz\/toggenburg\/regionalfussball-14-niederlage-der-fc-buetschwil-muss-sich-in-der-zehnten-runde-am-freitagabend-zu-hause-gegen-romanshorn-geschlagen-geben-ld.2530842\">https:\/\/www.tagblatt.ch\/ostschweiz\/toggenburg\/regionalfussball-14-niederlage-der-fc-buetschwil-muss-sich-in-der-zehnten-runde-am-freitagabend-zu-hause-gegen-romanshorn-geschlagen-geben-ld.2530842<\/a><\/p>\n\n\n\n<p><strong>Matchtelegramm<\/strong><\/p>\n\n\n\n<p>FC B\u00fctschwil &#8211; FC Romanshorn 1:4 (0:1)<\/p>\n\n\n\n<p>Breite, B\u00fctschwil<\/p>\n\n\n\n<p>Tore B\u00fctschwil: 82. 1:3 G\u00fcbeli<\/p>\n\n\n\n<p>B\u00fctschwil: Noah Oswald, Gian Pfister, Pascal Hollenstein, Sandro Brunner, Silvan Forrer, Raphael Fust, Elias Keller, Severin G\u00fcbeli, Dejan Stevic, David Birchler, Matthias R\u00fcegg.<\/p>\n","protected":false},"excerpt":{"rendered":"<p>1:4-Niederlage: Der FC B\u00fctschwil muss sich in der zehnten Runde am Freitagabend zu Hause gegen Romanshorn geschlagen geben Link zum Spielbericht: https:\/\/www.tagblatt.ch\/ostschweiz\/toggenburg\/regionalfussball-14-niederlage-der-fc-buetschwil-muss-sich-in-der-zehnten-runde-am-freitagabend-zu-hause-gegen-romanshorn-geschlagen-geben-ld.2530842 Matchtelegramm FC B\u00fctschwil &#8211; FC Romanshorn 1:4 (0:1) Breite, B\u00fctschwil Tore B\u00fctschwil: 82. 1:3 G\u00fcbeli B\u00fctschwil: Noah Oswald, Gian Pfister, Pascal Hollenstein, Sandro Brunner, Silvan Forrer, Raphael Fust, Elias Keller, Severin G\u00fcbeli, Dejan&hellip;&nbsp;<a href=\"https:\/\/fcbuetschwil.ch\/neu\/matchbericht-herren-1-vs-fc-romanshorn-1\/\" class=\"\" rel=\"bookmark\">Weiterlesen &raquo;<span class=\"screen-reader-text\">Matchbericht Herren 1 vs. FC Romanshorn 1.<\/span><\/a><\/p>\n","protected":false},"author":7,"featured_media":6440,"comment_status":"open","ping_status":"open","sticky":false,"template":"","format":"standard","meta":{"inline_featured_image":false,"_mi_skip_tracking":false,"kia_subtitle":"Gegen Romanshorn muss die erste Mannschaft erneut eine Heimniederlage hinnehmen.","neve_meta_sidebar":"","neve_meta_container":"","neve_meta_enable_content_width":"","neve_meta_content_width":0,"neve_meta_title_alignment":"","neve_meta_author_avatar":"","neve_post_elements_order":"","neve_meta_disable_header":"","neve_meta_disable_footer":"","neve_meta_disable_title":""},"categories":[2],"tags":[],"_links":{"self":[{"href":"https:\/\/fcbuetschwil.ch\/neu\/wp-json\/wp\/v2\/posts\/6439"}],"collection":[{"href":"https:\/\/fcbuetschwil.ch\/neu\/wp-json\/wp\/v2\/posts"}],"about":[{"href":"https:\/\/fcbuetschwil.ch\/neu\/wp-json\/wp\/v2\/types\/post"}],"author":[{"embeddable":true,"href":"https:\/\/fcbuetschwil.ch\/neu\/wp-json\/wp\/v2\/users\/7"}],"replies":[{"embeddable":true,"href":"https:\/\/fcbuetschwil.ch\/neu\/wp-json\/wp\/v2\/comments?post=6439"}],"version-history":[{"count":1,"href":"https:\/\/fcbuetschwil.ch\/neu\/wp-json\/wp\/v2\/posts\/6439\/revisions"}],"predecessor-version":[{"id":6441,"href":"https:\/\/fcbuetschwil.ch\/neu\/wp-json\/wp\/v2\/posts\/6439\/revisions\/6441"}],"wp:featuredmedia":[{"embeddable":true,"href":"https:\/\/fcbuetschwil.ch\/neu\/wp-json\/wp\/v2\/media\/6440"}],"wp:attachment":[{"href":"https:\/\/fcbuetschwil.ch\/neu\/wp-json\/wp\/v2\/media?parent=6439"}],"wp:term":[{"taxonomy":"category","embeddable":true,"href":"https:\/\/fcbuetschwil.ch\/neu\/wp-json\/wp\/v2\/categories?post=6439"},{"taxonomy":"post_tag","embeddable":true,"href":"https:\/\/fcbuetschwil.ch\/neu\/wp-json\/wp\/v2\/tags?post=6439"}],"curies":[{"name":"wp","href":"https:\/\/api.w.org\/{rel}","templated":true}]}}