{"id":6435,"date":"2023-10-17T23:25:09","date_gmt":"2023-10-17T21:25:09","guid":{"rendered":"https:\/\/fcbuetschwil.ch\/neu\/?p=6435"},"modified":"2023-10-17T23:25:11","modified_gmt":"2023-10-17T21:25:11","slug":"matchbericht-herren-1-vs-fc-tobel-affeltrangen-1","status":"publish","type":"post","link":"https:\/\/fcbuetschwil.ch\/neu\/matchbericht-herren-1-vs-fc-tobel-affeltrangen-1\/","title":{"rendered":"Matchbericht Herren 1 vs. FC Tobel-Affeltrangen 1."},"content":{"rendered":"\n<p><\/p>\n\n\n\n<p>Endlich gewinnt das Herren 1 wieder einmal zu Hause &#8211; und wie. Gleich mit 5:0 re\u00fcssierte die erste Mannschaft gegen FC Tobel-Affeltrangen.<\/p>\n\n\n\n<p><\/p>\n\n\n\n<p><strong>Link zum Spielbericht:<\/strong><\/p>\n\n\n\n<p><a href=\"https:\/\/www.tagblatt.ch\/ostschweiz\/toggenburg\/regionalfussball-buetschwil-bleibt-nach-dem-kantersieg-gegen-tobel-affeltrangen-das-team-der-stunde-auch-wattwil-bunt-setzt-ein-positives-zeichen-ld.2528318#subtitle-beim-fc-b-tschwil-l-uft-alles-rund-first\">https:\/\/www.tagblatt.ch\/ostschweiz\/toggenburg\/regionalfussball-buetschwil-bleibt-nach-dem-kantersieg-gegen-tobel-affeltrangen-das-team-der-stunde-auch-wattwil-bunt-setzt-ein-positives-zeichen-ld.2528318#subtitle-beim-fc-b-tschwil-l-uft-alles-rund-first<\/a><\/p>\n\n\n\n<p><strong>Matchtelegramm<\/strong><\/p>\n\n\n\n<p>FC B\u00fctschwil &#8211; FC Tobel-Affeltrangen 5:0 (3:0)<\/p>\n\n\n\n<p>Breite, B\u00fctschwil<\/p>\n\n\n\n<p>Tore B\u00fctschwil: 6. 1:0 G\u00fcbeli, 24. 2:0 R\u00fcegg, 31. 3:0 R\u00fcegg, 70. 4:0 Brunner, 90. 5:0 Brunner<\/p>\n\n\n\n<p>B\u00fctschwil: Noah Oswald, Gian Pfister, Pascal Hollenstein, Sandro Brunner, Silvan Forrer, Raphael Fust, Daniel F\u00e4h, Severin G\u00fcbeli, Dejan Stevic, David Birchler, Matthias R\u00fcegg.<\/p>\n","protected":false},"excerpt":{"rendered":"<p>Endlich gewinnt das Herren 1 wieder einmal zu Hause &#8211; und wie. Gleich mit 5:0 re\u00fcssierte die erste Mannschaft gegen FC Tobel-Affeltrangen. Link zum Spielbericht: https:\/\/www.tagblatt.ch\/ostschweiz\/toggenburg\/regionalfussball-buetschwil-bleibt-nach-dem-kantersieg-gegen-tobel-affeltrangen-das-team-der-stunde-auch-wattwil-bunt-setzt-ein-positives-zeichen-ld.2528318#subtitle-beim-fc-b-tschwil-l-uft-alles-rund-first Matchtelegramm FC B\u00fctschwil &#8211; FC Tobel-Affeltrangen 5:0 (3:0) Breite, B\u00fctschwil Tore B\u00fctschwil: 6. 1:0 G\u00fcbeli, 24. 2:0 R\u00fcegg, 31. 3:0 R\u00fcegg, 70. 4:0 Brunner, 90. 5:0 Brunner B\u00fctschwil: Noah&hellip;&nbsp;<a href=\"https:\/\/fcbuetschwil.ch\/neu\/matchbericht-herren-1-vs-fc-tobel-affeltrangen-1\/\" class=\"\" rel=\"bookmark\">Weiterlesen &raquo;<span class=\"screen-reader-text\">Matchbericht Herren 1 vs. FC Tobel-Affeltrangen 1.<\/span><\/a><\/p>\n","protected":false},"author":7,"featured_media":6436,"comment_status":"open","ping_status":"open","sticky":false,"template":"","format":"standard","meta":{"inline_featured_image":false,"_mi_skip_tracking":false,"kia_subtitle":"Dank zwei Doppeltorsch\u00fctzen gewinnt das Herren 1 gleich mit 5:0.","neve_meta_sidebar":"","neve_meta_container":"","neve_meta_enable_content_width":"","neve_meta_content_width":0,"neve_meta_title_alignment":"","neve_meta_author_avatar":"","neve_post_elements_order":"","neve_meta_disable_header":"","neve_meta_disable_footer":"","neve_meta_disable_title":""},"categories":[2],"tags":[],"_links":{"self":[{"href":"https:\/\/fcbuetschwil.ch\/neu\/wp-json\/wp\/v2\/posts\/6435"}],"collection":[{"href":"https:\/\/fcbuetschwil.ch\/neu\/wp-json\/wp\/v2\/posts"}],"about":[{"href":"https:\/\/fcbuetschwil.ch\/neu\/wp-json\/wp\/v2\/types\/post"}],"author":[{"embeddable":true,"href":"https:\/\/fcbuetschwil.ch\/neu\/wp-json\/wp\/v2\/users\/7"}],"replies":[{"embeddable":true,"href":"https:\/\/fcbuetschwil.ch\/neu\/wp-json\/wp\/v2\/comments?post=6435"}],"version-history":[{"count":1,"href":"https:\/\/fcbuetschwil.ch\/neu\/wp-json\/wp\/v2\/posts\/6435\/revisions"}],"predecessor-version":[{"id":6437,"href":"https:\/\/fcbuetschwil.ch\/neu\/wp-json\/wp\/v2\/posts\/6435\/revisions\/6437"}],"wp:featuredmedia":[{"embeddable":true,"href":"https:\/\/fcbuetschwil.ch\/neu\/wp-json\/wp\/v2\/media\/6436"}],"wp:attachment":[{"href":"https:\/\/fcbuetschwil.ch\/neu\/wp-json\/wp\/v2\/media?parent=6435"}],"wp:term":[{"taxonomy":"category","embeddable":true,"href":"https:\/\/fcbuetschwil.ch\/neu\/wp-json\/wp\/v2\/categories?post=6435"},{"taxonomy":"post_tag","embeddable":true,"href":"https:\/\/fcbuetschwil.ch\/neu\/wp-json\/wp\/v2\/tags?post=6435"}],"curies":[{"name":"wp","href":"https:\/\/api.w.org\/{rel}","templated":true}]}}