{"id":6347,"date":"2023-10-10T22:47:54","date_gmt":"2023-10-10T20:47:54","guid":{"rendered":"https:\/\/fcbuetschwil.ch\/neu\/?p=6347"},"modified":"2023-10-10T22:49:43","modified_gmt":"2023-10-10T20:49:43","slug":"matchbericht-herren-1-vs-fc-amriswil-1","status":"publish","type":"post","link":"https:\/\/fcbuetschwil.ch\/neu\/matchbericht-herren-1-vs-fc-amriswil-1\/","title":{"rendered":"Matchbericht Herren 1 vs. FC Amriswil 1."},"content":{"rendered":"\n<p><\/p>\n\n\n\n<p>Die erste Mannschaft gibt gegen den Absteiger Punkte ab und muss sich mit einem 1:1 begn\u00fcgen.<\/p>\n\n\n\n<p><\/p>\n\n\n\n<p><strong>Link zum Spielbericht:<\/strong><\/p>\n\n\n\n<p><a href=\"https:\/\/www.tagblatt.ch\/ostschweiz\/toggenburg\/regionalfussball-ff-toggenburg-und-ebnat-kappel-gewinnen-ihren-spitzenkampf-und-verbleiben-in-ihren-ligen-im-aufstiegsrennen-ld.2525689#subtitle-b-tschwil-mit-einem-punkt-beim-absteiger-first\">https:\/\/www.tagblatt.ch\/ostschweiz\/toggenburg\/regionalfussball-ff-toggenburg-und-ebnat-kappel-gewinnen-ihren-spitzenkampf-und-verbleiben-in-ihren-ligen-im-aufstiegsrennen-ld.2525689#subtitle-b-tschwil-mit-einem-punkt-beim-absteiger-first<\/a><\/p>\n\n\n\n<p><strong>Matchtelegramm<\/strong><\/p>\n\n\n\n<p>FC Armiswil &#8211; FC B\u00fctschwil 1:1 (1:1)<\/p>\n\n\n\n<p>Amriswil<\/p>\n\n\n\n<p>Tore B\u00fctschwil: 0:1 R\u00fcegg<\/p>\n\n\n\n<p>B\u00fctschwil: Noah Oswald, Gian Pfister, Pascal Hollenstein, Sandro Brunner, Marko Mikinac, Cyril Segm\u00fcller, Daniel F\u00e4h, David Birchler, Dejan Stevic, Ziko Gajic, Matthias R\u00fcegg.<\/p>\n","protected":false},"excerpt":{"rendered":"<p>Die erste Mannschaft gibt gegen den Absteiger Punkte ab und muss sich mit einem 1:1 begn\u00fcgen. Link zum Spielbericht: https:\/\/www.tagblatt.ch\/ostschweiz\/toggenburg\/regionalfussball-ff-toggenburg-und-ebnat-kappel-gewinnen-ihren-spitzenkampf-und-verbleiben-in-ihren-ligen-im-aufstiegsrennen-ld.2525689#subtitle-b-tschwil-mit-einem-punkt-beim-absteiger-first Matchtelegramm FC Armiswil &#8211; FC B\u00fctschwil 1:1 (1:1) Amriswil Tore B\u00fctschwil: 0:1 R\u00fcegg B\u00fctschwil: Noah Oswald, Gian Pfister, Pascal Hollenstein, Sandro Brunner, Marko Mikinac, Cyril Segm\u00fcller, Daniel F\u00e4h, David Birchler, Dejan Stevic, Ziko Gajic, Matthias&hellip;&nbsp;<a href=\"https:\/\/fcbuetschwil.ch\/neu\/matchbericht-herren-1-vs-fc-amriswil-1\/\" class=\"\" rel=\"bookmark\">Weiterlesen &raquo;<span class=\"screen-reader-text\">Matchbericht Herren 1 vs. FC Amriswil 1.<\/span><\/a><\/p>\n","protected":false},"author":7,"featured_media":6348,"comment_status":"open","ping_status":"open","sticky":false,"template":"","format":"standard","meta":{"inline_featured_image":false,"_mi_skip_tracking":false,"kia_subtitle":"Das Herren 1 holt ausw\u00e4rts in Amriswil einen Punkt.","neve_meta_sidebar":"","neve_meta_container":"","neve_meta_enable_content_width":"","neve_meta_content_width":0,"neve_meta_title_alignment":"","neve_meta_author_avatar":"","neve_post_elements_order":"","neve_meta_disable_header":"","neve_meta_disable_footer":"","neve_meta_disable_title":""},"categories":[2],"tags":[],"_links":{"self":[{"href":"https:\/\/fcbuetschwil.ch\/neu\/wp-json\/wp\/v2\/posts\/6347"}],"collection":[{"href":"https:\/\/fcbuetschwil.ch\/neu\/wp-json\/wp\/v2\/posts"}],"about":[{"href":"https:\/\/fcbuetschwil.ch\/neu\/wp-json\/wp\/v2\/types\/post"}],"author":[{"embeddable":true,"href":"https:\/\/fcbuetschwil.ch\/neu\/wp-json\/wp\/v2\/users\/7"}],"replies":[{"embeddable":true,"href":"https:\/\/fcbuetschwil.ch\/neu\/wp-json\/wp\/v2\/comments?post=6347"}],"version-history":[{"count":2,"href":"https:\/\/fcbuetschwil.ch\/neu\/wp-json\/wp\/v2\/posts\/6347\/revisions"}],"predecessor-version":[{"id":6350,"href":"https:\/\/fcbuetschwil.ch\/neu\/wp-json\/wp\/v2\/posts\/6347\/revisions\/6350"}],"wp:featuredmedia":[{"embeddable":true,"href":"https:\/\/fcbuetschwil.ch\/neu\/wp-json\/wp\/v2\/media\/6348"}],"wp:attachment":[{"href":"https:\/\/fcbuetschwil.ch\/neu\/wp-json\/wp\/v2\/media?parent=6347"}],"wp:term":[{"taxonomy":"category","embeddable":true,"href":"https:\/\/fcbuetschwil.ch\/neu\/wp-json\/wp\/v2\/categories?post=6347"},{"taxonomy":"post_tag","embeddable":true,"href":"https:\/\/fcbuetschwil.ch\/neu\/wp-json\/wp\/v2\/tags?post=6347"}],"curies":[{"name":"wp","href":"https:\/\/api.w.org\/{rel}","templated":true}]}}