{"id":6280,"date":"2023-09-15T12:15:39","date_gmt":"2023-09-15T10:15:39","guid":{"rendered":"https:\/\/fcbuetschwil.ch\/neu\/?p=6280"},"modified":"2023-09-15T12:15:42","modified_gmt":"2023-09-15T10:15:42","slug":"matchbericht-herren-1-vs-fc-bischofszell-1","status":"publish","type":"post","link":"https:\/\/fcbuetschwil.ch\/neu\/matchbericht-herren-1-vs-fc-bischofszell-1\/","title":{"rendered":"Matchbericht Herren 1 vs. FC Bischofszell 1"},"content":{"rendered":"\n<p>Am Mittwochabend hatte sich der Himmel mottogetreu zur Englischen Woche mit dunklen Regenwolken gekleidet. Der FC B\u00fctschwil liess sich weder vom Wetter noch vom gastierenden Spitzenreiter der Liga beeindrucken und legte einen guten Start hin. Obwohl man bereits am Samstag eine intensive Partie zu bestreiten hatte, agierten die Toggenburger mit viel Energie und waren in der 1. Halbzeit die klar dominierende Mannschaft. Das F\u00fchrungstor in der 29. Minute war die logische Folge. Nach einem Angriff \u00fcber rechts spielte Fust den finalen Pass in den Strafraum wo Gajic zum verdienten 1:0 einnetzte. In dieser Phase konnte sich das Heimteam wenig vorwerfen, ausser dass man das vielzitierte Momentum nicht nutzte, die F\u00fchrung weiter auszubauen. Bestraft wurde dies in der 40. Minute vom Topscorer der G\u00e4ste, der praktisch mit seiner ersten Gelegenheit abgebr\u00fcht zum Ausgleich vollendete.<\/p>\n\n\n\n<p>Noch ungl\u00fccklicher aus Sicht des Heimteams kam es in der 54. Minute. Nach einer tollen Einzelaktion der gegnerischen Nummer 10 fasste sich dieser aus \u00fcber 20 Metern ein Herz und traf wuchtig via Innenpfosten zum 1:2. B\u00fctschwil hatte darauf lange keine Antwort, obwohl die G\u00e4ste weiterhin das Zepter dem Heimteam \u00fcberliess. In der 77. Minute blieb dann so manchem Zuschauer auf der Breite der Jubel im Hals stecken. Nach einem Eckball kamen sowohl Brunner als auch G\u00fcbeli direkt nacheinander zu besten Kopfballchancen. Und praktisch mit dem Schlusspfiff war es erneut G\u00fcbeli, welcher sich im Strafraum freirangeln konnte, aber seinen Abschluss neben das Tor setzte.<\/p>\n\n\n\n<p>Link zum Matchtelegramm: <a href=\"https:\/\/matchcenter.ofv.swiss\/default.aspx?oid=9&amp;lng=1&amp;v=1699&amp;tg=3856895\" data-type=\"URL\" data-id=\"https:\/\/matchcenter.ofv.swiss\/default.aspx?oid=9&amp;lng=1&amp;v=1699&amp;tg=3856895\" target=\"_blank\" rel=\"noreferrer noopener\">Ostschweizer Fussballverband &#8211; Match center (ofv.swiss)<\/a><\/p>\n\n\n\n<p>Nun wird der Meisterschaftsbetrieb kurz auf die Seite gestellt; am Wochenende findet der Cup 1\/8-Final gegen den FC Eschenbach statt. Anpfiff f\u00fcr das Heimspiel auf der Breite ist am Samstag um 18:30 Uhr.<\/p>\n","protected":false},"excerpt":{"rendered":"<p>Am Mittwochabend hatte sich der Himmel mottogetreu zur Englischen Woche mit dunklen Regenwolken gekleidet. Der FC B\u00fctschwil liess sich weder vom Wetter noch vom gastierenden Spitzenreiter der Liga beeindrucken und legte einen guten Start hin. Obwohl man bereits am Samstag eine intensive Partie zu bestreiten hatte, agierten die Toggenburger mit viel Energie und waren in&hellip;&nbsp;<a href=\"https:\/\/fcbuetschwil.ch\/neu\/matchbericht-herren-1-vs-fc-bischofszell-1\/\" class=\"\" rel=\"bookmark\">Weiterlesen &raquo;<span class=\"screen-reader-text\">Matchbericht Herren 1 vs. FC Bischofszell 1<\/span><\/a><\/p>\n","protected":false},"author":2,"featured_media":6255,"comment_status":"open","ping_status":"open","sticky":false,"template":"","format":"standard","meta":{"inline_featured_image":false,"_mi_skip_tracking":false,"kia_subtitle":"Der FC B\u00fctschwil bringt den Tabellenf\u00fchrer aus Bischofszell ordentlich ins Straucheln, muss sich aber trotzdem mit einer 1:2-Niederlage abfinden.","neve_meta_sidebar":"","neve_meta_container":"","neve_meta_enable_content_width":"","neve_meta_content_width":0,"neve_meta_title_alignment":"","neve_meta_author_avatar":"","neve_post_elements_order":"","neve_meta_disable_header":"","neve_meta_disable_footer":"","neve_meta_disable_title":""},"categories":[2],"tags":[],"_links":{"self":[{"href":"https:\/\/fcbuetschwil.ch\/neu\/wp-json\/wp\/v2\/posts\/6280"}],"collection":[{"href":"https:\/\/fcbuetschwil.ch\/neu\/wp-json\/wp\/v2\/posts"}],"about":[{"href":"https:\/\/fcbuetschwil.ch\/neu\/wp-json\/wp\/v2\/types\/post"}],"author":[{"embeddable":true,"href":"https:\/\/fcbuetschwil.ch\/neu\/wp-json\/wp\/v2\/users\/2"}],"replies":[{"embeddable":true,"href":"https:\/\/fcbuetschwil.ch\/neu\/wp-json\/wp\/v2\/comments?post=6280"}],"version-history":[{"count":1,"href":"https:\/\/fcbuetschwil.ch\/neu\/wp-json\/wp\/v2\/posts\/6280\/revisions"}],"predecessor-version":[{"id":6281,"href":"https:\/\/fcbuetschwil.ch\/neu\/wp-json\/wp\/v2\/posts\/6280\/revisions\/6281"}],"wp:featuredmedia":[{"embeddable":true,"href":"https:\/\/fcbuetschwil.ch\/neu\/wp-json\/wp\/v2\/media\/6255"}],"wp:attachment":[{"href":"https:\/\/fcbuetschwil.ch\/neu\/wp-json\/wp\/v2\/media?parent=6280"}],"wp:term":[{"taxonomy":"category","embeddable":true,"href":"https:\/\/fcbuetschwil.ch\/neu\/wp-json\/wp\/v2\/categories?post=6280"},{"taxonomy":"post_tag","embeddable":true,"href":"https:\/\/fcbuetschwil.ch\/neu\/wp-json\/wp\/v2\/tags?post=6280"}],"curies":[{"name":"wp","href":"https:\/\/api.w.org\/{rel}","templated":true}]}}