{"id":5909,"date":"2023-08-14T17:47:06","date_gmt":"2023-08-14T15:47:06","guid":{"rendered":"https:\/\/fcbuetschwil.ch\/neu\/?p=5909"},"modified":"2023-08-21T07:51:05","modified_gmt":"2023-08-21T05:51:05","slug":"matchbericht-damen-1-vs-fc-au-berneck-05-cup","status":"publish","type":"post","link":"https:\/\/fcbuetschwil.ch\/neu\/matchbericht-damen-1-vs-fc-au-berneck-05-cup\/","title":{"rendered":"Matchbericht Damen 1 vs. FC Au-Berneck 05 (Cup)"},"content":{"rendered":"\n<p>Im ersten Ernstkampf der Saison konnte das Damen 1 an die guten Leistungen in den Testspielen ankn\u00fcpfen. Gegen Ligakonkurrent Au-Berneck 05 gewinnen die Toggenburgerinnen gleich mit 6:0.<\/p>\n\n\n\n<p>Das Damen 1 war die gesamte Partie \u00fcber die spielbestimmende Mannschaft. Bereits in den ersten Minuten deuteten die Toggenburgerinnen ihre Absichten f\u00fcr das bevorstehende Cup-Spiel an. Die Ungenauigkeit vor dem gegnerischen Tor verhinderte jedoch einen fr\u00fchen Torjubel des G\u00e4ste-Teams aus dem Toggenburg. Nach 25 Minuten traf Maurine G\u00fcbeli per Penalty zum 1:0. Noch vor der Pause vollendete Fabienne Br\u00e4ndle eine herrliche Kombination zum 2:0. Trotz der Hitze powerte das Damen 1 auch in der zweiten Halbzeit weiter. Corinna Hasler sorgte im zweiten Durchgang mit einem lupenreinen Hattrick innert 11 Minuten f\u00fcr die Vorentscheidung. Die Herausforderinnen aus dem Rheintal konnten in der Offensive kaum Nadelstiche setzen. Zum Abschluss der Partie trug sich auch Marina Oberholzer noch in die Torsch\u00fctzenliste eintragen. Sie profitierte von einer Unsicherheit der gegnerischen Torfrau.<\/p>\n\n\n\n<p>Link zum Matchtelegramm: <a href=\"https:\/\/matchcenter.ofv.swiss\/default.aspx?oid=9&amp;lng=1&amp;v=1699&amp;t=60470&amp;sg=63175&amp;ls=22352&amp;tg=3853317\">Ostschweizer Fussballverband &#8211; Match center (ofv.swiss)<\/a><\/p>\n\n\n\n<p>Am kommenden Wochenende startet die Meisterschaft mit einem Heimspiel gegen den FC B\u00fchler. Die Gegnerinnen spielten vergangene Saison noch in der 1. Liga. Anpfiff ist am Sonntag, 20. August 2023, um 16.30 Uhr auf der heimischen Breite.<\/p>\n\n\n\n<figure class=\"wp-container-2 wp-block-gallery-1 wp-block-gallery has-nested-images columns-default is-cropped\">\n<figure class=\"wp-block-image size-large\"><img loading=\"lazy\" width=\"1024\" height=\"1024\" data-id=\"5911\"  src=\"https:\/\/fcbuetschwil.ch\/neu\/wp-content\/uploads\/2023\/08\/IMG_7612-1-1024x1024.jpg\" alt=\"\" class=\"wp-image-5911\" srcset=\"https:\/\/fcbuetschwil.ch\/neu\/wp-content\/uploads\/2023\/08\/IMG_7612-1-1024x1024.jpg 1024w, https:\/\/fcbuetschwil.ch\/neu\/wp-content\/uploads\/2023\/08\/IMG_7612-1-1000x1000.jpg 1000w, https:\/\/fcbuetschwil.ch\/neu\/wp-content\/uploads\/2023\/08\/IMG_7612-1-768x768.jpg 768w, https:\/\/fcbuetschwil.ch\/neu\/wp-content\/uploads\/2023\/08\/IMG_7612-1-300x300.jpg 300w, https:\/\/fcbuetschwil.ch\/neu\/wp-content\/uploads\/2023\/08\/IMG_7612-1-1536x1536.jpg 1536w, https:\/\/fcbuetschwil.ch\/neu\/wp-content\/uploads\/2023\/08\/IMG_7612-1.jpg 1549w\" sizes=\"(max-width: 1024px) 100vw, 1024px\" \/><\/figure>\n\n\n\n<figure class=\"wp-block-image size-large\"><img loading=\"lazy\" width=\"1024\" height=\"1024\" data-id=\"5913\"  src=\"https:\/\/fcbuetschwil.ch\/neu\/wp-content\/uploads\/2023\/08\/IMG_7598-1024x1024.jpg\" alt=\"\" class=\"wp-image-5913\" srcset=\"https:\/\/fcbuetschwil.ch\/neu\/wp-content\/uploads\/2023\/08\/IMG_7598-1024x1024.jpg 1024w, https:\/\/fcbuetschwil.ch\/neu\/wp-content\/uploads\/2023\/08\/IMG_7598-1000x1000.jpg 1000w, https:\/\/fcbuetschwil.ch\/neu\/wp-content\/uploads\/2023\/08\/IMG_7598-768x768.jpg 768w, https:\/\/fcbuetschwil.ch\/neu\/wp-content\/uploads\/2023\/08\/IMG_7598-300x300.jpg 300w, https:\/\/fcbuetschwil.ch\/neu\/wp-content\/uploads\/2023\/08\/IMG_7598-1536x1536.jpg 1536w, https:\/\/fcbuetschwil.ch\/neu\/wp-content\/uploads\/2023\/08\/IMG_7598.jpg 2033w\" sizes=\"(max-width: 1024px) 100vw, 1024px\" \/><\/figure>\n\n\n\n<figure class=\"wp-block-image size-large\"><img loading=\"lazy\" width=\"1024\" height=\"1024\" data-id=\"5917\"  src=\"https:\/\/fcbuetschwil.ch\/neu\/wp-content\/uploads\/2023\/08\/IMG_7601-1024x1024.jpg\" alt=\"\" class=\"wp-image-5917\" srcset=\"https:\/\/fcbuetschwil.ch\/neu\/wp-content\/uploads\/2023\/08\/IMG_7601-1024x1024.jpg 1024w, https:\/\/fcbuetschwil.ch\/neu\/wp-content\/uploads\/2023\/08\/IMG_7601-1000x1000.jpg 1000w, https:\/\/fcbuetschwil.ch\/neu\/wp-content\/uploads\/2023\/08\/IMG_7601-768x768.jpg 768w, https:\/\/fcbuetschwil.ch\/neu\/wp-content\/uploads\/2023\/08\/IMG_7601-300x300.jpg 300w, https:\/\/fcbuetschwil.ch\/neu\/wp-content\/uploads\/2023\/08\/IMG_7601-1536x1536.jpg 1536w, https:\/\/fcbuetschwil.ch\/neu\/wp-content\/uploads\/2023\/08\/IMG_7601-2048x2048.jpg 2048w\" sizes=\"(max-width: 1024px) 100vw, 1024px\" \/><\/figure>\n\n\n\n<figure class=\"wp-block-image size-large\"><img loading=\"lazy\" width=\"1024\" height=\"1024\" data-id=\"5914\"  src=\"https:\/\/fcbuetschwil.ch\/neu\/wp-content\/uploads\/2023\/08\/IMG_7604-1024x1024.jpg\" alt=\"\" class=\"wp-image-5914\" srcset=\"https:\/\/fcbuetschwil.ch\/neu\/wp-content\/uploads\/2023\/08\/IMG_7604-1024x1024.jpg 1024w, https:\/\/fcbuetschwil.ch\/neu\/wp-content\/uploads\/2023\/08\/IMG_7604-1000x1000.jpg 1000w, https:\/\/fcbuetschwil.ch\/neu\/wp-content\/uploads\/2023\/08\/IMG_7604-768x768.jpg 768w, https:\/\/fcbuetschwil.ch\/neu\/wp-content\/uploads\/2023\/08\/IMG_7604-300x300.jpg 300w, https:\/\/fcbuetschwil.ch\/neu\/wp-content\/uploads\/2023\/08\/IMG_7604-1536x1536.jpg 1536w, https:\/\/fcbuetschwil.ch\/neu\/wp-content\/uploads\/2023\/08\/IMG_7604.jpg 1843w\" sizes=\"(max-width: 1024px) 100vw, 1024px\" \/><\/figure>\n\n\n\n<figure class=\"wp-block-image size-large\"><img loading=\"lazy\" width=\"1024\" height=\"1024\" data-id=\"5916\"  src=\"https:\/\/fcbuetschwil.ch\/neu\/wp-content\/uploads\/2023\/08\/IMG_7607-1024x1024.jpg\" alt=\"\" class=\"wp-image-5916\" srcset=\"https:\/\/fcbuetschwil.ch\/neu\/wp-content\/uploads\/2023\/08\/IMG_7607-1024x1024.jpg 1024w, https:\/\/fcbuetschwil.ch\/neu\/wp-content\/uploads\/2023\/08\/IMG_7607-1000x1000.jpg 1000w, https:\/\/fcbuetschwil.ch\/neu\/wp-content\/uploads\/2023\/08\/IMG_7607-768x768.jpg 768w, https:\/\/fcbuetschwil.ch\/neu\/wp-content\/uploads\/2023\/08\/IMG_7607-300x300.jpg 300w, https:\/\/fcbuetschwil.ch\/neu\/wp-content\/uploads\/2023\/08\/IMG_7607-1536x1536.jpg 1536w, https:\/\/fcbuetschwil.ch\/neu\/wp-content\/uploads\/2023\/08\/IMG_7607.jpg 1944w\" sizes=\"(max-width: 1024px) 100vw, 1024px\" \/><\/figure>\n\n\n\n<figure class=\"wp-block-image size-large\"><img loading=\"lazy\" width=\"1024\" height=\"1024\" data-id=\"5912\"  src=\"https:\/\/fcbuetschwil.ch\/neu\/wp-content\/uploads\/2023\/08\/IMG_7613-1024x1024.jpg\" alt=\"\" class=\"wp-image-5912\" srcset=\"https:\/\/fcbuetschwil.ch\/neu\/wp-content\/uploads\/2023\/08\/IMG_7613-1024x1024.jpg 1024w, https:\/\/fcbuetschwil.ch\/neu\/wp-content\/uploads\/2023\/08\/IMG_7613-1000x1000.jpg 1000w, https:\/\/fcbuetschwil.ch\/neu\/wp-content\/uploads\/2023\/08\/IMG_7613-768x768.jpg 768w, https:\/\/fcbuetschwil.ch\/neu\/wp-content\/uploads\/2023\/08\/IMG_7613-300x300.jpg 300w, https:\/\/fcbuetschwil.ch\/neu\/wp-content\/uploads\/2023\/08\/IMG_7613.jpg 1501w\" sizes=\"(max-width: 1024px) 100vw, 1024px\" \/><\/figure>\n<\/figure>\n\n\n\n<p><\/p>\n","protected":false},"excerpt":{"rendered":"<p>Im ersten Ernstkampf der Saison konnte das Damen 1 an die guten Leistungen in den Testspielen ankn\u00fcpfen. Gegen Ligakonkurrent Au-Berneck 05 gewinnen die Toggenburgerinnen gleich mit 6:0. Das Damen 1 war die gesamte Partie \u00fcber die spielbestimmende Mannschaft. Bereits in den ersten Minuten deuteten die Toggenburgerinnen ihre Absichten f\u00fcr das bevorstehende Cup-Spiel an. Die Ungenauigkeit&hellip;&nbsp;<a href=\"https:\/\/fcbuetschwil.ch\/neu\/matchbericht-damen-1-vs-fc-au-berneck-05-cup\/\" class=\"\" rel=\"bookmark\">Weiterlesen &raquo;<span class=\"screen-reader-text\">Matchbericht Damen 1 vs. FC Au-Berneck 05 (Cup)<\/span><\/a><\/p>\n","protected":false},"author":1,"featured_media":5910,"comment_status":"open","ping_status":"open","sticky":false,"template":"","format":"standard","meta":{"inline_featured_image":false,"_mi_skip_tracking":false,"kia_subtitle":"Souver\u00e4ner Sieg in der ersten Cuprunde","neve_meta_sidebar":"","neve_meta_container":"","neve_meta_enable_content_width":"","neve_meta_content_width":0,"neve_meta_title_alignment":"","neve_meta_author_avatar":"","neve_post_elements_order":"","neve_meta_disable_header":"","neve_meta_disable_footer":"","neve_meta_disable_title":""},"categories":[3],"tags":[],"_links":{"self":[{"href":"https:\/\/fcbuetschwil.ch\/neu\/wp-json\/wp\/v2\/posts\/5909"}],"collection":[{"href":"https:\/\/fcbuetschwil.ch\/neu\/wp-json\/wp\/v2\/posts"}],"about":[{"href":"https:\/\/fcbuetschwil.ch\/neu\/wp-json\/wp\/v2\/types\/post"}],"author":[{"embeddable":true,"href":"https:\/\/fcbuetschwil.ch\/neu\/wp-json\/wp\/v2\/users\/1"}],"replies":[{"embeddable":true,"href":"https:\/\/fcbuetschwil.ch\/neu\/wp-json\/wp\/v2\/comments?post=5909"}],"version-history":[{"count":4,"href":"https:\/\/fcbuetschwil.ch\/neu\/wp-json\/wp\/v2\/posts\/5909\/revisions"}],"predecessor-version":[{"id":5938,"href":"https:\/\/fcbuetschwil.ch\/neu\/wp-json\/wp\/v2\/posts\/5909\/revisions\/5938"}],"wp:featuredmedia":[{"embeddable":true,"href":"https:\/\/fcbuetschwil.ch\/neu\/wp-json\/wp\/v2\/media\/5910"}],"wp:attachment":[{"href":"https:\/\/fcbuetschwil.ch\/neu\/wp-json\/wp\/v2\/media?parent=5909"}],"wp:term":[{"taxonomy":"category","embeddable":true,"href":"https:\/\/fcbuetschwil.ch\/neu\/wp-json\/wp\/v2\/categories?post=5909"},{"taxonomy":"post_tag","embeddable":true,"href":"https:\/\/fcbuetschwil.ch\/neu\/wp-json\/wp\/v2\/tags?post=5909"}],"curies":[{"name":"wp","href":"https:\/\/api.w.org\/{rel}","templated":true}]}}