{"id":5797,"date":"2023-06-08T17:52:29","date_gmt":"2023-06-08T15:52:29","guid":{"rendered":"https:\/\/fcbuetschwil.ch\/neu\/?p=5797"},"modified":"2023-06-08T18:01:47","modified_gmt":"2023-06-08T16:01:47","slug":"der-fc-buetschwil-empfaengt-den-fc-st-gallen-1879-an-seinem-dorf-und-gruempelturnier","status":"publish","type":"post","link":"https:\/\/fcbuetschwil.ch\/neu\/der-fc-buetschwil-empfaengt-den-fc-st-gallen-1879-an-seinem-dorf-und-gruempelturnier\/","title":{"rendered":"Der FC B\u00fctschwil empf\u00e4ngt den FC St. Gallen 1879 an seinem Dorf- und Gr\u00fcmpelturnier"},"content":{"rendered":"\n<p>Am Montag, dem 19. Juni 2023, beginnt der FC St.Gallen 1879 seine Vorbereitungen f\u00fcr die kommende Saison. Vom Mittwoch, dem 21. Juni, bis zum Sonntag, dem 25. Juni, wird die Mannschaft unter dem Namen &#8222;Espen on Tour&#8220; in der Ostschweiz unterwegs sein.<\/p>\n\n\n\n<p>An verschiedenen Standorten in der Region wird das Team von Peter Zeidler t\u00e4glich Trainingseinheiten absolvieren und gleichzeitig die Gelegenheit f\u00fcr ein Treffen und Kennenlernen bieten. <strong>Am Samstag, 24. Juni macht der FCSG auf der Sportanlage Breite in B\u00fctschwil halt<\/strong>. Der Mannschaftsbus wird um zirka 14:45 erwartet. Das Training startet ungef\u00e4hr um 15:30. Nach dem Training stellen sich die Spieler der 1. Mannschaft des FCSG f\u00fcr Fotos und Autogramme zur Verf\u00fcgung.<\/p>\n\n\n\n<p>Im Festzelt des Gr\u00fcmpelturniers k\u00f6nnen sich die Kinder ab 13:00 in gr\u00fcn weissen Farben schminken lassen. <\/p>\n\n\n\n<p>Somit wird es \u00fcber das Wochenende vom 23. und 24. Juni in B\u00fctschwil zu sehr ereignisreichen Tagen kommen. Auf dem Sportplatz Breite findet dann n\u00e4mlich auch das traditionelle Dorf- und Gr\u00fcmpelturnier des FC B\u00fctschwil statt.<\/p>\n\n\n\n<p>Das Organisationskomitee bittet die Besucherinnen und Besucher, wenn immer m\u00f6glich mit \u00d6V anzureisen, da nur eine limitierte Anzahl an Parkpl\u00e4tzen zur Verf\u00fcgung stehen.<\/p>\n\n\n\n<p>Der FC B\u00fctschwil freut sich \u00fcber jeden Besuch, egal ob als Teilnehmerin und Teilnehmer, Zuschauerin und Zuschauer, Fan oder Party-Gast.<\/p>\n","protected":false},"excerpt":{"rendered":"<p>Am Montag, dem 19. Juni 2023, beginnt der FC St.Gallen 1879 seine Vorbereitungen f\u00fcr die kommende Saison. Vom Mittwoch, dem 21. Juni, bis zum Sonntag, dem 25. Juni, wird die Mannschaft unter dem Namen &#8222;Espen on Tour&#8220; in der Ostschweiz unterwegs sein. An verschiedenen Standorten in der Region wird das Team von Peter Zeidler t\u00e4glich&hellip;&nbsp;<a href=\"https:\/\/fcbuetschwil.ch\/neu\/der-fc-buetschwil-empfaengt-den-fc-st-gallen-1879-an-seinem-dorf-und-gruempelturnier\/\" class=\"\" rel=\"bookmark\">Weiterlesen &raquo;<span class=\"screen-reader-text\">Der FC B\u00fctschwil empf\u00e4ngt den FC St. Gallen 1879 an seinem Dorf- und Gr\u00fcmpelturnier<\/span><\/a><\/p>\n","protected":false},"author":1,"featured_media":5798,"comment_status":"open","ping_status":"open","sticky":false,"template":"","format":"standard","meta":{"inline_featured_image":false,"_mi_skip_tracking":false,"kia_subtitle":"","neve_meta_sidebar":"","neve_meta_container":"","neve_meta_enable_content_width":"","neve_meta_content_width":0,"neve_meta_title_alignment":"","neve_meta_author_avatar":"","neve_post_elements_order":"","neve_meta_disable_header":"","neve_meta_disable_footer":"","neve_meta_disable_title":""},"categories":[34],"tags":[],"_links":{"self":[{"href":"https:\/\/fcbuetschwil.ch\/neu\/wp-json\/wp\/v2\/posts\/5797"}],"collection":[{"href":"https:\/\/fcbuetschwil.ch\/neu\/wp-json\/wp\/v2\/posts"}],"about":[{"href":"https:\/\/fcbuetschwil.ch\/neu\/wp-json\/wp\/v2\/types\/post"}],"author":[{"embeddable":true,"href":"https:\/\/fcbuetschwil.ch\/neu\/wp-json\/wp\/v2\/users\/1"}],"replies":[{"embeddable":true,"href":"https:\/\/fcbuetschwil.ch\/neu\/wp-json\/wp\/v2\/comments?post=5797"}],"version-history":[{"count":3,"href":"https:\/\/fcbuetschwil.ch\/neu\/wp-json\/wp\/v2\/posts\/5797\/revisions"}],"predecessor-version":[{"id":5802,"href":"https:\/\/fcbuetschwil.ch\/neu\/wp-json\/wp\/v2\/posts\/5797\/revisions\/5802"}],"wp:featuredmedia":[{"embeddable":true,"href":"https:\/\/fcbuetschwil.ch\/neu\/wp-json\/wp\/v2\/media\/5798"}],"wp:attachment":[{"href":"https:\/\/fcbuetschwil.ch\/neu\/wp-json\/wp\/v2\/media?parent=5797"}],"wp:term":[{"taxonomy":"category","embeddable":true,"href":"https:\/\/fcbuetschwil.ch\/neu\/wp-json\/wp\/v2\/categories?post=5797"},{"taxonomy":"post_tag","embeddable":true,"href":"https:\/\/fcbuetschwil.ch\/neu\/wp-json\/wp\/v2\/tags?post=5797"}],"curies":[{"name":"wp","href":"https:\/\/api.w.org\/{rel}","templated":true}]}}